{"id":92624,"date":"2023-10-04T09:51:29","date_gmt":"2023-10-04T12:51:29","guid":{"rendered":"https:\/\/corrientesdetarde.com\/?p=92624"},"modified":"2023-10-04T09:51:41","modified_gmt":"2023-10-04T12:51:41","slug":"un-joven-murio-apunalado-en-la-localidad-de-santo-tome","status":"publish","type":"post","link":"https:\/\/corrientesdetarde.com\/index.php\/crimen-y-justicia\/un-joven-murio-apunalado-en-la-localidad-de-santo-tome\/","title":{"rendered":"\u00a0un joven muri\u00f3 apu\u00f1alado en la localidad de Santo Tom\u00e9"},"content":{"rendered":"\n<p>Seg\u00fan las primeras averiguaciones efectuadas y la informaci\u00f3n preliminar obtenida, en horas de la tarde-noche de ayer 3-10-23, en inmediaciones de las calles Perkins Hidalgo y Alejo L\u00f3pez, de la ciudad de Santo Tome-por causas y circunstancias que se tratan de establecer-; \u00a0se habr\u00eda producido alguna clase de altercado entre unos j\u00f3venes y durante el cual, uno de ellos de 24 a\u00f1os, habr\u00eda resultado con lesiones de arma blanca en su humanidad, por lo cual fue auxiliado y trasladado al Hospital local, donde luego lamentablemente falleci\u00f3.<\/p>\n\n\n\n<p><br>Ante esta situaci\u00f3n, se dio intervenci\u00f3n al Sr. Fiscal, procedi\u00e9ndose en la oportunidad y en las inmediaciones del lugar del hecho, a la aprehensi\u00f3n de 3 j\u00f3venes, entre ellos un menor de 17 a\u00f1os de edad y como as\u00ed tambi\u00e9n, secuestraron un arma blanca, tipo pu\u00f1al.<\/p>\n\n\n\n<p><br>El cuerpo del joven, fue trasladado a la morgue del mencionado hospital local, a los efectos de la realizaci\u00f3n de la autopsia m\u00e9dico legal mientras que, se prosiguen con las diligencias y tramites del caso; desconoci\u00e9ndose m\u00e1s detalles y pormenores que rodearon a este lamentable hecho.<\/p>\n","protected":false},"excerpt":{"rendered":"<p>Seg\u00fan las primeras averiguaciones efectuadas y la informaci\u00f3n preliminar obtenida, en horas de la tarde-noche de ayer 3-10-23, en inmediaciones de las calles Perkins Hidalgo y Alejo L\u00f3pez, de la&hellip; <\/p>\n","protected":false},"author":1,"featured_media":92640,"comment_status":"closed","ping_status":"open","sticky":false,"template":"","format":"standard","meta":{"footnotes":""},"categories":[5],"tags":[],"class_list":["post-92624","post","type-post","status-publish","format-standard","has-post-thumbnail","hentry","category-crimen-y-justicia"],"_links":{"self":[{"href":"https:\/\/corrientesdetarde.com\/index.php\/wp-json\/wp\/v2\/posts\/92624","targetHints":{"allow":["GET"]}}],"collection":[{"href":"https:\/\/corrientesdetarde.com\/index.php\/wp-json\/wp\/v2\/posts"}],"about":[{"href":"https:\/\/corrientesdetarde.com\/index.php\/wp-json\/wp\/v2\/types\/post"}],"author":[{"embeddable":true,"href":"https:\/\/corrientesdetarde.com\/index.php\/wp-json\/wp\/v2\/users\/1"}],"replies":[{"embeddable":true,"href":"https:\/\/corrientesdetarde.com\/index.php\/wp-json\/wp\/v2\/comments?post=92624"}],"version-history":[{"count":1,"href":"https:\/\/corrientesdetarde.com\/index.php\/wp-json\/wp\/v2\/posts\/92624\/revisions"}],"predecessor-version":[{"id":92641,"href":"https:\/\/corrientesdetarde.com\/index.php\/wp-json\/wp\/v2\/posts\/92624\/revisions\/92641"}],"wp:featuredmedia":[{"embeddable":true,"href":"https:\/\/corrientesdetarde.com\/index.php\/wp-json\/wp\/v2\/media\/92640"}],"wp:attachment":[{"href":"https:\/\/corrientesdetarde.com\/index.php\/wp-json\/wp\/v2\/media?parent=92624"}],"wp:term":[{"taxonomy":"category","embeddable":true,"href":"https:\/\/corrientesdetarde.com\/index.php\/wp-json\/wp\/v2\/categories?post=92624"},{"taxonomy":"post_tag","embeddable":true,"href":"https:\/\/corrientesdetarde.com\/index.php\/wp-json\/wp\/v2\/tags?post=92624"}],"curies":[{"name":"wp","href":"https:\/\/api.w.org\/{rel}","templated":true}]}}