{"id":92645,"date":"2023-10-04T10:36:01","date_gmt":"2023-10-04T13:36:01","guid":{"rendered":"https:\/\/corrientesdetarde.com\/?p=92645"},"modified":"2023-10-04T10:36:13","modified_gmt":"2023-10-04T13:36:13","slug":"inician-capacitaciones-para-formacion-y-profesionalizacion-en-oficios-artisticos","status":"publish","type":"post","link":"https:\/\/corrientesdetarde.com\/index.php\/educacion\/inician-capacitaciones-para-formacion-y-profesionalizacion-en-oficios-artisticos\/","title":{"rendered":"Inician capacitaciones para formaci\u00f3n y profesionalizaci\u00f3n en oficios art\u00edsticos"},"content":{"rendered":"\n<p><em>Organizado por la Municipalidad, este jueves 5 de octubre por la tarde se dictar\u00e1 en el Espacio Mari\u00f1o un curso de gesti\u00f3n cultural a cargo de Francisco Ben\u00edtez. Est\u00e1n programos adem\u00e1s talleres sobre pl\u00e1stica esc\u00e9nica, marca personal y fotograf\u00eda. Los interesados pueden a\u00fan inscribirse al link:&nbsp;<a href=\"https:\/\/ciudaddecorrientes.us12.list-manage.com\/track\/click?u=253e4bcff71216c6af771c3c9&amp;id=eefca4e49e&amp;e=17643edfa8\" target=\"_blank\" rel=\"noreferrer noopener\">bit.ly\/inscripcionesCREARmas<\/a><\/em><\/p>\n\n\n\n<p>La Municipalidad de Corrientes, a trav\u00e9s de la Secretar\u00eda de Cultura y Educaci\u00f3n, pone a disposici\u00f3n durante el mes de octubre la segunda parte de los talleres CREAR + con cuatro capacitaciones gratuitas que apuntan a la formaci\u00f3n y profesionalizaci\u00f3n de artistas y trabajadores de la cultura. \u00a0\u00a0<br><br>El subsecretario de Desarrollo y Producci\u00f3n Cultural del municipio, Federico Maceri, manifest\u00f3 que \u201ca trav\u00e9s de Crear + procuramos brindar herramientas \u00fatiles, modernas, innovadoras y efectivas para que los artistas y trabajadores culturales puedan desandar su camino profesional dentro del arte\u201d.<br><br>El funcionario puntualiz\u00f3 que \u201ctodos los cursos de Crear + son p\u00fablicos y gratuitos, y lo vamos a desarrollar en distintos horarios, fechas y lugares de la ciudad, como los espacios culturales municipales de la Casa del Bicentenario, Casa Molinas, el Centro Cultural Adolfo Mors y tambi\u00e9n la sala de capacitaci\u00f3n de la Oficina de Empleos\u201d.<\/p>\n\n\n\n<figure class=\"wp-block-image size-large\"><img loading=\"lazy\" decoding=\"async\" width=\"1024\" height=\"682\" src=\"https:\/\/corrientesdetarde.com\/wp-content\/uploads\/2023\/10\/image-110-1024x682.png\" alt=\"\" class=\"wp-image-92646\" srcset=\"https:\/\/corrientesdetarde.com\/wp-content\/uploads\/2023\/10\/image-110-1024x682.png 1024w, https:\/\/corrientesdetarde.com\/wp-content\/uploads\/2023\/10\/image-110-300x200.png 300w, https:\/\/corrientesdetarde.com\/wp-content\/uploads\/2023\/10\/image-110-768x512.png 768w, https:\/\/corrientesdetarde.com\/wp-content\/uploads\/2023\/10\/image-110.png 1280w\" sizes=\"auto, (max-width: 1024px) 100vw, 1024px\" \/><\/figure>\n\n\n\n<p><br><br>Crear +, como programa de formaci\u00f3n e innovaci\u00f3n cultural para artistas y trabajadores culturales, trabaja de forma mancomunada con otros programas que tambi\u00e9n forman parte de esta pol\u00edtica cultural.\u00a0<br><br>Al respecto, Maseri agreg\u00f3 que a trav\u00e9s de estos talleres \u201ccombinamos l\u00edneas especiales de capacitaciones para brindar herramientas a los artistas, que tambi\u00e9n van a tener la oportunidad de desarrollar estos conocimientos y tener una primera experiencia segura, cuidada, con el respeto y el tiempo que se merecen, en distintos escenarios como los generados por Creo Corrientes, Teatro Mboyer\u00e9 y otras propuestas que venimos desarrollando, a trav\u00e9s de la gesti\u00f3n de Eduardo Tassano\u201d.<br><br>Por su parte, la directora General de Desarrollo y Producci\u00f3n Cultural municipal, Keren Anderson, se\u00f1al\u00f3 que \u201ccontamos con una grilla muy interesante de talleres y capacitaciones de nuestro programa Crear + \u00a0para este mes de octubre que consistir\u00e1n en cuatro talleres que abarcan diversas tem\u00e1ticas art\u00edsticas\u201d.<br><br>Anderson indic\u00f3 que los interesados en participar de los talleres podr\u00e1n registrar su inscripci\u00f3n al link:\u00a0<a rel=\"noreferrer noopener\" href=\"https:\/\/ciudaddecorrientes.us12.list-manage.com\/track\/click?u=253e4bcff71216c6af771c3c9&amp;id=9404c5988e&amp;e=17643edfa8\" target=\"_blank\">bit.ly\/inscripcionesCREARmas<\/a>\u00a0y que en el caso de existir cupo disponible, lo podr\u00e1n hacer el mismo d\u00eda de la capacitaci\u00f3n inclusive.<br><br>CUATRO TALLERES\u00a0<br>La primera capacitaci\u00f3n del mes se denomina \u00a1A los bifes!, a cargo del gestor cultural Francisco Ben\u00edtez y se llevar\u00e1 a cabo este jueves 5 de octubre, a partir de las 18, en el Centro Cultural Espacio Mari\u00f1o, ubicado en calle Santa Fe 847.<br><br>En tanto, el viernes 6 se realizar\u00e1 desde las 17,30 en el Centro Cultural Adolfo Mors del parque Camb\u00e1 Cu\u00e1 (Pellegrini 542) un taller Master Class sobre \u201cPl\u00e1stica esc\u00e9nica&#8221;. Enfoques est\u00e9ticos posibles\u201d, a cargo de Edgardo Fr\u00edas.<br><br>Asimismo, la estilista visual, Luna Kachuk, brindar\u00e1 una capacitaci\u00f3n denominada \u201cMarca Personal: el valor de lo genuino\u201d, que tendr\u00e1 lugar el s\u00e1bado 14 de octubre desde las 17,30 en el Centro Cultural Adolfo Mors.<\/p>\n\n\n\n<figure class=\"wp-block-embed is-type-video is-provider-youtube wp-block-embed-youtube wp-embed-aspect-16-9 wp-has-aspect-ratio\"><div class=\"wp-block-embed__wrapper\">\n<iframe loading=\"lazy\" title=\"Inician capacitaciones para formaci\u00f3n y profesionalizaci\u00f3n en oficios art\u00edsticos\" width=\"1110\" height=\"624\" src=\"https:\/\/www.youtube.com\/embed\/bdHYCdoGMho?feature=oembed\" frameborder=\"0\" allow=\"accelerometer; autoplay; clipboard-write; encrypted-media; gyroscope; picture-in-picture; web-share\" allowfullscreen><\/iframe>\n<\/div><\/figure>\n\n\n\n<p><br><br>Finalmente, el viernes 20 de octubre se llevar\u00e1 adelante un taller de \u201cFotograf\u00eda, t\u00e9cnicas y conceptos elementales\u201d, a cargo de la realizadora audiovisual, Mar\u00eda Carolina G\u00f3mez. El mismo tendr\u00e1 lugar, desde las 17,30, en el Espacio Cultural Radio Caf\u00e9, de calle 9 de Julio 1632.<\/p>\n","protected":false},"excerpt":{"rendered":"<p>Organizado por la Municipalidad, este jueves 5 de octubre por la tarde se dictar\u00e1 en el Espacio Mari\u00f1o un curso de gesti\u00f3n cultural a cargo de Francisco Ben\u00edtez. Est\u00e1n programos&hellip; <\/p>\n","protected":false},"author":1,"featured_media":92647,"comment_status":"closed","ping_status":"open","sticky":false,"template":"","format":"standard","meta":{"footnotes":""},"categories":[32],"tags":[],"class_list":["post-92645","post","type-post","status-publish","format-standard","has-post-thumbnail","hentry","category-educacion"],"_links":{"self":[{"href":"https:\/\/corrientesdetarde.com\/index.php\/wp-json\/wp\/v2\/posts\/92645","targetHints":{"allow":["GET"]}}],"collection":[{"href":"https:\/\/corrientesdetarde.com\/index.php\/wp-json\/wp\/v2\/posts"}],"about":[{"href":"https:\/\/corrientesdetarde.com\/index.php\/wp-json\/wp\/v2\/types\/post"}],"author":[{"embeddable":true,"href":"https:\/\/corrientesdetarde.com\/index.php\/wp-json\/wp\/v2\/users\/1"}],"replies":[{"embeddable":true,"href":"https:\/\/corrientesdetarde.com\/index.php\/wp-json\/wp\/v2\/comments?post=92645"}],"version-history":[{"count":1,"href":"https:\/\/corrientesdetarde.com\/index.php\/wp-json\/wp\/v2\/posts\/92645\/revisions"}],"predecessor-version":[{"id":92648,"href":"https:\/\/corrientesdetarde.com\/index.php\/wp-json\/wp\/v2\/posts\/92645\/revisions\/92648"}],"wp:featuredmedia":[{"embeddable":true,"href":"https:\/\/corrientesdetarde.com\/index.php\/wp-json\/wp\/v2\/media\/92647"}],"wp:attachment":[{"href":"https:\/\/corrientesdetarde.com\/index.php\/wp-json\/wp\/v2\/media?parent=92645"}],"wp:term":[{"taxonomy":"category","embeddable":true,"href":"https:\/\/corrientesdetarde.com\/index.php\/wp-json\/wp\/v2\/categories?post=92645"},{"taxonomy":"post_tag","embeddable":true,"href":"https:\/\/corrientesdetarde.com\/index.php\/wp-json\/wp\/v2\/tags?post=92645"}],"curies":[{"name":"wp","href":"https:\/\/api.w.org\/{rel}","templated":true}]}}