{"id":92743,"date":"2023-10-04T15:57:19","date_gmt":"2023-10-04T18:57:19","guid":{"rendered":"https:\/\/corrientesdetarde.com\/?p=92743"},"modified":"2023-10-04T15:57:31","modified_gmt":"2023-10-04T18:57:31","slug":"cambio-climatico-francisco-alerto-que-el-mundo-va-hacia-un-punto-de-quiebre-y-cuestiono-a-los-negacionistas","status":"publish","type":"post","link":"https:\/\/corrientesdetarde.com\/index.php\/internacionales\/cambio-climatico-francisco-alerto-que-el-mundo-va-hacia-un-punto-de-quiebre-y-cuestiono-a-los-negacionistas\/","title":{"rendered":"Cambio clim\u00e1tico: Francisco alert\u00f3 que el mundo va hacia un punto de quiebre y cuestion\u00f3 a los negacionistas"},"content":{"rendered":"\n<p>Lo hizo a trav\u00e9s de una nueva exhortaci\u00f3n apost\u00f3lica. Advirti\u00f3 sobre la inacci\u00f3n pol\u00edtica y los intereses econ\u00f3micos ante el calentamiento global.<\/p>\n\n\n\n<p>En su exhortaci\u00f3n apost\u00f3lica \u201c<em>Laudate Deum<\/em>\u201d, el\u00a0Papa Francisco\u00a0advirti\u00f3 que el mundo va hacia un \u201c<strong>un punto de quiebre<\/strong>\u201d como consecuencia del\u00a0cambio climatico\u00a0y pidi\u00f3 adoptar una transici\u00f3n energ\u00e9tica \u201cvinculante\u201d en la pr\u00f3xima cumbre clim\u00e1tica de las Naciones Unidas,\u00a0<strong>COP28<\/strong>, en Dubai.<\/p>\n\n\n\n<p>El documento, publicado este mi\u00e9rcoles en Roma, alert\u00f3 sobre la \u201cinacci\u00f3n pol\u00edtica y los intereses econ\u00f3micos ante la crisis clim\u00e1tica global, mientras\u00a0<strong>el mundo que nos acoge se va desmoronando<\/strong>\u00a0y quiz\u00e1s acerc\u00e1ndose a un punto de quiebre\u201d.<\/p>\n\n\n\n<p>Francisco&nbsp;<strong>cuestion\u00f3 en su escrito a los negacionistas del calentamiento del planeta<\/strong>: \u201cPor m\u00e1s que se pretendan negar, esconder, disimular o relativizar, los<strong>&nbsp;signos del cambio clim\u00e1tico est\u00e1n ah\u00ed,<\/strong>&nbsp;cada vez m\u00e1s patentes. Nadie puede ignorar que en los \u00faltimos a\u00f1os hemos sido testigos de fen\u00f3menos extremos, per\u00edodos frecuentes de calor inusual, sequ\u00eda y otros quejidos de la Tierra, que son solo algunas expresiones palpables de una enfermedad silenciosa que nos afecta a todos\u201d, escribi\u00f3<\/p>\n\n\n\n<p>Se trata de una continuaci\u00f3n de su llamada enc\u00edclica verde \u201c<em>Laudato Si<\/em>\u201d publicada hace 8 a\u00f1os.<\/p>\n\n\n\n<h2 class=\"wp-block-heading\">Qu\u00e9 dijo Jorge Bergoglio sobre el calentamiento global<\/h2>\n\n\n\n<p>El pont\u00edfice public\u00f3 esta exhortaci\u00f3n apost\u00f3lica a menos de dos meses del inicio de una nueva ronda de conversaciones clim\u00e1ticas de la ONU.<\/p>\n\n\n\n<p>La gran cita anual del clima tendr\u00e1 lugar del 30 de noviembre al 12 de diciembre en Dubai, en Emiratos \u00c1rabes Unidos, un gran productor de hidrocarburos cuya elecci\u00f3n fue criticada por ambientalistas. El presidente de la cumbre ser\u00e1 el Dr. Sult\u00e1n Al Jaber, CEO de la petrolera nacional ADNOC.<\/p>\n\n\n\n<figure class=\"wp-block-image\"><img decoding=\"async\" src=\"https:\/\/tn.com.ar\/resizer\/b8s5rGBnOdWR9BI-jaP1wl8hJac=\/767x0\/smart\/filters:format(webp)\/cloudfront-us-east-1.images.arcpublishing.com\/artear\/MAI253IQBFEZLDTJTPMNIA7GVY.jfif\" alt=\"La nueva exhortaci\u00f3n apost\u00f3lica Laudato Deum fue fue publicada este mi\u00e9rcoles en Roma (Foto: Reuters)\"\/><\/figure>\n\n\n\n<p>En el texto de 12 p\u00e1ginas, escrito en espa\u00f1ol y traducido a varios idiomas, el Papa argentino hizo un llamado a aprovechar esa cita, de manera que genere&nbsp;<strong>\u201ccompromisos efectivos\u201d<\/strong>. Adem\u00e1s, arremeti\u00f3 contra las personas que en los \u00faltimos a\u00f1os, e incluso en el seno de la Iglesia cat\u00f3lica, \u201cpretendieron burlarse\u201d de la constataci\u00f3n de los estragos causados por el calentamiento global.<\/p>\n\n\n\n<p>\u201dSi hay un inter\u00e9s sincero en lograr que la COP28 sea hist\u00f3rica (&#8230;),\u00a0<strong>solo cabe esperar formas vinculantes de transici\u00f3n energ\u00e9tica<\/strong>\u00a0que tengan tres caracter\u00edsticas: que sean eficientes, que sean obligatorias y que se puedan monitorear f\u00e1cilmente\u201d, destac\u00f3 Francisco en su exhortaci\u00f3n apost\u00f3lica\u00a0<em>Laudate Deum<\/em>\u00a0(Alaben a Dios, en lat\u00edn).<\/p>\n\n\n\n<p>La publicaci\u00f3n coincidi\u00f3 con la apertura en Roma del S\u00ednodo de Obispos, que durante cuatro semanas examinar\u00e1 temas candentes en la Iglesia cat\u00f3lica como el lugar de las mujeres y los creyentes LGBTQ en la instituci\u00f3n.<\/p>\n\n\n\n<h2 class=\"wp-block-heading\">Francisco pide mitigar las actividades causantes del cambio clim\u00e1tico<\/h2>\n\n\n\n<p>En el escrito, Jorge Bergoglio consider\u00f3 que \u201cla transici\u00f3n que se necesita hacia energ\u00edas limpias como la e\u00f3lica y la solar, abandonando los combustibles f\u00f3siles,&nbsp;<strong>no tiene la velocidad necesaria\u201d.<\/strong><\/p>\n\n\n\n<p>Adem\u00e1s, advirti\u00f3 sobre el riesgo de concentrarse en la adaptaci\u00f3n a los efectos ya consumados del cambio clim\u00e1tico.\u201dCorremos el riesgo de quedarnos encerrados en la<strong>&nbsp;l\u00f3gica de emparchar,<\/strong>&nbsp;colocar remiendos, atar con alambre, mientras por lo bajo avanza un proceso de deterioro que continuamos alimentando\u201d, enfatiz\u00f3.<\/p>\n\n\n\n<figure class=\"wp-block-image\"><img decoding=\"async\" src=\"https:\/\/tn.com.ar\/resizer\/h6TFrEVtJl4GydaoMq2WqR0ACEM=\/767x0\/smart\/filters:format(webp)\/cloudfront-us-east-1.images.arcpublishing.com\/artear\/FEPADZWLBVBE7ICUPD6GJKQXNU.jpg\" alt=\"El Papa se mete de lleno en el debate sobre el cambio clim\u00e1tico (Foto: Adobe Stock)\"\/><\/figure>\n\n\n\n<p>\u201dSuponer que cualquier problema futuro podr\u00e1 ser resuelto con nuevas intervenciones t\u00e9cnicas es un pragmatismo homicida, como patear hacia adelante una bola de nieve\u201d, argument\u00f3.<\/p>\n\n\n\n<p>En una fuerte cr\u00edtica a la inacci\u00f3n pol\u00edtica, Francisco subray\u00f3 que \u201clas negociaciones internacionales no pueden avanzar significativamente por las posiciones de los pa\u00edses que privilegian sus intereses nacionales sobre el bien com\u00fan global. Terminemos de una vez con las burlas irresponsables que presentan este tema como algo solo ambiental, verde, rom\u00e1ntico, frecuentemente ridiculizado por los intereses econ\u00f3micos\u201d, apunt\u00f3.<\/p>\n\n\n\n<p>La fecha elegida para la difusi\u00f3n del documento tiene un valor simb\u00f3lico, al producirse en la festividad de Francisco de As\u00eds, el santo que seg\u00fan la tradici\u00f3n hablaba a los animales, y al que se encomienda al inicio del texto.<\/p>\n\n\n\n<p>En 2015, la enc\u00edclica \u201c<em>Laudato Si<\/em>\u201d, un manifiesto de 200 p\u00e1ginas por la protecci\u00f3n del medio ambiente, desat\u00f3 un debate a nivel mundial y suscit\u00f3 comentarios en revistas cient\u00edficas, algo in\u00e9dito trat\u00e1ndose de un texto religioso. Meses m\u00e1s tarde se logr\u00f3 un avance mayor con el hist\u00f3rico Acuerdo de Par\u00eds, en el que la comunidad internacional estableci\u00f3 el objetivo de limitar idealmente el calentamiento a 1,5 \u00baC respecto a la era preindustrial.<\/p>\n","protected":false},"excerpt":{"rendered":"<p>Lo hizo a trav\u00e9s de una nueva exhortaci\u00f3n apost\u00f3lica. Advirti\u00f3 sobre la inacci\u00f3n pol\u00edtica y los intereses econ\u00f3micos ante el calentamiento global. En su exhortaci\u00f3n apost\u00f3lica \u201cLaudate Deum\u201d, el\u00a0Papa Francisco\u00a0advirti\u00f3&hellip; <\/p>\n","protected":false},"author":8,"featured_media":92744,"comment_status":"closed","ping_status":"open","sticky":false,"template":"","format":"standard","meta":{"footnotes":""},"categories":[11],"tags":[],"class_list":["post-92743","post","type-post","status-publish","format-standard","has-post-thumbnail","hentry","category-internacionales"],"_links":{"self":[{"href":"https:\/\/corrientesdetarde.com\/index.php\/wp-json\/wp\/v2\/posts\/92743","targetHints":{"allow":["GET"]}}],"collection":[{"href":"https:\/\/corrientesdetarde.com\/index.php\/wp-json\/wp\/v2\/posts"}],"about":[{"href":"https:\/\/corrientesdetarde.com\/index.php\/wp-json\/wp\/v2\/types\/post"}],"author":[{"embeddable":true,"href":"https:\/\/corrientesdetarde.com\/index.php\/wp-json\/wp\/v2\/users\/8"}],"replies":[{"embeddable":true,"href":"https:\/\/corrientesdetarde.com\/index.php\/wp-json\/wp\/v2\/comments?post=92743"}],"version-history":[{"count":1,"href":"https:\/\/corrientesdetarde.com\/index.php\/wp-json\/wp\/v2\/posts\/92743\/revisions"}],"predecessor-version":[{"id":92745,"href":"https:\/\/corrientesdetarde.com\/index.php\/wp-json\/wp\/v2\/posts\/92743\/revisions\/92745"}],"wp:featuredmedia":[{"embeddable":true,"href":"https:\/\/corrientesdetarde.com\/index.php\/wp-json\/wp\/v2\/media\/92744"}],"wp:attachment":[{"href":"https:\/\/corrientesdetarde.com\/index.php\/wp-json\/wp\/v2\/media?parent=92743"}],"wp:term":[{"taxonomy":"category","embeddable":true,"href":"https:\/\/corrientesdetarde.com\/index.php\/wp-json\/wp\/v2\/categories?post=92743"},{"taxonomy":"post_tag","embeddable":true,"href":"https:\/\/corrientesdetarde.com\/index.php\/wp-json\/wp\/v2\/tags?post=92743"}],"curies":[{"name":"wp","href":"https:\/\/api.w.org\/{rel}","templated":true}]}}