{"id":92768,"date":"2023-10-04T16:19:19","date_gmt":"2023-10-04T19:19:19","guid":{"rendered":"https:\/\/corrientesdetarde.com\/?p=92768"},"modified":"2023-10-04T16:19:22","modified_gmt":"2023-10-04T19:19:22","slug":"patricia-bullrich-denuncio-a-javier-milei-por-haberle-dicho-que-era-montonera-y-tira-bombas","status":"publish","type":"post","link":"https:\/\/corrientesdetarde.com\/index.php\/politica\/patricia-bullrich-denuncio-a-javier-milei-por-haberle-dicho-que-era-montonera-y-tira-bombas\/","title":{"rendered":"Patricia Bullrich denunci\u00f3 a Javier Milei por haberle dicho que era \u201cmontonera\u201d y \u201ctira bombas\u201d"},"content":{"rendered":"\n<p>La exministra de Seguridad efectu\u00f3 dos presentaciones judiciales contra el libertario por calumnias e incitaci\u00f3n al odio.<\/p>\n\n\n\n<p>La candidata presidencial de Juntos por el Cambio, Patricia Bullrich, denunci\u00f3 penalmente al postulante de La Libertad Avanza, Javier Milei,&nbsp;<strong>por calumnias e injurias y por intimidaci\u00f3n p\u00fablica e incitaci\u00f3n al odio.<\/strong><\/p>\n\n\n\n<p>Se trata de dos delitos diferentes por las declaraciones del libertario en un programa de televisi\u00f3n del lunes. Destac\u00f3 que \u201cBullrich puso una bomba en un jard\u00edn de infantes\u201d y la defini\u00f3 como \u201cmontonera y tira bombas\u201d.<\/p>\n","protected":false},"excerpt":{"rendered":"<p>La exministra de Seguridad efectu\u00f3 dos presentaciones judiciales contra el libertario por calumnias e incitaci\u00f3n al odio. La candidata presidencial de Juntos por el Cambio, Patricia Bullrich, denunci\u00f3 penalmente al&hellip; <\/p>\n","protected":false},"author":8,"featured_media":92769,"comment_status":"closed","ping_status":"open","sticky":false,"template":"","format":"standard","meta":{"footnotes":""},"categories":[3],"tags":[],"class_list":["post-92768","post","type-post","status-publish","format-standard","has-post-thumbnail","hentry","category-politica"],"_links":{"self":[{"href":"https:\/\/corrientesdetarde.com\/index.php\/wp-json\/wp\/v2\/posts\/92768","targetHints":{"allow":["GET"]}}],"collection":[{"href":"https:\/\/corrientesdetarde.com\/index.php\/wp-json\/wp\/v2\/posts"}],"about":[{"href":"https:\/\/corrientesdetarde.com\/index.php\/wp-json\/wp\/v2\/types\/post"}],"author":[{"embeddable":true,"href":"https:\/\/corrientesdetarde.com\/index.php\/wp-json\/wp\/v2\/users\/8"}],"replies":[{"embeddable":true,"href":"https:\/\/corrientesdetarde.com\/index.php\/wp-json\/wp\/v2\/comments?post=92768"}],"version-history":[{"count":1,"href":"https:\/\/corrientesdetarde.com\/index.php\/wp-json\/wp\/v2\/posts\/92768\/revisions"}],"predecessor-version":[{"id":92770,"href":"https:\/\/corrientesdetarde.com\/index.php\/wp-json\/wp\/v2\/posts\/92768\/revisions\/92770"}],"wp:featuredmedia":[{"embeddable":true,"href":"https:\/\/corrientesdetarde.com\/index.php\/wp-json\/wp\/v2\/media\/92769"}],"wp:attachment":[{"href":"https:\/\/corrientesdetarde.com\/index.php\/wp-json\/wp\/v2\/media?parent=92768"}],"wp:term":[{"taxonomy":"category","embeddable":true,"href":"https:\/\/corrientesdetarde.com\/index.php\/wp-json\/wp\/v2\/categories?post=92768"},{"taxonomy":"post_tag","embeddable":true,"href":"https:\/\/corrientesdetarde.com\/index.php\/wp-json\/wp\/v2\/tags?post=92768"}],"curies":[{"name":"wp","href":"https:\/\/api.w.org\/{rel}","templated":true}]}}