{"id":92771,"date":"2023-10-04T16:26:26","date_gmt":"2023-10-04T19:26:26","guid":{"rendered":"https:\/\/corrientesdetarde.com\/?p=92771"},"modified":"2023-10-04T16:26:38","modified_gmt":"2023-10-04T19:26:38","slug":"el-dolar-financiero-salta-7-supera-los-900-y-le-marca-el-ritmo-al-blue","status":"publish","type":"post","link":"https:\/\/corrientesdetarde.com\/index.php\/nacionales\/el-dolar-financiero-salta-7-supera-los-900-y-le-marca-el-ritmo-al-blue\/","title":{"rendered":"El d\u00f3lar financiero salta 7%, supera los $900 y le marca el ritmo al blue"},"content":{"rendered":"\n<p>La demanda de divisas previa a las elecciones generales, la incertidumbre con respecto a la econom\u00eda a partir de diciembre y la aceleraci\u00f3n de la inflaci\u00f3n impulsan a las cotizaciones paralelas.<\/p>\n\n\n\n<p>En una nueva jornada de tensi\u00f3n,\u00a0las cotizaciones alternativas del d\u00f3lar vuelven a escalar. En el mercado financiero,\u00a0<strong>el contado con liquidaci\u00f3n salta 7,5% y se vende a $900,98<\/strong>. Se trata de la cotizaci\u00f3n que se obtiene mediante la compra de bonos en pesos y su posterior venta en d\u00f3lares (en especie C). Esta opci\u00f3n permite depositar las divisas resultantes en el exterior. Es una de las opciones\u00a0<strong>m\u00e1s usadas por las empresas.<\/strong><\/p>\n\n\n\n<p>La brecha con el tipo de cambio oficial mayorista\u00a0\u00a0-que sigue fijo en $350-\u00a0<strong>supera el 157%<\/strong>\u00a0y se acerca a los m\u00e1ximos que se vieron durante la crisis cambiaria de julio del a\u00f1o pasado.<\/p>\n\n\n\n<p>\u201cEn aquel momento, post renuncia de Guzm\u00e1n y durante el breve paso de Batakis por el ministerio de Econom\u00eda, el&nbsp;<em>spread&nbsp;<\/em>cambiario lleg\u00f3 a moverse apenas cinco ruedas por encima de los niveles actuales, llegando a tocar un pico de 160,8%, r\u00e9cord para los dos episodios de controles de cambios de este siglo\u201d, record\u00f3&nbsp;<em>Portfolio Personal Inversiones<\/em>.<\/p>\n\n\n\n<figure class=\"wp-block-image\"><img decoding=\"async\" src=\"https:\/\/tn.com.ar\/resizer\/sHEC79zWlop_1p3vnAf_g0KtO9E=\/767x0\/smart\/filters:format(webp)\/cloudfront-us-east-1.images.arcpublishing.com\/artear\/S2LSKRKXQ5AX7EWWZFN6HBJSVM.jpg\" alt=\"El d\u00f3lar financiero super\u00f3 los $900 y el blue toc\u00f3 los $850. (Foto: Adobe Stock)\"\/><\/figure>\n\n\n\n<p>En esa l\u00ednea, la casa de Bolsa advert\u00eda esta ma\u00f1ana que todav\u00eda quedaban 11 ruedas hasta las elecciones, en un contexto de deterioro de las expectativas pol\u00edticas, por lo que es \u201c<strong>altamente probable que esos m\u00e1ximos sean superados\u201d<\/strong>.<\/p>\n\n\n\n<p>La suba del contado con liquidaci\u00f3n se da a pesar de la reciente medida del Banco Central que&nbsp;<strong>permiti\u00f3 a las empresas ingresar divisas provenientes de financiamiento o aportes de capital desde el exterior mediante ese mercado<\/strong>. A cambio, las compa\u00f1\u00edas se comprometer\u00e1n a repagar esos financiamientos a trav\u00e9s del mismo mecanismo. Como ventaja adicional, esta actividad cambiaria no ser\u00e1 incompatible con el acceso al d\u00f3lar oficial para el pago de importaciones.<\/p>\n\n\n\n<h2 class=\"wp-block-heading\">A pesar de los incentivos exportadores, tambi\u00e9n sube el d\u00f3lar MEP<\/h2>\n\n\n\n<p>Por su parte, el\u00a0<strong>d\u00f3lar MEP\u00a0<\/strong>avanza 3,7% y se vende a<strong>\u00a0$747,52<\/strong>. En este segmento, interviene el Banco Central\u00a0-con autorizaci\u00f3n del\u00a0<strong>FMI<\/strong>&#8211; para mantener el precio dentro de un rango acotado. Debido a esa participaci\u00f3n oficial, la cotizaci\u00f3n es la m\u00e1s baja entre los d\u00f3lares alternativos.<\/p>\n\n\n\n<p>El Gobierno tambi\u00e9n dispuso medidas para aumentar la oferta en el d\u00f3lar MEP. En este caso, con la extensi\u00f3n del\u00a0<strong>d\u00f3lar soja<\/strong>\u00a0y el lanzamiento del\u00a0<strong>d\u00f3lar Vaca Muerta<\/strong>. Los exportadores que liquiden bajo esos programas podr\u00e1n\u00a0<strong>disponer del 25% de las divisas y venderlas en el mercado financiero<\/strong>, a un tipo de cambio m\u00e1s alto que m\u00e1s que dobla al oficial. Este mi\u00e9rcoles, Sergio Massa anunci\u00f3 un esquema similar para las exportaciones de las pymes.\u00a0<\/p>\n\n\n\n<h2 class=\"wp-block-heading\">El contado con liquidaci\u00f3n le marca el camino al d\u00f3lar blue<\/h2>\n\n\n\n<p>La suba del tipo de cambio financiero\u00a0<strong>le marca el camino a la cotizaci\u00f3n del<\/strong> d\u00f3lar blue que aumenta $33 este mi\u00e9rcoles y llega a los $843, aunque m\u00e1s temprano toc\u00f3 los $850.<\/p>\n\n\n\n<p>Solamente en los \u00faltimos 10 d\u00edas, el d\u00f3lar blue acumula un alza de $98. Al analizar la evoluci\u00f3n&nbsp;<strong>desde las PASO<\/strong>, en tanto, el precio informal de la divisa estadounidense&nbsp;<strong>salt\u00f3 $238<\/strong>.<\/p>\n","protected":false},"excerpt":{"rendered":"<p>La demanda de divisas previa a las elecciones generales, la incertidumbre con respecto a la econom\u00eda a partir de diciembre y la aceleraci\u00f3n de la inflaci\u00f3n impulsan a las cotizaciones&hellip; <\/p>\n","protected":false},"author":8,"featured_media":92772,"comment_status":"closed","ping_status":"open","sticky":false,"template":"","format":"standard","meta":{"footnotes":""},"categories":[10],"tags":[],"class_list":["post-92771","post","type-post","status-publish","format-standard","has-post-thumbnail","hentry","category-nacionales"],"_links":{"self":[{"href":"https:\/\/corrientesdetarde.com\/index.php\/wp-json\/wp\/v2\/posts\/92771","targetHints":{"allow":["GET"]}}],"collection":[{"href":"https:\/\/corrientesdetarde.com\/index.php\/wp-json\/wp\/v2\/posts"}],"about":[{"href":"https:\/\/corrientesdetarde.com\/index.php\/wp-json\/wp\/v2\/types\/post"}],"author":[{"embeddable":true,"href":"https:\/\/corrientesdetarde.com\/index.php\/wp-json\/wp\/v2\/users\/8"}],"replies":[{"embeddable":true,"href":"https:\/\/corrientesdetarde.com\/index.php\/wp-json\/wp\/v2\/comments?post=92771"}],"version-history":[{"count":1,"href":"https:\/\/corrientesdetarde.com\/index.php\/wp-json\/wp\/v2\/posts\/92771\/revisions"}],"predecessor-version":[{"id":92773,"href":"https:\/\/corrientesdetarde.com\/index.php\/wp-json\/wp\/v2\/posts\/92771\/revisions\/92773"}],"wp:featuredmedia":[{"embeddable":true,"href":"https:\/\/corrientesdetarde.com\/index.php\/wp-json\/wp\/v2\/media\/92772"}],"wp:attachment":[{"href":"https:\/\/corrientesdetarde.com\/index.php\/wp-json\/wp\/v2\/media?parent=92771"}],"wp:term":[{"taxonomy":"category","embeddable":true,"href":"https:\/\/corrientesdetarde.com\/index.php\/wp-json\/wp\/v2\/categories?post=92771"},{"taxonomy":"post_tag","embeddable":true,"href":"https:\/\/corrientesdetarde.com\/index.php\/wp-json\/wp\/v2\/tags?post=92771"}],"curies":[{"name":"wp","href":"https:\/\/api.w.org\/{rel}","templated":true}]}}