{"id":92774,"date":"2023-10-04T16:30:51","date_gmt":"2023-10-04T19:30:51","guid":{"rendered":"https:\/\/corrientesdetarde.com\/?p=92774"},"modified":"2023-10-04T16:31:02","modified_gmt":"2023-10-04T19:31:02","slug":"nacio-el-hijo-de-alejandro-garnacho-le-pusieron-un-nombre-que-hace-referencia-a-un-campeon-del-mundo","status":"publish","type":"post","link":"https:\/\/corrientesdetarde.com\/index.php\/deportes\/nacio-el-hijo-de-alejandro-garnacho-le-pusieron-un-nombre-que-hace-referencia-a-un-campeon-del-mundo\/","title":{"rendered":"Naci\u00f3 el hijo de Alejandro Garnacho: le pusieron un nombre que hace referencia a un campe\u00f3n del mundo"},"content":{"rendered":"\n<p>Eva Garc\u00eda, la madre del ni\u00f1o, dio a luz en una cl\u00ednica de Manchester, Inglaterra.<\/p>\n\n\n\n<p>Alejandro Garnacho y su compa\u00f1era\u00a0Eva Garcia anunciaron el nacimiento de su primer hijo. La mujer dio a luz en una cl\u00ednica de Manchester, por lo que el ni\u00f1o es ingl\u00e9s, aunque el padre naci\u00f3 en Espa\u00f1a y juega para la\u00a0Selecci\u00f3n Argentina.<\/p>\n\n\n\n<p>En los \u00faltimos a\u00f1os, muchos hinchas de River promovieron una frase: \u201cSi es nene, ponele Enzo\u201d. Despu\u00e9s del Mundial de Qatar 2022, fan\u00e1ticos de otros clubes se apoderaron el dicho por la gran actuaci\u00f3n de Enzo Fern\u00e1ndez, el volante central de la Scaloneta.<\/p>\n\n\n\n<p>El \u201cEuropibe\u201d, considerado por Lionel Scaloni para la Albiceleste, present\u00f3 a su primer hijo:&nbsp;<strong>Enzo Garnacho Garc\u00eda<\/strong>.<\/p>\n\n\n\n<p>El beb\u00e9 naci\u00f3 este mi\u00e9rcoles 4 de octubre de 2023, apenas un d\u00eda despu\u00e9s de la dura derrota del Manchester United ante Galatasaray. Garnacho ingres\u00f3 para jugar los \u00faltimos minutos, aunque no pudo evitar la ca\u00edda de su equipo.<\/p>\n","protected":false},"excerpt":{"rendered":"<p>Eva Garc\u00eda, la madre del ni\u00f1o, dio a luz en una cl\u00ednica de Manchester, Inglaterra. Alejandro Garnacho y su compa\u00f1era\u00a0Eva Garcia anunciaron el nacimiento de su primer hijo. La mujer&hellip; <\/p>\n","protected":false},"author":8,"featured_media":92775,"comment_status":"closed","ping_status":"open","sticky":false,"template":"","format":"standard","meta":{"footnotes":""},"categories":[4],"tags":[],"class_list":["post-92774","post","type-post","status-publish","format-standard","has-post-thumbnail","hentry","category-deportes"],"_links":{"self":[{"href":"https:\/\/corrientesdetarde.com\/index.php\/wp-json\/wp\/v2\/posts\/92774","targetHints":{"allow":["GET"]}}],"collection":[{"href":"https:\/\/corrientesdetarde.com\/index.php\/wp-json\/wp\/v2\/posts"}],"about":[{"href":"https:\/\/corrientesdetarde.com\/index.php\/wp-json\/wp\/v2\/types\/post"}],"author":[{"embeddable":true,"href":"https:\/\/corrientesdetarde.com\/index.php\/wp-json\/wp\/v2\/users\/8"}],"replies":[{"embeddable":true,"href":"https:\/\/corrientesdetarde.com\/index.php\/wp-json\/wp\/v2\/comments?post=92774"}],"version-history":[{"count":1,"href":"https:\/\/corrientesdetarde.com\/index.php\/wp-json\/wp\/v2\/posts\/92774\/revisions"}],"predecessor-version":[{"id":92776,"href":"https:\/\/corrientesdetarde.com\/index.php\/wp-json\/wp\/v2\/posts\/92774\/revisions\/92776"}],"wp:featuredmedia":[{"embeddable":true,"href":"https:\/\/corrientesdetarde.com\/index.php\/wp-json\/wp\/v2\/media\/92775"}],"wp:attachment":[{"href":"https:\/\/corrientesdetarde.com\/index.php\/wp-json\/wp\/v2\/media?parent=92774"}],"wp:term":[{"taxonomy":"category","embeddable":true,"href":"https:\/\/corrientesdetarde.com\/index.php\/wp-json\/wp\/v2\/categories?post=92774"},{"taxonomy":"post_tag","embeddable":true,"href":"https:\/\/corrientesdetarde.com\/index.php\/wp-json\/wp\/v2\/tags?post=92774"}],"curies":[{"name":"wp","href":"https:\/\/api.w.org\/{rel}","templated":true}]}}