{"id":92777,"date":"2023-10-04T16:36:44","date_gmt":"2023-10-04T19:36:44","guid":{"rendered":"https:\/\/corrientesdetarde.com\/?p=92777"},"modified":"2023-10-04T16:37:05","modified_gmt":"2023-10-04T19:37:05","slug":"por-los-faltantes-de-nafta-y-gasoil-estaciones-de-servicio-le-reclaman-al-gobierno-tres-medidas-urgentes","status":"publish","type":"post","link":"https:\/\/corrientesdetarde.com\/index.php\/sociales\/por-los-faltantes-de-nafta-y-gasoil-estaciones-de-servicio-le-reclaman-al-gobierno-tres-medidas-urgentes\/","title":{"rendered":"Por los faltantes de nafta y gasoil, estaciones de servicio le reclaman al Gobierno tres medidas urgentes"},"content":{"rendered":"\n<p>Desde CECHA alertaron la falta de combustible en los surtidores y advirtieron que el congelamientos de precios \u201cpone en riesgo la supervivencia de todo el sector\u201d.<\/p>\n\n\n\n<p>Las\u00a0estaciones de servicios representadas por la Confederaci\u00f3n de Entidades del Comercio de Hidrocarburos y Afines (<strong>CECHA<\/strong>) alertaron sobre el\u00a0<strong>faltante\u00a0<\/strong>de nafta y gasoil en los surtidores y le reclamaron<strong>\u00a0al Gobierno<\/strong>\u00a0que adopte<strong>\u00a0\u201cmedidas de urgencia\u201d<\/strong>\u00a0para resolver la problem\u00e1tica. En agosto,\u00a0<strong>rechazaron\u00a0<\/strong>el\u00a0<strong>congelamiento de precios\u00a0<\/strong>de las naftas y el gasoilque acord\u00f3 el Ejecutivo con las empresas petroleras que rige hasta el 31 de octubre y advirtieron que esta decisi\u00f3n \u201cpone en riesgo la supervivencia de todo el sector\u201d.<\/p>\n\n\n\n<p>Para CECHA, la decisi\u00f3n del Banco Central de modificar los plazos de\u00a0<strong>acreditaci\u00f3n de pagos con tarjetas de cr\u00e9dito<\/strong>\u00a0de ocho a cinco d\u00edas h\u00e1biles a micro o peque\u00f1as empresas del sector y los incentivos dados por YPF a su red, \u201c<strong>no resultan suficientes\u201d<\/strong>\u00a0para encaminar un mercado, que \u201ccada vez presenta un\u00a0<strong>insostenible estr\u00e9s operativo<\/strong>\u201d.<\/p>\n\n\n\n<p>\u201cEl&nbsp;<strong>aumento de los precios<\/strong>&nbsp;<strong>internacionales del petr\u00f3leo<\/strong>, que&nbsp;<strong>encarece las importaciones a p\u00e9rdida de combustibles<\/strong>, hace que las petroleras&nbsp;<strong>tiendan a abastecer preferentemente su demanda<\/strong>&nbsp;y el incremento de los precios en el mercado mayorista de combustibles, que tensiona la demanda en las estaciones retail de todas las banderas\u201d, apuntaron los estacioneros.<\/p>\n\n\n\n<p>En lo que va del a\u00f1o, las<strong>\u00a0naftas<\/strong>\u00a0<strong>y<\/strong>\u00a0el<strong>\u00a0gasoil\u00a0<\/strong>aumentaron\u00a0<strong>57%<\/strong>\u00a0mientras que el<strong>\u00a0tipo de cambio oficial subi\u00f3 98%<\/strong>\u00a0y la\u00a0inflaci\u00f3n\u00a0acumul\u00f3 otro\u00a0<strong>60,2%<\/strong>.<\/p>\n\n\n\n<h2 class=\"wp-block-heading\">Cu\u00e1les son las medidas urgentes que reclaman las estaciones de servicio al Gobierno<\/h2>\n\n\n\n<p>Los estacioneros remarcan que debido a las&nbsp;<strong>distorsiones del mercado&nbsp;<\/strong>y los&nbsp;<strong>precios dispares<\/strong>&nbsp;generan una \u201ccreciente inestabilidad\u201d en las estaciones de servicio y produce un \u201c<strong>efecto derrame<\/strong>\u201d y un \u201c<strong>quiebre de stock<\/strong>\u201d de los combustibles en los surtidores de distintas banderas.<\/p>\n\n\n\n<p>En esa l\u00ednea, le reclaman al Gobierno que adopte&nbsp;<strong>tres \u201cmedidas de urgencia<\/strong>\u201d:<\/p>\n\n\n\n<ul class=\"wp-block-list\"><li><strong>Bajar las cargas impositivas&nbsp;<\/strong>de los combustibles;<\/li><li><strong>Mejores condiciones<\/strong>&nbsp;para la&nbsp;<strong>importaci\u00f3n<\/strong>;<\/li><li><strong>Finalizar&nbsp;<\/strong>el&nbsp;<strong>congelamiento<\/strong>&nbsp;<strong>de precios de la nafta y gasoil<\/strong>.<\/li><\/ul>\n\n\n\n<figure class=\"wp-block-image\"><img decoding=\"async\" src=\"https:\/\/tn.com.ar\/resizer\/SMTGBoPLMs6hwpM5jR3cvThljgA=\/767x0\/smart\/filters:format(webp)\/cloudfront-us-east-1.images.arcpublishing.com\/artear\/RWNSOSRSLRGKFNLVT4T3RKNHEQ.jpg\" alt=\"Los estacioneros remarcan que debido a las distorsiones del mercado y los precios dispares generan una \u201ccreciente inestabilidad\u201d en las estaciones de servicio. (Foto: NA)\"\/><\/figure>\n\n\n\n<h2 class=\"wp-block-heading\">Nafta a precio congelado: cu\u00e1nto cuesta el litro desde agosto 2023<\/h2>\n\n\n\n<p>Desde el congelamiento de los&nbsp;<strong>precios de nafta y gasoil<\/strong>, en la red de estaciones de&nbsp;<strong>YPF<\/strong>&nbsp;en la Ciudad de Buenos Aires, los combustibles se venden a:<\/p>\n\n\n\n<ul class=\"wp-block-list\"><li><strong>Nafta s\u00faper: $240,50;<\/strong><\/li><li><strong>Nafta premium: $308,70;<\/strong><\/li><li><strong>Gasoil: $258,40;<\/strong><\/li><li><strong>Gasoil premium: $352,70.<\/strong><\/li><\/ul>\n\n\n\n<p><\/p>\n","protected":false},"excerpt":{"rendered":"<p>Desde CECHA alertaron la falta de combustible en los surtidores y advirtieron que el congelamientos de precios \u201cpone en riesgo la supervivencia de todo el sector\u201d. Las\u00a0estaciones de servicios representadas&hellip; <\/p>\n","protected":false},"author":8,"featured_media":92780,"comment_status":"closed","ping_status":"open","sticky":false,"template":"","format":"standard","meta":{"footnotes":""},"categories":[17],"tags":[],"class_list":["post-92777","post","type-post","status-publish","format-standard","has-post-thumbnail","hentry","category-sociales"],"_links":{"self":[{"href":"https:\/\/corrientesdetarde.com\/index.php\/wp-json\/wp\/v2\/posts\/92777","targetHints":{"allow":["GET"]}}],"collection":[{"href":"https:\/\/corrientesdetarde.com\/index.php\/wp-json\/wp\/v2\/posts"}],"about":[{"href":"https:\/\/corrientesdetarde.com\/index.php\/wp-json\/wp\/v2\/types\/post"}],"author":[{"embeddable":true,"href":"https:\/\/corrientesdetarde.com\/index.php\/wp-json\/wp\/v2\/users\/8"}],"replies":[{"embeddable":true,"href":"https:\/\/corrientesdetarde.com\/index.php\/wp-json\/wp\/v2\/comments?post=92777"}],"version-history":[{"count":1,"href":"https:\/\/corrientesdetarde.com\/index.php\/wp-json\/wp\/v2\/posts\/92777\/revisions"}],"predecessor-version":[{"id":92781,"href":"https:\/\/corrientesdetarde.com\/index.php\/wp-json\/wp\/v2\/posts\/92777\/revisions\/92781"}],"wp:featuredmedia":[{"embeddable":true,"href":"https:\/\/corrientesdetarde.com\/index.php\/wp-json\/wp\/v2\/media\/92780"}],"wp:attachment":[{"href":"https:\/\/corrientesdetarde.com\/index.php\/wp-json\/wp\/v2\/media?parent=92777"}],"wp:term":[{"taxonomy":"category","embeddable":true,"href":"https:\/\/corrientesdetarde.com\/index.php\/wp-json\/wp\/v2\/categories?post=92777"},{"taxonomy":"post_tag","embeddable":true,"href":"https:\/\/corrientesdetarde.com\/index.php\/wp-json\/wp\/v2\/tags?post=92777"}],"curies":[{"name":"wp","href":"https:\/\/api.w.org\/{rel}","templated":true}]}}