{"id":92863,"date":"2023-10-04T23:45:49","date_gmt":"2023-10-05T02:45:49","guid":{"rendered":"https:\/\/corrientesdetarde.com\/?p=92863"},"modified":"2023-10-04T23:46:01","modified_gmt":"2023-10-05T02:46:01","slug":"cinthia-fernandez-se-metio-en-el-escandalo-mi-ex-me-engano-con-sofia-clerici","status":"publish","type":"post","link":"https:\/\/corrientesdetarde.com\/index.php\/espectaculos\/cinthia-fernandez-se-metio-en-el-escandalo-mi-ex-me-engano-con-sofia-clerici\/","title":{"rendered":"Cinthia Fern\u00e1ndez se meti\u00f3 en el esc\u00e1ndalo: \u201cMi ex me enga\u00f1\u00f3 con Sof\u00eda Clerici\u201d"},"content":{"rendered":"\n<p>La medi\u00e1tica record\u00f3 el episodio que vivi\u00f3 hace varios a\u00f1os cuando estaba en pareja con Mat\u00edas Defederico.<\/p>\n\n\n\n<p>Tras casi diez a\u00f1os de ausencia en los medios de comunicaci\u00f3n,\u00a0Sof\u00eda Clerici\u00a0reapareci\u00f3 en medio de un esc\u00e1ndalo nacional con fuertes implicaciones pol\u00edticas al mostrarse junto al Jefe de Gabinete de la Provincia de Buenos Aires, Mart\u00edn Insaurralde, en un yate en Marbella.<\/p>\n\n\n\n<p>No solo le vali\u00f3 su renuncia al pol\u00edtico, sino que tambi\u00e9n aparecieron varias denuncias judiciales en su contra. Despu\u00e9s de intentar explicar el origen de su dinero, asegurando que trabaja desde hace muchos a\u00f1os, la modelo opt\u00f3 por cerrar la cuenta de Instagram de su empresa de ropa interior.<\/p>\n\n\n\n<figure class=\"wp-block-embed is-type-video is-provider-youtube wp-block-embed-youtube wp-embed-aspect-16-9 wp-has-aspect-ratio\"><div class=\"wp-block-embed__wrapper\">\n<iframe loading=\"lazy\" title=\"La picante respuesta de Clerici a Cinthia Fern\u00e1ndez luego de la confesi\u00f3n de que estuvo con su ex\" width=\"1110\" height=\"624\" src=\"https:\/\/www.youtube.com\/embed\/qfL2CkrHdFI?feature=oembed\" frameborder=\"0\" allow=\"accelerometer; autoplay; clipboard-write; encrypted-media; gyroscope; picture-in-picture; web-share\" allowfullscreen><\/iframe>\n<\/div><\/figure>\n\n\n\n<p>Todo este esc\u00e1ndalo hizo que&nbsp;<strong>Cinthia Fern\u00e1ndez recordara su historia con Clerici cuando en 2014 reconoci\u00f3 por redes sociales que Mat\u00edas Defederico la buscaba<\/strong>, a pesar de que por ese entonces estaba en pareja con Cinthia.<\/p>\n\n\n\n<p><strong>\u201c\u00bfEs verdad que tu ex te cag\u00f3 con Clerici?\u201d<\/strong>, le preguntaron y ella respondi\u00f3 que\u00a0<strong>\u201cS\u00ed\u201d<\/strong>\u00a0y en\u00a0<em>Bien de ma\u00f1ana<\/em>\u00a0manifest\u00f3 que hab\u00eda sufrido mucho por la traici\u00f3n de su ex: \u201c<strong>Yo vi los mensajes, tuve un re quilombo<\/strong>. No voy a ser careta. La odi\u00e9 un mont\u00f3n de tiempo, m\u00e1s all\u00e1 de que la culpa es del tipo\u201d.<\/p>\n\n\n\n<figure class=\"wp-block-embed is-type-video is-provider-youtube wp-block-embed-youtube wp-embed-aspect-16-9 wp-has-aspect-ratio\"><div class=\"wp-block-embed__wrapper\">\n<iframe loading=\"lazy\" title=\"Cinthia Fern\u00e1ndez defendi\u00f3 a Jesica Cirio y confirm\u00f3: &quot;Mi ex me enga\u00f1\u00f3 con Sof\u00eda Clerici&quot;\" width=\"1110\" height=\"624\" src=\"https:\/\/www.youtube.com\/embed\/8j4H-pWE-ec?feature=oembed\" frameborder=\"0\" allow=\"accelerometer; autoplay; clipboard-write; encrypted-media; gyroscope; picture-in-picture; web-share\" allowfullscreen><\/iframe>\n<\/div><\/figure>\n\n\n\n<figure class=\"wp-block-image\"><img decoding=\"async\" src=\"https:\/\/noticiasargentinas.com\/images\/NA\/Contenidos\/cinthia_copy.webp\" alt=\"cinthia_copy.jpg\"\/><\/figure>\n\n\n\n<p>Luego agreg\u00f3 que no le sorprendi\u00f3 lo que hab\u00eda pasado:<strong>&nbsp;\u201cNo me sorprendi\u00f3. Son modus operandi. Monotributistas que no entend\u00e9s c\u00f3mo se compraron esa cartera. Deber\u00edan ir presos, pero es un pa\u00eds de corruptos.<\/strong>&nbsp;Clerici la disfrut\u00f3, debe tener su r\u00e9dito, pero no me dan las cuentas. Tienen c\u00f3digos un poco mafiosos. Todo es con plata, con la nuestra. El m\u00edo es un seco\u201d.<\/p>\n\n\n\n<p>\u201cQuiero aclarar que esto sali\u00f3 p\u00fablicamente, porque la piba se cans\u00f3 y lo mand\u00f3 al frente. Un d\u00eda, est\u00e1bamos en el departamento y agarr\u00e9 el tel\u00e9fono.&nbsp;<strong>Vi mensajes de ella, le ped\u00ed explicaciones y me dijo que no era verdad, que ella le escrib\u00eda y lo persegu\u00eda<\/strong>. En casa, internamente, se arm\u00f3 un quilombo\u201d, detall\u00f3.<\/p>\n\n\n\n<p>\u201c<strong>Se cans\u00f3 de \u00e9l por alg\u00fan motivo<\/strong>. Ellos se vieron, porque por lo que alcanc\u00e9 a leer, hab\u00eda mucha confianza. Y \u00e9l sali\u00f3 a desmentirlo, obviamente, porque estaba en pareja conmigo y a m\u00ed me lo neg\u00f3\u201d, agreg\u00f3.<\/p>\n\n\n\n<h2 class=\"wp-block-heading\">C\u00f3mo mand\u00f3 al frente Sof\u00eda Clerici a Mat\u00edas Defederico<\/h2>\n\n\n\n<p>En 2014, Sof\u00eda Clerici hizo lo mismo que ahora. Us\u00f3 las redes sociales para blanquear una relaci\u00f3n que, hasta ese entonces era desconocida. \u201c<strong>\u00a1Basta!<\/strong>&nbsp;\u00a1De est\u00fapidos! Ven\u00eda aguantando en no hacer esto.<strong>&nbsp;Me cans\u00e9, Mat\u00edas Defederico, ocupate de tu familia<\/strong>\u201d.<\/p>\n\n\n\n<p>\u201cNo pretendo c\u00e1mara ni nada con esto. Jam\u00e1s mand\u00e9 a todos los que me hablan al frente, pero Mat\u00edas me cans\u00f3\u201d, se quej\u00f3.<\/p>\n\n\n\n<figure class=\"wp-block-image\"><img decoding=\"async\" src=\"https:\/\/noticiasargentinas.com\/images\/NA\/Contenidos\/cinthia_2_copy_copy.webp\" alt=\"cinthia_2_copy_copy.jpg\"\/><\/figure>\n","protected":false},"excerpt":{"rendered":"<p>La medi\u00e1tica record\u00f3 el episodio que vivi\u00f3 hace varios a\u00f1os cuando estaba en pareja con Mat\u00edas Defederico. Tras casi diez a\u00f1os de ausencia en los medios de comunicaci\u00f3n,\u00a0Sof\u00eda Clerici\u00a0reapareci\u00f3 en&hellip; <\/p>\n","protected":false},"author":4,"featured_media":92864,"comment_status":"closed","ping_status":"open","sticky":false,"template":"","format":"standard","meta":{"footnotes":""},"categories":[19],"tags":[],"class_list":["post-92863","post","type-post","status-publish","format-standard","has-post-thumbnail","hentry","category-espectaculos"],"_links":{"self":[{"href":"https:\/\/corrientesdetarde.com\/index.php\/wp-json\/wp\/v2\/posts\/92863","targetHints":{"allow":["GET"]}}],"collection":[{"href":"https:\/\/corrientesdetarde.com\/index.php\/wp-json\/wp\/v2\/posts"}],"about":[{"href":"https:\/\/corrientesdetarde.com\/index.php\/wp-json\/wp\/v2\/types\/post"}],"author":[{"embeddable":true,"href":"https:\/\/corrientesdetarde.com\/index.php\/wp-json\/wp\/v2\/users\/4"}],"replies":[{"embeddable":true,"href":"https:\/\/corrientesdetarde.com\/index.php\/wp-json\/wp\/v2\/comments?post=92863"}],"version-history":[{"count":1,"href":"https:\/\/corrientesdetarde.com\/index.php\/wp-json\/wp\/v2\/posts\/92863\/revisions"}],"predecessor-version":[{"id":92865,"href":"https:\/\/corrientesdetarde.com\/index.php\/wp-json\/wp\/v2\/posts\/92863\/revisions\/92865"}],"wp:featuredmedia":[{"embeddable":true,"href":"https:\/\/corrientesdetarde.com\/index.php\/wp-json\/wp\/v2\/media\/92864"}],"wp:attachment":[{"href":"https:\/\/corrientesdetarde.com\/index.php\/wp-json\/wp\/v2\/media?parent=92863"}],"wp:term":[{"taxonomy":"category","embeddable":true,"href":"https:\/\/corrientesdetarde.com\/index.php\/wp-json\/wp\/v2\/categories?post=92863"},{"taxonomy":"post_tag","embeddable":true,"href":"https:\/\/corrientesdetarde.com\/index.php\/wp-json\/wp\/v2\/tags?post=92863"}],"curies":[{"name":"wp","href":"https:\/\/api.w.org\/{rel}","templated":true}]}}