{"id":92922,"date":"2023-10-05T09:18:55","date_gmt":"2023-10-05T12:18:55","guid":{"rendered":"https:\/\/corrientesdetarde.com\/?p=92922"},"modified":"2023-10-05T09:19:06","modified_gmt":"2023-10-05T12:19:06","slug":"el-ataque-montonero-al-regimiento-29-de-formosa-un-traidor-una-defensa-heroica-y-la-muerte-del-conscripto-hermindo-luna","status":"publish","type":"post","link":"https:\/\/corrientesdetarde.com\/index.php\/sociales\/el-ataque-montonero-al-regimiento-29-de-formosa-un-traidor-una-defensa-heroica-y-la-muerte-del-conscripto-hermindo-luna\/","title":{"rendered":"El ataque montonero al Regimiento 29 de Formosa: un traidor, una defensa heroica y la muerte del conscripto Hermindo Luna"},"content":{"rendered":"\n<p><strong>Ese domingo 5 de octubre de 1975<\/strong>&nbsp;era todo fiesta en lo de los Luna. Le festejaban el cumplea\u00f1os a Jovina, que cumpl\u00eda 11 a\u00f1os, y aprovecharon para celebrar el de su pap\u00e1, Jes\u00fas, que hab\u00eda cumplido el 1ro. Era la d\u00e9cima de 13 hijos -diez varones y tres mujeres- de una familia formada por su pap\u00e1 alba\u00f1il y Secundina V\u00e1zquez. Viv\u00edan en Las Lomitas, Formosa y se las arreglaban vendiendo pan y empanadas, y los hijos mayores trabajaban.<\/p>\n\n\n\n<p>Comieron empanadas y chivito.&nbsp;<strong>Jovina estaba contenta<\/strong>. Como regalo de cumplea\u00f1os hab\u00eda pedido hacer un viaje en tren, porque no lo conoc\u00eda. Y qu\u00e9 mejor que aprovechar el viaje y visitar a su hermano&nbsp;<strong>Hermindo<\/strong>, diez a\u00f1os mayor que ella, que cumpl\u00eda con el<strong>&nbsp;servicio militar<\/strong>&nbsp;en el Regimiento de Infanter\u00eda de Monte 29 \u201cCoronel Ignacio Jos\u00e9 Warnes\u201d, una de las unidades afectadas al Operativo Independencia, a partir de un decreto firmado por el gobierno constitucional de Mar\u00eda Estela Mart\u00ednez de Per\u00f3n. D\u00edas antes del ataque, padre e hija le dieron la sorpresa a Hermindo. Lo visitaron en el cuartel.<\/p>\n\n\n\n<p><img loading=\"lazy\" decoding=\"async\" alt=\"Los Luna eran muy unidos. Hermindo es el primero desde la izquierda\" height=\"1079\" width=\"1920\" src=\"https:\/\/www.infobae.com\/new-resizer\/FoXzGfywD41MwMvzsBdzbpsZXUo=\/arc-anglerfish-arc2-prod-infobae\/public\/FG3C6BHMGFD7FHQVQIHF57FJXE.jpg\" srcset=\"https:\/\/www.infobae.com\/new-resizer\/sXr8Dhx7i6a-Vvy2esFlEvxTECA=\/420x236\/filters:format(webp):quality(85)\/cloudfront-us-east-1.images.arcpublishing.com\/infobae\/FG3C6BHMGFD7FHQVQIHF57FJXE.jpg 420w,https:\/\/www.infobae.com\/new-resizer\/TAcCbS_Fq4_HW-3F_SofhphDSp4=\/768x432\/filters:format(webp):quality(85)\/cloudfront-us-east-1.images.arcpublishing.com\/infobae\/FG3C6BHMGFD7FHQVQIHF57FJXE.jpg 768w,https:\/\/www.infobae.com\/new-resizer\/_RC7OgZNbdkaqGi_4QNoXGoR0yo=\/992x558\/filters:format(webp):quality(85)\/cloudfront-us-east-1.images.arcpublishing.com\/infobae\/FG3C6BHMGFD7FHQVQIHF57FJXE.jpg 992w,https:\/\/www.infobae.com\/new-resizer\/-NMGqv7EAo_roYBZ8n9rv_FrCrk=\/1200x675\/filters:format(webp):quality(85)\/cloudfront-us-east-1.images.arcpublishing.com\/infobae\/FG3C6BHMGFD7FHQVQIHF57FJXE.jpg 1200w,https:\/\/www.infobae.com\/new-resizer\/IEexhcpOcLO_CL-R1obwQaoj6qU=\/1440x810\/filters:format(webp):quality(85)\/cloudfront-us-east-1.images.arcpublishing.com\/infobae\/FG3C6BHMGFD7FHQVQIHF57FJXE.jpg 1440w\">Los Luna eran muy unidos. Hermindo es el primero desde la izquierda<\/p>\n\n\n\n<p>Hab\u00eda nacido el 26 de junio de 1954 y lo que m\u00e1s le gustaba era trabajar en el campo con los animales. Aprendi\u00f3 a ser h\u00e1bil para manejarse en el monte y ya en su infancia, forj\u00f3 una fortaleza y una rusticidad que sorprend\u00eda.&nbsp;<strong>Con sus hermanos Nicasio y Mario pusieron un horno de ladrillos.<\/strong><\/p>\n\n\n\n<p>No hab\u00eda podido ir a la escuela, ya que donde hab\u00eda nacido no hab\u00eda, y el trabajo estaba primero. A los 18 a\u00f1os pudo terminar los estudios primarios en la nocturna de Las Lomitas.<\/p>\n\n\n\n<p>Le gustaba ir al cine a ver pel\u00edculas de acci\u00f3n y en sus ratos libres, dibujaba y pintaba en cualquier papel que encontraba. De puro traviesos sus hermanos menores los romp\u00edan pero \u00e9l nunca se enojaba. Con el paso del tiempo, est\u00e1n m\u00e1s que arrepentidos porque no conservan ninguno.<\/p>\n\n\n\n<p><img loading=\"lazy\" decoding=\"async\" alt=\"El saldo del ataque fue de 24 muertos, doce por cada bando\" height=\"1080\" width=\"1920\" src=\"https:\/\/www.infobae.com\/new-resizer\/1Adyp4-KE1SmX_NPhtw6Rlrn4Wk=\/arc-anglerfish-arc2-prod-infobae\/public\/4JLAYWX3AZHYXHJSTB7RAGJDAI.jpg\" srcset=\"https:\/\/www.infobae.com\/new-resizer\/zRijdb6J1-_GXI3wt3RIx6BFEyA=\/420x236\/filters:format(webp):quality(85)\/cloudfront-us-east-1.images.arcpublishing.com\/infobae\/4JLAYWX3AZHYXHJSTB7RAGJDAI.jpg 420w,https:\/\/www.infobae.com\/new-resizer\/HQk6aWEOex-6lf35rtjDJGMqK8I=\/768x432\/filters:format(webp):quality(85)\/cloudfront-us-east-1.images.arcpublishing.com\/infobae\/4JLAYWX3AZHYXHJSTB7RAGJDAI.jpg 768w,https:\/\/www.infobae.com\/new-resizer\/Y9QI72ihwhPBKDGWYxftJO-tSdI=\/992x558\/filters:format(webp):quality(85)\/cloudfront-us-east-1.images.arcpublishing.com\/infobae\/4JLAYWX3AZHYXHJSTB7RAGJDAI.jpg 992w,https:\/\/www.infobae.com\/new-resizer\/zq3NxmPVV1TlPZK5k3l5R5qSj3c=\/1200x675\/filters:format(webp):quality(85)\/cloudfront-us-east-1.images.arcpublishing.com\/infobae\/4JLAYWX3AZHYXHJSTB7RAGJDAI.jpg 1200w,https:\/\/www.infobae.com\/new-resizer\/YaqD1GxzkZOxCWD3a7xhN3RlLpE=\/1440x810\/filters:format(webp):quality(85)\/cloudfront-us-east-1.images.arcpublishing.com\/infobae\/4JLAYWX3AZHYXHJSTB7RAGJDAI.jpg 1440w\">El saldo del ataque fue de 24 muertos, doce por cada bando<\/p>\n\n\n\n<p>Era hincha de River porque ese era el cuadro de su madre, por quien ten\u00eda devoci\u00f3n. Su padre y hermanos eran de Independiente.<\/p>\n\n\n\n<p>No ten\u00eda demasiados amigos, y con sus hermanos eran muy unidos. Ten\u00eda una novia, a quien no ve\u00eda demasiado, por las tareas del campo y porque el horno de ladrillos estaba lejos de su casa, cerca de un espejo de agua, ya que para su elaboraci\u00f3n se precisa mucho de ella.<\/p>\n\n\n\n<p>Cuando lleg\u00f3 el d\u00eda del sorteo del servicio militar, Hermindo ten\u00eda la ansiedad a flor de piel. Toda la familia rodeaba la radio. Por el n\u00famero que sali\u00f3, sab\u00eda que le correspond\u00eda Ej\u00e9rcito.<strong>&nbsp;Estaba nervioso de que lo destinaran a otra provincia<\/strong>&nbsp;o como le hab\u00eda ocurrido a uno de sus hermanos, que debi\u00f3 hacer la colimba en la marina, en la lejan\u00edsima ciudad de Buenos Aires.<\/p>\n\n\n\n<p class=\"has-text-align-center\"><img decoding=\"async\" src=\"https:\/\/www.infobae.com\/new-resizer\/IMN-PaEcuPw8rPhDDBaRa7X-Eqk=\/arc-anglerfish-arc2-prod-infobae\/public\/KAJ3FHGSJ5DNPAL5K2VGHJ35AU.jpg\" alt=\"Rogelio Mazacotte es uno de los soldados que defendi\u00f3 el cuartel y que mantiene viva la memoria de lo que vivi\u00f3 en octubre de 1975\" style=\"width: 600px;\"><\/p>\n\n\n\n<p>Rogelio Mazacotte es uno de los soldados que defendi\u00f3 el cuartel y que mantiene viva la memoria de lo que vivi\u00f3 en octubre de 1975<\/p>\n\n\n\n<p>Cuando supo que su destino ser\u00eda el Regimiento 29, se alegr\u00f3. Se quedar\u00eda en sus pagos.<\/p>\n\n\n\n<p>El d\u00eda que parti\u00f3 para incorporarse al Ej\u00e9rcito, toda la familia se levant\u00f3 m\u00e1s temprano que de costumbre.&nbsp;<strong>Lo acompa\u00f1aron hasta la estaci\u00f3n del tren y lo despidieron.<\/strong>&nbsp;Lo recuerdan feliz agitando su mano fuera de la ventanilla.<\/p>\n\n\n\n<p>En junio tuvo unos d\u00edas de licencia, que aprovech\u00f3 para visitarlos. Sus superiores lo evocan como una persona siempre dispuesta y que disfrutaba atender la caballeriza, ya que le permit\u00eda estar en contacto con los animales.<\/p>\n\n\n\n<p class=\"has-text-align-center\"><img decoding=\"async\" src=\"https:\/\/www.infobae.com\/new-resizer\/dO9QclUw4-x_rDXHFf4ZGrBBtsI=\/arc-anglerfish-arc2-prod-infobae\/public\/Z5YJFAQA2ZDKDFRV3LUPFYVW2A.jpg\" alt=\"El ataque al Regimiento de infanter\u00eda de Monte 29 fue tapa de los diarios\" style=\"width: 900px;\"><\/p>\n\n\n\n<p>El ataque al Regimiento de infanter\u00eda de Monte 29 fue tapa de los diarios<\/p>\n\n\n\n<p>Ese domingo 5 de octubre el subteniente Jorge Ram\u00f3n C\u00e1ceres orden\u00f3 hacer un asado y quiso que estuviera listo para las 12.&nbsp;<strong>Sospechaba que al anochecer algo pasar\u00eda<\/strong>. Cada uno de los 70 soldados recibi\u00f3 un cargador m\u00e1s.<\/p>\n\n\n\n<p>Despu\u00e9s de almorzar, los conscriptos hab\u00edan jugado un partido de f\u00fatbol y se encaminaban a las duchas. Entre ellos estaba Marcelino Torales, alba\u00f1il, que su sue\u00f1o de chico humilde y peronista era ser cantante como Sandro. Y tambi\u00e9n, entre ellos,&nbsp;<strong>hab\u00eda un traidor, Luis Mayol<\/strong>, un santafecino que estudiaba Derecho y que era un&nbsp;<strong>militante montonero<\/strong>. Hab\u00eda llegado castigado de Santa Fe, su provincia natal.<\/p>\n\n\n\n<p>Se extra\u00f1aron verlo a mitad de la ma\u00f1ana dando vueltas por la guardia, yendo de un lado para el otro. Hab\u00eda pedido permiso para ir a la compa\u00f1\u00eda a buscar un pulover.&nbsp;<strong>Fue el que le abri\u00f3 el port\u00f3n de entrada a cinco camionetas con una treintena de montoneros.<\/strong><\/p>\n\n\n\n<p><img loading=\"lazy\" decoding=\"async\" alt=\"En su parte de guerra, montoneros destacaron la valent\u00eda y el arrojo de los conscriptos\" height=\"2614\" width=\"1920\" src=\"https:\/\/www.infobae.com\/new-resizer\/OoUdCs5LeGhSScnGBukSQqfxSe0=\/arc-anglerfish-arc2-prod-infobae\/public\/OZ4EJLHASBARLISQNR3FASXVTM.jpg\" srcset=\"https:\/\/www.infobae.com\/new-resizer\/hq5X5Vazwa75wxUZZtO9EGTvoh0=\/420x560\/filters:format(webp):quality(85)\/cloudfront-us-east-1.images.arcpublishing.com\/infobae\/OZ4EJLHASBARLISQNR3FASXVTM.jpg 420w,https:\/\/www.infobae.com\/new-resizer\/h6dVOcGQgmsBSCCadvf3gEx-g2M=\/768x1024\/filters:format(webp):quality(85)\/cloudfront-us-east-1.images.arcpublishing.com\/infobae\/OZ4EJLHASBARLISQNR3FASXVTM.jpg 768w,https:\/\/www.infobae.com\/new-resizer\/R0cOKQB4jDVrntIebU3GpVM0LZ4=\/992x1323\/filters:format(webp):quality(85)\/cloudfront-us-east-1.images.arcpublishing.com\/infobae\/OZ4EJLHASBARLISQNR3FASXVTM.jpg 992w,https:\/\/www.infobae.com\/new-resizer\/1c-U7G8iXn33ll7Af48UxbDwGk4=\/1200x1600\/filters:format(webp):quality(85)\/cloudfront-us-east-1.images.arcpublishing.com\/infobae\/OZ4EJLHASBARLISQNR3FASXVTM.jpg 1200w\">En su parte de guerra, montoneros destacaron la valent\u00eda y el arrojo de los conscriptos<\/p>\n\n\n\n<p>En la guardia, algunos soldados compartieron el vino que hab\u00eda sobrado y se recostaron. Torales se hab\u00eda acomodado sobre el techo del placard de hormig\u00f3n.<\/p>\n\n\n\n<p>Quince minutos despu\u00e9s los sobresaltaron el sonido de disparos. Hab\u00eda comenzado el ataque, donde peronistas baleaban a otros peronistas durante un gobierno constitucional peronista. No se sab\u00eda, pero en esa acci\u00f3n&nbsp;<strong>hac\u00eda su aparici\u00f3n el ej\u00e9rcito montonero<\/strong>, con uniforme azul, aunque algunos de ellos vest\u00edan camperas de lona y pantalones vaqueros.<\/p>\n\n\n\n<p>Los terroristas persegu\u00edan dos objetivos: obtener armamento y provocar un impacto psicol\u00f3gico pol\u00edtico y en la opini\u00f3n p\u00fablica.<\/p>\n\n\n\n<p><strong>\u201c\u00a1Salgan y dejen el armamento!\u201d<\/strong>, se escuch\u00f3 que los atacantes ordenaban a los soldados que estaban en la guardia. Nadie obedeci\u00f3 y<strong>&nbsp;la guardia fue acribillada<\/strong>. El soldado Mazacotte de pronto descubri\u00f3 que hab\u00eda sido herido en el abdomen. A su lado, su compa\u00f1ero Arrieta agonizaba. Hab\u00eda que salir.<\/p>\n\n\n\n<p>A\u00f1os m\u00e1s tarde Mazacotte, cont\u00f3 a&nbsp;<strong>Infobae&nbsp;<\/strong>que no entend\u00edan c\u00f3mo un paisano le disparaba a otro. Dec\u00eda que el soldado no estaba preparado para pelear entre hermanos. Explic\u00f3 que los montoneros cre\u00edan que como eran soldados negros, entregar\u00edan el regimiento.<\/p>\n\n\n\n<p class=\"has-text-align-center\"><img loading=\"lazy\" decoding=\"async\" height=\"242\" width=\"640\" src=\"https:\/\/www.infobae.com\/new-resizer\/NOR4HmGQnphVYtLP0xW271Iu80k=\/arc-anglerfish-arc2-prod-infobae\/public\/HHON6WDWB5CDBF6XWPYCGM6WUU.jpg\" alt=\"Los ca\u00eddos que murieron defendiendo el regimiento, esa tarde del 5 de octubre de 1975\"><\/p>\n\n\n\n<p>Los ca\u00eddos que murieron defendiendo el regimiento, esa tarde del 5 de octubre de 1975<\/p>\n\n\n\n<p>Cuando un montonero pretendi\u00f3 arrojar una granada hacia el interior por la ventana, Torales, desde la altura del placard, lo abati\u00f3 con su fusil.&nbsp;<strong>Al atacante le explot\u00f3 la granada en la mano.<\/strong><\/p>\n\n\n\n<p>Dejaron la guardia por una ventana, luego de quitar el mosquitero. Los soldados se la rebuscaron para hallar una posici\u00f3n desde donde defenderse. La encontraron detr\u00e1s de un timb\u00f3, un \u00e1rbol grande con una amplia sombra que era apreciada en el calor formose\u00f1o.<\/p>\n\n\n\n<p>Todos disparaban, a pesar de los pedidos que los terroristas de que se rindiesen. Mazzacote, entonces,&nbsp;<strong>recibi\u00f3 un tiro en la pierna derecha<\/strong>, arriba de la rodilla y qued\u00f3 fuera de combate.<\/p>\n\n\n\n<p>Los montoneros abatieron al sargento V\u00edctor Zanabria que intentaba operar la radio para dar la alerta.&nbsp;<strong>Otro grupo asesin\u00f3 a sangre fr\u00eda a cinco conscriptos que dorm\u00edan<\/strong>. Cuando se dirigieron a otra de las cuadras donde descansaban soldados, se toparon con Hermindo que hizo frente a cinco atacantes. Le exigieron que se rindiese, que la cosa no era con \u00e9l.<strong>&nbsp;\u201c\u00a1Ac\u00e1 no se rinde nadie, mierdas!\u201d<\/strong>&nbsp;les grit\u00f3. Lo partieron al medio con una r\u00e1faga de ametralladora.<\/p>\n\n\n\n<p><img loading=\"lazy\" decoding=\"async\" alt=\"Por muchos a\u00f1os, Jovina Luna se puso al hombro la lucha para que los soldados fuesen reconocidos\" height=\"1080\" width=\"1920\" src=\"https:\/\/www.infobae.com\/new-resizer\/4k7kpD8Udh7FCGJBKsk9P8h13L4=\/arc-anglerfish-arc2-prod-infobae\/public\/SQU4F3COUVH3FGELGFT6UIYNFM.jpg\" srcset=\"https:\/\/www.infobae.com\/new-resizer\/5uouexQ2sdlfM5u8xumKRR7kO1Q=\/420x236\/filters:format(webp):quality(85)\/cloudfront-us-east-1.images.arcpublishing.com\/infobae\/SQU4F3COUVH3FGELGFT6UIYNFM.jpg 420w,https:\/\/www.infobae.com\/new-resizer\/btL6xVkL_g_6ex2KFwSfrFzSKxg=\/768x432\/filters:format(webp):quality(85)\/cloudfront-us-east-1.images.arcpublishing.com\/infobae\/SQU4F3COUVH3FGELGFT6UIYNFM.jpg 768w,https:\/\/www.infobae.com\/new-resizer\/p2lXI33QYqbOjLM4wJ1tmFpCrbQ=\/992x558\/filters:format(webp):quality(85)\/cloudfront-us-east-1.images.arcpublishing.com\/infobae\/SQU4F3COUVH3FGELGFT6UIYNFM.jpg 992w,https:\/\/www.infobae.com\/new-resizer\/39JXEqBfg_debB-Z2KahkjDohsM=\/1200x675\/filters:format(webp):quality(85)\/cloudfront-us-east-1.images.arcpublishing.com\/infobae\/SQU4F3COUVH3FGELGFT6UIYNFM.jpg 1200w,https:\/\/www.infobae.com\/new-resizer\/NyGdmsdumjLZ6jtdxE9RQYNClqA=\/1440x810\/filters:format(webp):quality(85)\/cloudfront-us-east-1.images.arcpublishing.com\/infobae\/SQU4F3COUVH3FGELGFT6UIYNFM.jpg 1440w\">Por muchos a\u00f1os, Jovina Luna se puso al hombro la lucha para que los soldados fuesen reconocidos<\/p>\n\n\n\n<p>Algunos soldados intentaron refugiarse en los ba\u00f1os y los montoneros les arrojaron granadas por las ventanas.&nbsp;<strong>Mayol gui\u00f3 a los atacantes hasta el dep\u00f3sito de armas<\/strong>, pero encontraron una tenaz resistencia de conscriptos. Luego de hacerse con 18 FAL y un FAP emprendieron la retirada, temiendo que los refuerzos no demorar\u00edan en llegar.<\/p>\n\n\n\n<p>Cuando vieron a Mayol salir al descubierto con una ametralladora para rematar al subteniente Masaferro que estaba herido,&nbsp;<strong>los soldados lo abatieron<\/strong>.<\/p>\n\n\n\n<p>Los montoneros sufrieron varias bajas, producto del fuego de una ametralladora que los soldados hab\u00edan dispuesto cerca del m\u00e1stil. Dejaron el cuartel, escaparon en un Boing 737 y aterrizar\u00edan en un campo por Rafaela, y en un Cessna 182 con rumbo a Corrientes.<\/p>\n\n\n\n<p><strong>En el Regimiento quedaron 24 muertos, doce por cada lado<\/strong>. Fallecieron el subteniente Ricardo Massaferro, el sargento V\u00edctor Zanabria, que dej\u00f3 una esposa y dos hijos, y los soldados Antonio Arrieta, Heriberto \u00c1valos, Jos\u00e9 Coronel, Dante Salvatierra, Ismael S\u00e1nchez, Tom\u00e1s S\u00e1nchez, Edmundo Sosa, Marcelino Torantes, Alberto Villalba y Hermindo Luna. Tambi\u00e9n murieron tres civiles, ajenos a la acci\u00f3n.<\/p>\n\n\n\n<p><strong>Los Luna se enteraron del ataque al d\u00eda siguiente<\/strong>. En el pueblo no hab\u00eda tel\u00e9fono y el \u00fanico enlace eran los radioaficionados, que sol\u00edan contactarse con el puesto local de Gendarmer\u00eda.<\/p>\n\n\n\n<p>Fue su hermano Remigio quien recibi\u00f3, en su trabajo, el telegrama con la peor noticia. A los tres d\u00edas el cuerpo lleg\u00f3 a Las Lomitas. Lo velaron en la casa a caj\u00f3n cerrado. En el pueblo no exist\u00edan las casas f\u00fanebres. No pudieron verlo por \u00faltima vez y la familia debi\u00f3 contentarse con abrazar el f\u00e9retro. Se acerc\u00f3 mucha gente y<strong>&nbsp;se form\u00f3 una fila interminable cuando lo llevaron al cementerio.<\/strong><\/p>\n\n\n\n<p>Su padre Jes\u00fas falleci\u00f3 en 2003 y su madre Secundina, tres a\u00f1os despu\u00e9s. Un sobrino lleva su nombre y uno de los hijos de Jovina es sorprendentemente parecido a su t\u00edo.<\/p>\n\n\n\n<p>Hac\u00eda a\u00f1os que la raz\u00f3n de ser de&nbsp;<strong>Jovina<\/strong>&nbsp;era la de reivindicar la memoria de su hermano y de los ca\u00eddos en la defensa del regimiento. Hab\u00eda logrado que el entonces presidente Mauricio Macri firmase el&nbsp;<strong>decreto de necesidad y urgencia 829<\/strong>&nbsp;de reconocimiento el&nbsp;<strong>derecho de los familiares de los soldados ca\u00eddos y a los que hubiesen sido gravemente heridos a cobrar una indemnizaci\u00f3n<\/strong>. Entre los fundamentos, se se\u00f1ala \u201c\u2026mitigar el dolor, la angustia, la tristeza y la impotencia sufrida por&nbsp;<strong>tantos a\u00f1os de olvido<\/strong>\u201d, y destaca que \u201crecordar y honrar a estos valientes hombres de la Patria es una responsabilidad y obligaci\u00f3n del Estado Nacional\u201d.<\/p>\n\n\n\n<p>Jovina tambi\u00e9n luchaba para que quitasen del Parque de la Memoria los nombres de los asesinos de su hermano.<\/p>\n\n\n\n<p>El martes 18 de mayo del 2021 sinti\u00f3 un malestar en el est\u00f3mago. Su esposo Roberto insisti\u00f3 para que viera un m\u00e9dico en Mechita, donde viv\u00edan. Sospecharon que se hab\u00eda contagiado de covid en una FM local donde entrevistaba a veteranos de aquellos a\u00f1os setenta y a ex combatientes de Malvinas. Primero estuvo internada en el Hospital San Luis de Bragado y luego derivada a Jun\u00edn, donde falleci\u00f3 el 18 de junio. Ten\u00eda 56 a\u00f1os.<\/p>\n\n\n\n<p>No se enter\u00f3 que&nbsp;<strong>ese decreto de reconocimiento no fue tenido en cuenta por el gobierno de Alberto Fern\u00e1ndez.<\/strong>&nbsp;Falta que sea reglamentado y que se realice el pago. Hubo presentaciones ante la justicia y ante el ministerio de Defensa, pero el tr\u00e1mite no se movi\u00f3. Fuentes consultadas por<strong>&nbsp;Infobae<\/strong>&nbsp;aseguran que falta voluntad pol\u00edtica para poner en agenda este tema, que&nbsp;<strong>es el hecho m\u00e1s importante ocurrido en la historia de la provincia.<\/strong><\/p>\n\n\n\n<p>Por su parte, hace unos a\u00f1os que el gobierno de Formosa instituy\u00f3 esa fecha como el d\u00eda del Soldado Formose\u00f1o y el d\u00eda del H\u00e9roe Formose\u00f1o. Varios de aquellos soldados ya fallecieron.<\/p>\n\n\n\n<p><img loading=\"lazy\" decoding=\"async\" alt=\"Uno de los tantos homenajes del tr\u00e1gico hecho. Veteranos con las imagenes de los ca\u00eddos, a 44 a\u00f1os del ataque\" height=\"1080\" width=\"1920\" src=\"https:\/\/www.infobae.com\/new-resizer\/lqdcz9ztu5-drrqdlR0foHuzCus=\/arc-anglerfish-arc2-prod-infobae\/public\/ZV2I7EUH7REWNARGJFEUMTQUG4.jpg\" srcset=\"https:\/\/www.infobae.com\/new-resizer\/KATnd9MgQLCJRDT14ChRRFdIGDM=\/420x236\/filters:format(webp):quality(85)\/cloudfront-us-east-1.images.arcpublishing.com\/infobae\/ZV2I7EUH7REWNARGJFEUMTQUG4.jpg 420w,https:\/\/www.infobae.com\/new-resizer\/X4M67jVmtoo8a_unSVmHQwTREDs=\/768x432\/filters:format(webp):quality(85)\/cloudfront-us-east-1.images.arcpublishing.com\/infobae\/ZV2I7EUH7REWNARGJFEUMTQUG4.jpg 768w,https:\/\/www.infobae.com\/new-resizer\/YlhgIe-U5faPRjjcqH0dCEfCnI4=\/992x558\/filters:format(webp):quality(85)\/cloudfront-us-east-1.images.arcpublishing.com\/infobae\/ZV2I7EUH7REWNARGJFEUMTQUG4.jpg 992w,https:\/\/www.infobae.com\/new-resizer\/w60GSgTJ99ZZJhm9lHBmCeMI4Kg=\/1200x675\/filters:format(webp):quality(85)\/cloudfront-us-east-1.images.arcpublishing.com\/infobae\/ZV2I7EUH7REWNARGJFEUMTQUG4.jpg 1200w,https:\/\/www.infobae.com\/new-resizer\/9QEa1hG3-FPfH-WQTRXr8UjlX0w=\/1440x810\/filters:format(webp):quality(85)\/cloudfront-us-east-1.images.arcpublishing.com\/infobae\/ZV2I7EUH7REWNARGJFEUMTQUG4.jpg 1440w\">Uno de los tantos homenajes del tr\u00e1gico hecho. Veteranos con las imagenes de los ca\u00eddos, a 44 a\u00f1os del ataque<\/p>\n\n\n\n<p>Ese 1 de octubre de 1975, cuando visitaron a Hermindo en el cuartel, le dieron una alegr\u00eda. Pudieron estar juntos un rato y al momento de la despedida, \u00e9l le dio a su hermana el t\u00edpico tir\u00f3n de orejas que reciben los cumplea\u00f1eros.&nbsp;<strong>\u201cQue la pases bien, y decile a mi viejita que pronto voy a ir a verla\u201d.<\/strong><\/p>\n\n\n\n<p>Ese tir\u00f3n de orejas fue el \u00faltimo recuerdo que Jovina conserv\u00f3 de su hermano querend\u00f3n, que nunca se enojaba cuando le romp\u00edan sus dibujos y que se alegr\u00f3 cuando supo que har\u00eda la colimba en sus pagos.<\/p>\n","protected":false},"excerpt":{"rendered":"<p>Ese domingo 5 de octubre de 1975&nbsp;era todo fiesta en lo de los Luna. Le festejaban el cumplea\u00f1os a Jovina, que cumpl\u00eda 11 a\u00f1os, y aprovecharon para celebrar el de&hellip; <\/p>\n","protected":false},"author":1,"featured_media":92923,"comment_status":"closed","ping_status":"open","sticky":false,"template":"","format":"standard","meta":{"footnotes":""},"categories":[17],"tags":[],"class_list":["post-92922","post","type-post","status-publish","format-standard","has-post-thumbnail","hentry","category-sociales"],"_links":{"self":[{"href":"https:\/\/corrientesdetarde.com\/index.php\/wp-json\/wp\/v2\/posts\/92922","targetHints":{"allow":["GET"]}}],"collection":[{"href":"https:\/\/corrientesdetarde.com\/index.php\/wp-json\/wp\/v2\/posts"}],"about":[{"href":"https:\/\/corrientesdetarde.com\/index.php\/wp-json\/wp\/v2\/types\/post"}],"author":[{"embeddable":true,"href":"https:\/\/corrientesdetarde.com\/index.php\/wp-json\/wp\/v2\/users\/1"}],"replies":[{"embeddable":true,"href":"https:\/\/corrientesdetarde.com\/index.php\/wp-json\/wp\/v2\/comments?post=92922"}],"version-history":[{"count":1,"href":"https:\/\/corrientesdetarde.com\/index.php\/wp-json\/wp\/v2\/posts\/92922\/revisions"}],"predecessor-version":[{"id":92924,"href":"https:\/\/corrientesdetarde.com\/index.php\/wp-json\/wp\/v2\/posts\/92922\/revisions\/92924"}],"wp:featuredmedia":[{"embeddable":true,"href":"https:\/\/corrientesdetarde.com\/index.php\/wp-json\/wp\/v2\/media\/92923"}],"wp:attachment":[{"href":"https:\/\/corrientesdetarde.com\/index.php\/wp-json\/wp\/v2\/media?parent=92922"}],"wp:term":[{"taxonomy":"category","embeddable":true,"href":"https:\/\/corrientesdetarde.com\/index.php\/wp-json\/wp\/v2\/categories?post=92922"},{"taxonomy":"post_tag","embeddable":true,"href":"https:\/\/corrientesdetarde.com\/index.php\/wp-json\/wp\/v2\/tags?post=92922"}],"curies":[{"name":"wp","href":"https:\/\/api.w.org\/{rel}","templated":true}]}}