{"id":92932,"date":"2023-10-05T10:28:31","date_gmt":"2023-10-05T13:28:31","guid":{"rendered":"https:\/\/corrientesdetarde.com\/?p=92932"},"modified":"2023-10-05T10:28:36","modified_gmt":"2023-10-05T13:28:36","slug":"tucuman-estaba-profugo-por-intento-de-homicidio-y-su-victima-lo-encontro-en-una-terminal-de-micros","status":"publish","type":"post","link":"https:\/\/corrientesdetarde.com\/index.php\/policiales\/tucuman-estaba-profugo-por-intento-de-homicidio-y-su-victima-lo-encontro-en-una-terminal-de-micros\/","title":{"rendered":"Tucum\u00e1n: estaba pr\u00f3fugo por intento de homicidio y su v\u00edctima lo encontr\u00f3 en una terminal de micros"},"content":{"rendered":"\n<p>Un hombre que estaba\u00a0<strong>pr\u00f3fugo\u00a0<\/strong>tras recibir una condena por un<strong>\u00a0intento de homicidio<\/strong>, fue detenido luego de que\u00a0<strong>su\u00a0v\u00edctima\u00a0lo reconociera\u00a0en una terminal de micros comiendo empanadas.<\/strong><\/p>\n\n\n\n<p>El ins\u00f3lito episodio ocurri\u00f3 en las \u00faltimas horas en San Miguel de\u00a0Tucum\u00e1n. El condenado fue identificado como Rub\u00e9n Dar\u00edo Galv\u00e1n, quien hab\u00eda cometido el delito en 2011.<\/p>\n\n\n\n<p>De acuerdo a lo indicado en la causa, el hombre<strong>&nbsp;intent\u00f3 matar al hermano de Mar\u00eda Jos\u00e9 Gordillo<\/strong>, una adolescente de 14 a\u00f1os que fue asesinada en el mismo ataque al joven. Tanto el responsable de la muerte de la chica como Galv\u00e1n fueron condenados, pero a este \u00faltimo, cuando la sentencia qued\u00f3 firme y la Polic\u00eda fue a buscarlo para trasladarlo a la c\u00e1rcel,<strong>&nbsp;no lo encontraron.<\/strong><\/p>\n\n\n\n<p>Sin embargo, este martes, su v\u00edctima se lo encontr\u00f3 en la zona de la \u201cTerminal vieja\u201d, como es denominada la parada de micros de larga distancia.<\/p>\n\n\n\n<figure class=\"wp-block-image\"><img decoding=\"async\" src=\"https:\/\/tn.com.ar\/resizer\/IBeooLT2mWZDSdXp4TCyK6tnn38=\/767x0\/smart\/filters:format(webp)\/cloudfront-us-east-1.images.arcpublishing.com\/artear\/7VWLD4TNHZCHBN7RJGQ4E67KMI.jpeg\" alt=\"El lugar donde fue hallado el pr\u00f3fugo. (Foto: gentileza Primera Fuente)\"\/><figcaption>El lugar donde fue hallado el pr\u00f3fugo. (Foto: gentileza Primera Fuente)<\/figcaption><\/figure>\n\n\n\n<p>Galv\u00e1n sal\u00eda de un local de comida al paso ubicado en avenida S\u00e1enz Pe\u00f1a y Charcas y<strong>&nbsp;\u201ccom\u00eda empanadas\u201d,<\/strong>&nbsp;seg\u00fan el relato del denunciante.<\/p>\n\n\n\n<p>La oficial principal Mart\u00ednez, a cargo de su detenci\u00f3n, habl\u00f3 con el medio local<em>\u00a0Los Primeros<\/em>\u00a0y detall\u00f3 c\u00f3mo ocurri\u00f3 todo. \u201cPersonal de parada tom\u00f3 conocimiento a trav\u00e9s de un ciudadano que indicaba que en un bar se encontraba<strong>\u00a0una persona que contaba con pedido de captura por causa por intento de homicidio<\/strong>\u201d, explic\u00f3.<\/p>\n\n\n\n<p>\u201cEl personal solicit\u00f3 colaboraci\u00f3n, mientras le pidieron que se identifique. Ah\u00ed solicitamos sus antecedentes y corroboramos que contaba con pedido de captura. Enseguida lo&nbsp;<strong>aprehendimos&nbsp;<\/strong>y la fiscal\u00eda de homicidio continu\u00f3 con la causa que comenz\u00f3 en el a\u00f1o 2012\u2033, destac\u00f3 Mart\u00ednez.<\/p>\n\n\n\n<p>Asimismo, indic\u00f3 que momentos previos a la detenci\u00f3n se realiz\u00f3 una&nbsp;<strong>persecuci\u00f3n&nbsp;<\/strong>a pie. \u201cEvitaba el contacto con el personal policial. Estaba nervioso, pero no dijo nada, sab\u00eda cual era su situaci\u00f3n y al ver la cantidad de polic\u00edas no se resisti\u00f3\u201d, sum\u00f3.<\/p>\n\n\n\n<h2 class=\"wp-block-heading\">Viajaba en colectivo y se cruz\u00f3 con el sospechoso del femicidio de su hermana: \u201cQuise preguntarle qu\u00e9 hizo\u201d<\/h2>\n\n\n\n<p><strong>Agostina Jalabert<\/strong>\u00a0ten\u00eda 31 a\u00f1os cuando la encontraron muerta en el departamento donde viv\u00eda con su novio,\u00a0<strong>Juan Manuel Reverter<\/strong>, en\u00a0<strong>M\u00e9xico.\u00a0<\/strong>En un principio, las autoridades consideraron que hab\u00eda sido un suicidio, pero la familia presion\u00f3 -en base al resultado de la autopsia y los episodios violentos de la pareja- y logr\u00f3 que el caso se investigue como un\u00a0<strong>femicidio.<\/strong><\/p>\n\n\n\n<figure class=\"wp-block-image\"><img decoding=\"async\" src=\"https:\/\/tn.com.ar\/resizer\/QI2xUC00FIkKS_exRtUcT5CrLbs=\/767x0\/smart\/filters:format(webp)\/cloudfront-us-east-1.images.arcpublishing.com\/artear\/ATJNZVWW25FQXLAAYGELPCJH4M.jpg\" alt=\"Agostina Jalabert fue encontrada muerta en M\u00e9xico. (Facebook: Agostina Jalabert).\n\"\/><figcaption>Agostina Jalabert fue encontrada muerta en M\u00e9xico. (Facebook: Agostina Jalabert).<\/figcaption><\/figure>\n\n\n\n<p>A siete meses del tr\u00e1gico hecho, Camila, una de las hermanas de la v\u00edctima,\u00a0<strong>se cruz\u00f3 con el principal sospechoso<\/strong>\u00a0del crimen cuando viajaba en micro. \u201cFue un momento muy angustiante,<strong>\u00a0no pod\u00eda ni respirar\u201d<\/strong>, cont\u00f3 en di\u00e1logo con\u00a0<strong>TN.<\/strong><\/p>\n\n\n\n<p>Se trat\u00f3 de la primera vez que alguien de la familia lo ve desde la muerte de Agostina, ya que el joven se mantuvo con bajo perfil y decidi\u00f3 refugiarse en otros pa\u00edses. El fugaz encuentro en la terminal removi\u00f3 el dolor de no saber qu\u00e9 pas\u00f3 esa noche del 17 de febrero: \u201cJusto fui la primera en verlo despu\u00e9s de lo que pas\u00f3,&nbsp;<strong>me qued\u00e9 con bronca de no decirle nada\u201d.<\/strong><\/p>\n","protected":false},"excerpt":{"rendered":"<p>Un hombre que estaba\u00a0pr\u00f3fugo\u00a0tras recibir una condena por un\u00a0intento de homicidio, fue detenido luego de que\u00a0su\u00a0v\u00edctima\u00a0lo reconociera\u00a0en una terminal de micros comiendo empanadas. El ins\u00f3lito episodio ocurri\u00f3 en las \u00faltimas&hellip; <\/p>\n","protected":false},"author":12,"featured_media":92937,"comment_status":"closed","ping_status":"open","sticky":false,"template":"","format":"standard","meta":{"footnotes":""},"categories":[33],"tags":[],"class_list":["post-92932","post","type-post","status-publish","format-standard","has-post-thumbnail","hentry","category-policiales"],"_links":{"self":[{"href":"https:\/\/corrientesdetarde.com\/index.php\/wp-json\/wp\/v2\/posts\/92932","targetHints":{"allow":["GET"]}}],"collection":[{"href":"https:\/\/corrientesdetarde.com\/index.php\/wp-json\/wp\/v2\/posts"}],"about":[{"href":"https:\/\/corrientesdetarde.com\/index.php\/wp-json\/wp\/v2\/types\/post"}],"author":[{"embeddable":true,"href":"https:\/\/corrientesdetarde.com\/index.php\/wp-json\/wp\/v2\/users\/12"}],"replies":[{"embeddable":true,"href":"https:\/\/corrientesdetarde.com\/index.php\/wp-json\/wp\/v2\/comments?post=92932"}],"version-history":[{"count":1,"href":"https:\/\/corrientesdetarde.com\/index.php\/wp-json\/wp\/v2\/posts\/92932\/revisions"}],"predecessor-version":[{"id":92938,"href":"https:\/\/corrientesdetarde.com\/index.php\/wp-json\/wp\/v2\/posts\/92932\/revisions\/92938"}],"wp:featuredmedia":[{"embeddable":true,"href":"https:\/\/corrientesdetarde.com\/index.php\/wp-json\/wp\/v2\/media\/92937"}],"wp:attachment":[{"href":"https:\/\/corrientesdetarde.com\/index.php\/wp-json\/wp\/v2\/media?parent=92932"}],"wp:term":[{"taxonomy":"category","embeddable":true,"href":"https:\/\/corrientesdetarde.com\/index.php\/wp-json\/wp\/v2\/categories?post=92932"},{"taxonomy":"post_tag","embeddable":true,"href":"https:\/\/corrientesdetarde.com\/index.php\/wp-json\/wp\/v2\/tags?post=92932"}],"curies":[{"name":"wp","href":"https:\/\/api.w.org\/{rel}","templated":true}]}}