{"id":92943,"date":"2023-10-05T10:47:00","date_gmt":"2023-10-05T13:47:00","guid":{"rendered":"https:\/\/corrientesdetarde.com\/?p=92943"},"modified":"2023-10-05T10:47:12","modified_gmt":"2023-10-05T13:47:12","slug":"se-supo-como-fue-momento-en-el-que-jesica-cirio-descubrio-que-martin-insaurralde-tenia-otras-tres-novias","status":"publish","type":"post","link":"https:\/\/corrientesdetarde.com\/index.php\/espectaculos\/se-supo-como-fue-momento-en-el-que-jesica-cirio-descubrio-que-martin-insaurralde-tenia-otras-tres-novias\/","title":{"rendered":"Se supo c\u00f3mo fue momento en el que Jesica Cirio descubri\u00f3 que Mart\u00edn Insaurralde ten\u00eda otras tres \u201cnovias\u201d"},"content":{"rendered":"\n<p><strong>Jesica Cirio\u00a0<\/strong>ya habr\u00eda superado a\u00a0<strong>Mart\u00edn Insaurralde<\/strong>. Sin embargo, el proceso de separaci\u00f3n no fue nada f\u00e1cil, ya que las infidelidades que confirm\u00f3 le rompieron el coraz\u00f3n. En\u00a0<em>Socios del espect\u00e1culo (eltrece)<\/em>, Mariana Brey detall\u00f3\u00a0c\u00f3mo fue el momento en el que la modelo descubri\u00f3, al menos, tres enga\u00f1os y decidi\u00f3 encararlo en busca de una explicaci\u00f3n.<\/p>\n\n\n\n<p>\u201cLo enfrent\u00f3. Desconfiaba de \u00e9l y le empez\u00f3 a contar a su entorno que la estaba pasando mal. Se dio cuenta que \u00e9l ten\u00eda al menos tres amantes en Puerto Madero y lo encar\u00f3. Le dio tres nombres: una famosa, una desconocida y la otra era\u00a0<strong>Sof\u00eda Clerici.<\/strong>\u00a0Jesica insisti\u00f3 mucho con el tema, pero el entorno no le cre\u00eda, le dec\u00edan que \u00e9l estaba muy enamorado y que no pod\u00eda ser\u201d, asegur\u00f3 la panelista.<\/p>\n\n\n\n<p>Por \u00faltimo, remarc\u00f3 que las sospechas de la conductora de&nbsp;<em>La Pe\u00f1a de Morfi&nbsp;<\/em>se desencadenaron cuando<strong>&nbsp;lo empez\u00f3 a notar cambiado y algo distante.<\/strong>&nbsp;\u201cEstaba distinto. Se enter\u00f3 que \u00e9l a cada una de estas chicas les hac\u00eda \u2018de novio\u2019\u201d, cerr\u00f3. D\u00edas atr\u00e1s, Yanina Latorre hab\u00eda comentado en&nbsp;<em>LAM (Am\u00e9rica)<\/em>&nbsp;que \u00e9l se convirti\u00f3 en otra persona cuando pas\u00f3 de Intendente de Lomas de Zamora a Jefe de Gabinete de Ministros de la Provincia de Buenos Aires. \u201cEra muy familiero, pero de repente comenz\u00f3 a volver tarde a la casa todos los d\u00edas\u201d, dispar\u00f3.<\/p>\n\n\n\n<figure class=\"wp-block-image\"><img decoding=\"async\" src=\"https:\/\/tn.com.ar\/resizer\/mzdZbUlUYVpyIWf5ozTewHf7LBA=\/767x0\/smart\/filters:format(webp)\/cloudfront-us-east-1.images.arcpublishing.com\/artear\/K6YFYXECFVEYTEQZAC5PWXPG6E.jpg\" alt=\"Jesica Cirio y Mart\u00edn Insaurralde tienen una hija en com\u00fan. (Foto: instagram\/jesicacirio)\"\/><figcaption>Jesica Cirio y Mart\u00edn Insaurralde tienen una hija en com\u00fan. (Foto: instagram\/jesicacirio)<\/figcaption><\/figure>\n\n\n\n<h2 class=\"wp-block-heading\">Qui\u00e9n ser\u00eda el nuevo novio de Jesica Cirio<\/h2>\n\n\n\n<p>Este mi\u00e9rcoles dieron a conocer que<strong>&nbsp;Jesica Cirio<\/strong>&nbsp;estar\u00eda nuevamente en pareja. As\u00ed lo inform\u00f3&nbsp;<strong>Mariana Brey<\/strong>&nbsp;este mi\u00e9rcoles en&nbsp;<em>Socios del espect\u00e1culo (eltrece)<\/em>.&nbsp;<strong>\u201cLa cuida mucho, la quiere y la trata bien.&nbsp;<\/strong>Se llama&nbsp;<strong>El\u00edas<\/strong>, me dijeron que<strong>&nbsp;es un tipo re fachero y tiene 40 a\u00f1os<\/strong>\u201d, indic\u00f3.<\/p>\n\n\n\n<figure class=\"wp-block-image\"><img decoding=\"async\" src=\"https:\/\/tn.com.ar\/resizer\/OAd5wLDDQyy8_xqjslRg2OvcEng=\/767x0\/smart\/filters:format(webp)\/cloudfront-us-east-1.images.arcpublishing.com\/artear\/PE72SCGWH5CNVE3F2ZRBYNVM5Y.jpg\" alt=\"Jesica Cirio y Mart\u00edn Insaurralde fueron pareja durante una d\u00e9cada. (Foto: instagram\/jesicacirio)\"\/><figcaption>Jesica Cirio y Mart\u00edn Insaurralde fueron pareja durante una d\u00e9cada. (Foto: instagram\/jesicacirio)<\/figcaption><\/figure>\n\n\n\n<p>Con respecto a este supuesto nuevo novio de Cirio, Brey cont\u00f3:<strong>&nbsp;\u201cEst\u00e1 muy enamorado, y entiendo que ella tambi\u00e9n de \u00e9l\u201d<\/strong>. Adem\u00e1s, se\u00f1al\u00f3 que&nbsp;<strong>hicieron un viaje juntos por Espa\u00f1a<\/strong>, y que tambi\u00e9n estuvieron arriba de un&nbsp;<strong>yate<\/strong>, al igual que Insaurralde con Clerici.<\/p>\n\n\n\n<p>Tal como trascendi\u00f3 en estos d\u00edas, Mart\u00edn Insaurralde&nbsp;<strong>naveg\u00f3 por el mar Mediterr\u00e1neo<\/strong>&nbsp;con Sof\u00eda Clerici a bordo de un yate modelo&nbsp;<strong>\u201cBandido 90\u2033<\/strong>. En septiembre, alquilarlo durante 4 horas costaba 5250 euros y el valor m\u00e1s alto es de<strong>&nbsp;8400 euros&nbsp;<\/strong>si el tiempo es por ocho horas. Adem\u00e1s, la empresa&nbsp;<strong>\u201cMarbella Boat Charter\u201d&nbsp;<\/strong>aclara en su p\u00e1gina web que estas cifras no incluyen el 21% del IVA.<\/p>\n\n\n\n<figure class=\"wp-block-image\"><img decoding=\"async\" src=\"https:\/\/tn.com.ar\/resizer\/tLx_zzQc1jZcUVoRoKw6WNJ1QUk=\/767x0\/smart\/filters:format(webp)\/cloudfront-us-east-1.images.arcpublishing.com\/artear\/LHB7O3VGERD67EQEB4PQ57TDYA.jpg\" alt=\"Sof\u00eda Clerici hundi\u00f3 la carrera pol\u00edtica de Mart\u00edn Insaurralde (Foto: Instagram\/sofiaclericiok-minsaurralde)\"\/><figcaption>Sof\u00eda Clerici hundi\u00f3 la carrera pol\u00edtica de Mart\u00edn Insaurralde (Foto: Instagram\/sofiaclericiok-minsaurralde)<\/figcaption><\/figure>\n","protected":false},"excerpt":{"rendered":"<p>Jesica Cirio\u00a0ya habr\u00eda superado a\u00a0Mart\u00edn Insaurralde. Sin embargo, el proceso de separaci\u00f3n no fue nada f\u00e1cil, ya que las infidelidades que confirm\u00f3 le rompieron el coraz\u00f3n. En\u00a0Socios del espect\u00e1culo (eltrece),&hellip; <\/p>\n","protected":false},"author":12,"featured_media":92949,"comment_status":"closed","ping_status":"open","sticky":false,"template":"","format":"standard","meta":{"footnotes":""},"categories":[19],"tags":[],"class_list":["post-92943","post","type-post","status-publish","format-standard","has-post-thumbnail","hentry","category-espectaculos"],"_links":{"self":[{"href":"https:\/\/corrientesdetarde.com\/index.php\/wp-json\/wp\/v2\/posts\/92943","targetHints":{"allow":["GET"]}}],"collection":[{"href":"https:\/\/corrientesdetarde.com\/index.php\/wp-json\/wp\/v2\/posts"}],"about":[{"href":"https:\/\/corrientesdetarde.com\/index.php\/wp-json\/wp\/v2\/types\/post"}],"author":[{"embeddable":true,"href":"https:\/\/corrientesdetarde.com\/index.php\/wp-json\/wp\/v2\/users\/12"}],"replies":[{"embeddable":true,"href":"https:\/\/corrientesdetarde.com\/index.php\/wp-json\/wp\/v2\/comments?post=92943"}],"version-history":[{"count":1,"href":"https:\/\/corrientesdetarde.com\/index.php\/wp-json\/wp\/v2\/posts\/92943\/revisions"}],"predecessor-version":[{"id":92950,"href":"https:\/\/corrientesdetarde.com\/index.php\/wp-json\/wp\/v2\/posts\/92943\/revisions\/92950"}],"wp:featuredmedia":[{"embeddable":true,"href":"https:\/\/corrientesdetarde.com\/index.php\/wp-json\/wp\/v2\/media\/92949"}],"wp:attachment":[{"href":"https:\/\/corrientesdetarde.com\/index.php\/wp-json\/wp\/v2\/media?parent=92943"}],"wp:term":[{"taxonomy":"category","embeddable":true,"href":"https:\/\/corrientesdetarde.com\/index.php\/wp-json\/wp\/v2\/categories?post=92943"},{"taxonomy":"post_tag","embeddable":true,"href":"https:\/\/corrientesdetarde.com\/index.php\/wp-json\/wp\/v2\/tags?post=92943"}],"curies":[{"name":"wp","href":"https:\/\/api.w.org\/{rel}","templated":true}]}}