{"id":92944,"date":"2023-10-05T10:50:24","date_gmt":"2023-10-05T13:50:24","guid":{"rendered":"https:\/\/corrientesdetarde.com\/?p=92944"},"modified":"2023-10-05T10:50:29","modified_gmt":"2023-10-05T13:50:29","slug":"tassano-entrego-certificados-de-capacitacion-laboral-parajovenes-queremos-una-ciudad-preparada-para-el-futuro","status":"publish","type":"post","link":"https:\/\/corrientesdetarde.com\/index.php\/politica\/tassano-entrego-certificados-de-capacitacion-laboral-parajovenes-queremos-una-ciudad-preparada-para-el-futuro\/","title":{"rendered":"Tassano entreg\u00f3 certificados de capacitaci\u00f3n laboral paraj\u00f3venes: \u201cQueremos una ciudad preparada para el futuro\u201d"},"content":{"rendered":"\n<p>El intendente Eduardo Tassano particip\u00f3 de la entrega de certificados de cursos de capacitaci\u00f3n laboral a m\u00e1s de 800 j\u00f3venes de la ciudad, realizados en el marco del Plan de Desarrollo Econ\u00f3mico para J\u00f3venes que impulsa la Municipalidad de Corrientes a trav\u00e9s de la Secretar\u00eda de Desarrollo Econ\u00f3mico.<br>El objetivo central de estos espacios de capacitaci\u00f3n, a los que tambi\u00e9n se sumaron personas mayores, es brindar herramientas de formaci\u00f3n a quienes buscan desarrollarse en el mercado laboral. \u201cEstos cursos para j\u00f3venes los encaramos fundamentalmente para el desarrollo econ\u00f3mico de la ciudad, en tareas que se demanden\u201d, explic\u00f3 el intendente, haciendo hincapi\u00e9 en ejes sectoriales como empleo verde; econom\u00eda del conocimiento; servicios y oficios generales; y turismo, gastronom\u00eda y afines.<br>\u201cNos estamos preparando para el futuro\u201d, advirti\u00f3 luego Tassano y al respecto record\u00f3 que \u201cen estos a\u00f1os de gesti\u00f3n observamos cuestiones que necesitaba la ciudad y pens\u00e1bamos hacia d\u00f3nde va a ir el desarrollo econ\u00f3mico, hacia d\u00f3nde tenemos que orientarla. Y as\u00ed surgieron estas capacitaciones para j\u00f3venes, que sirvan de est\u00edmulo para las actividades que necesitamos implementar\u201d, sostuvo Tassano.<br>\u201cEstamos viviendo la cuarta revoluci\u00f3n industrial y queremos tener una ciudad preparada para el futuro\u201d, subray\u00f3 tras el acto llevado a cabo en la sede este mi\u00e9rcoles de la Sociedad Espa\u00f1ola del que tambi\u00e9n participaron los secretarios de Desarrollo Econ\u00f3mico, Juan Esteban Maldonado Yonna; y de Coordinaci\u00f3n de Gobierno municipal, Hugo Calvano; dem\u00e1s funcionarios municipales, concejales, capacitadores, alumnos y familiares.<br>\u00a0<br>APUESTA AL DESARROLLO<br>Al respecto, el secretario de Desarrollo Econ\u00f3mico, Juan Esteban Maldonado Yonna, detall\u00f3 que \u201cestos cursos de capacitaci\u00f3n laboral son brindados por la Oficina de Empleo del Municipio, en colaboraci\u00f3n con muchas empresas, instituciones y escuelas t\u00e9cnicas\u201d.\u00a0<br>Estas capacitaciones, con duraci\u00f3n de dos a tres meses, dependiendo la tem\u00e1tica, \u201cles ayuda en la b\u00fasqueda de empleo en Corrientes y obviamente de esa manera tratar de promover el desarrollo econ\u00f3mico y la b\u00fasqueda de oportunidades en la ciudad\u201d, remarc\u00f3 el funcionario.<br>Maldonado Yonna record\u00f3 que se tratan de cursos \u201ctotalmente gratuitos y m\u00e1s del 80% de ellos se realizan en distintas instituciones, en iglesias y en Salones de Usos M\u00faltiples (SUM) de los distintos barrios para facilitar y acercar las capacitaciones a todos los j\u00f3venes de la ciudad\u201d.<br>A su vez, record\u00f3 que quienes est\u00e9n interesados en sumarse a algunas de las propuestas \u201cla p\u00e1gina de la Oficina de Empleo est\u00e1 a disposici\u00f3n: ah\u00ed se van cargando todas las ofertas de cursos de capacitaci\u00f3n laboral que se van generando y que est\u00e1n a disposici\u00f3n de los j\u00f3venes para que la puedan aprovechar, puedan buscar el curso que m\u00e1s les guste de acuerdo a sus necesidades, a sus intereses y, de esa manera, que los podamos acompa\u00f1ar en su b\u00fasqueda de trabajo en la ciudad\u201d.<br>\u00a0<br>M\u00c1S CURSOS, M\u00c1S OPORTUNIDADES<br>Enmarcado en uno de los ejes de gesti\u00f3n del intendente Eduardo Tassano, esto es: hacer de Corrientes una ciudad de oportunidades para que los j\u00f3venes puedan desarrollarse en su lugar, surgieron estas capacitaciones las cuales en este \u00faltimo trimestre permitir\u00e1n a correntinos y correntinas fortalecer sus b\u00fasquedas laborales.<br>Algunos de los cursos de capacitaci\u00f3n laboral disponibles fueron: auxiliar administrativo, auxiliar de peluquer\u00eda, barber\u00eda, belleza de manos, cejas y pesta\u00f1as, community manager para emprendedores, colorimetr\u00eda, cocteler\u00eda, comida saludable, dise\u00f1o e impresi\u00f3n 3D y manejo de drones.<br>Tambi\u00e9n electricidad domiciliaria, herrer\u00eda, introducci\u00f3n a la realizaci\u00f3n audiovisual, limpieza institucional, limpieza y colocaci\u00f3n de split, manipulaci\u00f3n de alimentos, educaci\u00f3n emocional, service y reparaci\u00f3n de motos, taller de reciclado, marketing digital para artistas, programaci\u00f3n y rob\u00f3tica, atenci\u00f3n al cliente, reparaci\u00f3n de celulares, soldador b\u00e1sico, sublimaci\u00f3n, entre otros.<br>\u00a0<br>EXPERIENCIA DE PARTICIPANTES<br>En el caso de Romina Morales, hizo el curso de auxiliar administrativo y dijo al respecto: \u201cMe pareci\u00f3 una experiencia muy linda porque aprend\u00ed acerca de c\u00f3mo redactar notas, c\u00f3mo realizar presupuestos, muchas cosas pr\u00e1cticas que me sirvieron mucho. La verdad que yo no ten\u00eda conocimiento y me gust\u00f3 mucho la informaci\u00f3n que recib\u00ed\u201d, cont\u00f3 la joven.<br>\u201cMe parece una propuesta muy buena de la Municipalidad porque muchas veces no tenemos los recursos para poder pagar este tipo de cursos\u201d, acot\u00f3.<br>Coincidente fue su compa\u00f1ero de curso, Javier Cabrera: \u201cFue muy buena experiencia porque te abre muchas oportunidades, este certificado ayuda mucho para la realizaci\u00f3n del curr\u00edculum\u201d, expres\u00f3 el joven.<br>En tanto, Juan Daniel L\u00f3pez se capacit\u00f3 en herrer\u00eda. \u201cNo sab\u00eda soldar, cortar con amoladora, nada de eso, y ac\u00e1 aprend\u00ed muchas cosas\u201d, resalt\u00f3 el joven quien ya piensa anotarse en otros cursos ofrecidos por el Municipio.<\/p>\n","protected":false},"excerpt":{"rendered":"<p>El intendente Eduardo Tassano particip\u00f3 de la entrega de certificados de cursos de capacitaci\u00f3n laboral a m\u00e1s de 800 j\u00f3venes de la ciudad, realizados en el marco del Plan de&hellip; <\/p>\n","protected":false},"author":12,"featured_media":92951,"comment_status":"closed","ping_status":"open","sticky":false,"template":"","format":"standard","meta":{"footnotes":""},"categories":[3],"tags":[],"class_list":["post-92944","post","type-post","status-publish","format-standard","has-post-thumbnail","hentry","category-politica"],"_links":{"self":[{"href":"https:\/\/corrientesdetarde.com\/index.php\/wp-json\/wp\/v2\/posts\/92944","targetHints":{"allow":["GET"]}}],"collection":[{"href":"https:\/\/corrientesdetarde.com\/index.php\/wp-json\/wp\/v2\/posts"}],"about":[{"href":"https:\/\/corrientesdetarde.com\/index.php\/wp-json\/wp\/v2\/types\/post"}],"author":[{"embeddable":true,"href":"https:\/\/corrientesdetarde.com\/index.php\/wp-json\/wp\/v2\/users\/12"}],"replies":[{"embeddable":true,"href":"https:\/\/corrientesdetarde.com\/index.php\/wp-json\/wp\/v2\/comments?post=92944"}],"version-history":[{"count":1,"href":"https:\/\/corrientesdetarde.com\/index.php\/wp-json\/wp\/v2\/posts\/92944\/revisions"}],"predecessor-version":[{"id":92952,"href":"https:\/\/corrientesdetarde.com\/index.php\/wp-json\/wp\/v2\/posts\/92944\/revisions\/92952"}],"wp:featuredmedia":[{"embeddable":true,"href":"https:\/\/corrientesdetarde.com\/index.php\/wp-json\/wp\/v2\/media\/92951"}],"wp:attachment":[{"href":"https:\/\/corrientesdetarde.com\/index.php\/wp-json\/wp\/v2\/media?parent=92944"}],"wp:term":[{"taxonomy":"category","embeddable":true,"href":"https:\/\/corrientesdetarde.com\/index.php\/wp-json\/wp\/v2\/categories?post=92944"},{"taxonomy":"post_tag","embeddable":true,"href":"https:\/\/corrientesdetarde.com\/index.php\/wp-json\/wp\/v2\/tags?post=92944"}],"curies":[{"name":"wp","href":"https:\/\/api.w.org\/{rel}","templated":true}]}}