{"id":9309,"date":"2022-10-06T22:22:43","date_gmt":"2022-10-07T01:22:43","guid":{"rendered":"https:\/\/corrientesdetarde.com\/?p=9309"},"modified":"2022-10-06T22:22:47","modified_gmt":"2022-10-07T01:22:47","slug":"campana-solidaria-por-una-correntina-que-sufrio-un-accidente-de-transito","status":"publish","type":"post","link":"https:\/\/corrientesdetarde.com\/index.php\/sociales\/campana-solidaria-por-una-correntina-que-sufrio-un-accidente-de-transito\/","title":{"rendered":"Campa\u00f1a solidaria por una correntina que sufri\u00f3 un accidente de tr\u00e1nsito"},"content":{"rendered":"\n<p>La joven de 21 a\u00f1os sufri\u00f3 ayer un siniestro vial cuando fue atropellada por un autom\u00f3vil en el momento que circulaba en su motocicleta. Esto ocurri\u00f3 en la esquina de las calles Comodoro Rivadavia y Arequipa. Fue internada&nbsp;con traumatismo de cr\u00e1neo y fractura en uno de sus tobillos y mu\u00f1eca.<\/p>\n\n\n\n<p>Por la gravedad de las lesiones, Virna necesita ser intervenida quir\u00fargicamente. Necesitan reunir $70.000 para solventar el gasto que requiere la operaci\u00f3n que realizar\u00e1 en el hospital Escuela en donde se encuentra internada.&nbsp;<\/p>\n\n\n\n<p>Quienes quieran colaborar lo pueden hacer al CVU 0000003100074131165350. Esta cuenta corresponde a Ver\u00f3nica Gauna, madre de la joven accidentada.&nbsp;<\/p>\n","protected":false},"excerpt":{"rendered":"<p>La joven de 21 a\u00f1os sufri\u00f3 ayer un siniestro vial cuando fue atropellada por un autom\u00f3vil en el momento que circulaba en su motocicleta. Esto ocurri\u00f3 en la esquina de&hellip; <\/p>\n","protected":false},"author":1,"featured_media":9310,"comment_status":"closed","ping_status":"open","sticky":false,"template":"","format":"standard","meta":{"footnotes":""},"categories":[17],"tags":[],"class_list":["post-9309","post","type-post","status-publish","format-standard","has-post-thumbnail","hentry","category-sociales"],"_links":{"self":[{"href":"https:\/\/corrientesdetarde.com\/index.php\/wp-json\/wp\/v2\/posts\/9309","targetHints":{"allow":["GET"]}}],"collection":[{"href":"https:\/\/corrientesdetarde.com\/index.php\/wp-json\/wp\/v2\/posts"}],"about":[{"href":"https:\/\/corrientesdetarde.com\/index.php\/wp-json\/wp\/v2\/types\/post"}],"author":[{"embeddable":true,"href":"https:\/\/corrientesdetarde.com\/index.php\/wp-json\/wp\/v2\/users\/1"}],"replies":[{"embeddable":true,"href":"https:\/\/corrientesdetarde.com\/index.php\/wp-json\/wp\/v2\/comments?post=9309"}],"version-history":[{"count":1,"href":"https:\/\/corrientesdetarde.com\/index.php\/wp-json\/wp\/v2\/posts\/9309\/revisions"}],"predecessor-version":[{"id":9329,"href":"https:\/\/corrientesdetarde.com\/index.php\/wp-json\/wp\/v2\/posts\/9309\/revisions\/9329"}],"wp:featuredmedia":[{"embeddable":true,"href":"https:\/\/corrientesdetarde.com\/index.php\/wp-json\/wp\/v2\/media\/9310"}],"wp:attachment":[{"href":"https:\/\/corrientesdetarde.com\/index.php\/wp-json\/wp\/v2\/media?parent=9309"}],"wp:term":[{"taxonomy":"category","embeddable":true,"href":"https:\/\/corrientesdetarde.com\/index.php\/wp-json\/wp\/v2\/categories?post=9309"},{"taxonomy":"post_tag","embeddable":true,"href":"https:\/\/corrientesdetarde.com\/index.php\/wp-json\/wp\/v2\/tags?post=9309"}],"curies":[{"name":"wp","href":"https:\/\/api.w.org\/{rel}","templated":true}]}}