{"id":93141,"date":"2023-10-05T23:19:58","date_gmt":"2023-10-06T02:19:58","guid":{"rendered":"https:\/\/corrientesdetarde.com\/?p=93141"},"modified":"2023-10-05T23:20:01","modified_gmt":"2023-10-06T02:20:01","slug":"racing-tiene-dos-candidatos-para-el-puesto-de-director-tecnico","status":"publish","type":"post","link":"https:\/\/corrientesdetarde.com\/index.php\/deportes\/racing-tiene-dos-candidatos-para-el-puesto-de-director-tecnico\/","title":{"rendered":"Racing tiene dos candidatos para el puesto de director t\u00e9cnico"},"content":{"rendered":"\n<p>La dupla Sebasti\u00e1n Grazzini y Ezequiel Videla estar\u00e1n a cargo de manera interina.<\/p>\n\n\n\n<p><strong>La dirigencia de Racing tiene dos apuntados para reemplazar a Fernando Gago en el cargo de entrenador despu\u00e9s de la negativa de los hermanos Barros Schelotto y de Hern\u00e1n Crespo pero afrontar\u00e1 el duelo ante Platense con Sebasti\u00e1n Grazzini y Ezequiel Videla en el banco de suplentes.<\/strong><\/p>\n\n\n\n<p>Los entrenadores que tienen en mente en el cuadro de Avellaneda son&nbsp;<strong>Gustavo Alfaro<\/strong>, que viene de disputar el Mundial Qatar 2022 con la selecci\u00f3n de Ecuador y actualmente est\u00e1 sin club, y&nbsp;<strong>Mart\u00edn Anselmi<\/strong>, que est\u00e1 trabajando en Independiente del Valle y tiene una cl\u00e1usula de salida de 700.000 d\u00f3lares si se quiere ir antes de diciembre de este a\u00f1o.<\/p>\n\n\n\n<p>Alfaro, que es de los dos el de m\u00e1s experiencia, se encuentra residiendo en Estados Unidos y habr\u00eda pocas chances de que quiera volver a Argentina para dirigir. Su \u00faltimo club en el pa\u00eds fue&nbsp;<strong>Boca en el 2019<\/strong>, a quien dirigi\u00f3 en 50 ocasiones con 27 triunfos, 16 empates y apenas siete derrotas, pero quedar afuera de la Copa Libertadores ante River lo conden\u00f3.<\/p>\n\n\n\n<p><strong>Anselmi est\u00e1 dirigiendo en Independiente del Valle desde el a\u00f1o pasado<\/strong>, y estos dos a\u00f1os consigui\u00f3 cuatro t\u00edtulos con el equipo ecuatoriano: Copa Sudamericana 2022, Recopa Sudamericana 2023, Copa Ecuador 2022 y la Supercopa de Ecuador 2023.<\/p>\n\n\n\n<p>Los entrenadores que rechazaron a Racing tambi\u00e9n est\u00e1n sin trabajo, pero los hermanos Barros Schelotto, Guillermo y Gustavo, est\u00e1n en juicio con Paraguay por deudas por lo que no tomar\u00e1n otro club, mientras que Crespo dej\u00f3 su cargo en Emiratos \u00c1rabes y despu\u00e9s de analizar la propuesta la declin\u00f3.<\/p>\n","protected":false},"excerpt":{"rendered":"<p>La dupla Sebasti\u00e1n Grazzini y Ezequiel Videla estar\u00e1n a cargo de manera interina. La dirigencia de Racing tiene dos apuntados para reemplazar a Fernando Gago en el cargo de entrenador&hellip; <\/p>\n","protected":false},"author":4,"featured_media":93142,"comment_status":"closed","ping_status":"open","sticky":false,"template":"","format":"standard","meta":{"footnotes":""},"categories":[4],"tags":[],"class_list":["post-93141","post","type-post","status-publish","format-standard","has-post-thumbnail","hentry","category-deportes"],"_links":{"self":[{"href":"https:\/\/corrientesdetarde.com\/index.php\/wp-json\/wp\/v2\/posts\/93141","targetHints":{"allow":["GET"]}}],"collection":[{"href":"https:\/\/corrientesdetarde.com\/index.php\/wp-json\/wp\/v2\/posts"}],"about":[{"href":"https:\/\/corrientesdetarde.com\/index.php\/wp-json\/wp\/v2\/types\/post"}],"author":[{"embeddable":true,"href":"https:\/\/corrientesdetarde.com\/index.php\/wp-json\/wp\/v2\/users\/4"}],"replies":[{"embeddable":true,"href":"https:\/\/corrientesdetarde.com\/index.php\/wp-json\/wp\/v2\/comments?post=93141"}],"version-history":[{"count":1,"href":"https:\/\/corrientesdetarde.com\/index.php\/wp-json\/wp\/v2\/posts\/93141\/revisions"}],"predecessor-version":[{"id":93143,"href":"https:\/\/corrientesdetarde.com\/index.php\/wp-json\/wp\/v2\/posts\/93141\/revisions\/93143"}],"wp:featuredmedia":[{"embeddable":true,"href":"https:\/\/corrientesdetarde.com\/index.php\/wp-json\/wp\/v2\/media\/93142"}],"wp:attachment":[{"href":"https:\/\/corrientesdetarde.com\/index.php\/wp-json\/wp\/v2\/media?parent=93141"}],"wp:term":[{"taxonomy":"category","embeddable":true,"href":"https:\/\/corrientesdetarde.com\/index.php\/wp-json\/wp\/v2\/categories?post=93141"},{"taxonomy":"post_tag","embeddable":true,"href":"https:\/\/corrientesdetarde.com\/index.php\/wp-json\/wp\/v2\/tags?post=93141"}],"curies":[{"name":"wp","href":"https:\/\/api.w.org\/{rel}","templated":true}]}}