{"id":93144,"date":"2023-10-05T23:25:13","date_gmt":"2023-10-06T02:25:13","guid":{"rendered":"https:\/\/corrientesdetarde.com\/?p=93144"},"modified":"2023-10-05T23:25:25","modified_gmt":"2023-10-06T02:25:25","slug":"el-argentino-que-la-rompe-en-la-voz-espana","status":"publish","type":"post","link":"https:\/\/corrientesdetarde.com\/index.php\/espectaculos\/el-argentino-que-la-rompe-en-la-voz-espana\/","title":{"rendered":"El argentino que la rompe en La Voz Espa\u00f1a"},"content":{"rendered":"\n<p>Gonzalo Sarfatti es un joven cantante cordob\u00e9s que se gan\u00f3 el apoyo de los jurados y del p\u00fablico.<\/p>\n\n\n\n<p><em><strong>La Voz Espa\u00f1a<\/strong><\/em>&nbsp;tuvo en su casting a un joven cordob\u00e9s que logr\u00f3 deslumbrar al jurado. Eligi\u00f3 el tema&nbsp;<strong>\u201cLove of my life\u201d<\/strong>&nbsp;para interpretar en la audici\u00f3n a ciegas, pero los nervios le jugaron una mala pasada y ning\u00fan integrante del jurado se dio vuelta para elegirlo.<\/p>\n\n\n\n<p>Sin embargo, al terminar su tema, el joven reconoci\u00f3 que los nervios le hab\u00edan jugado una mala pasada porque \u00e9l puede hacerlo mucho mejor. Entonces, tras una breve deliberaci\u00f3n, el jurado integrado por<strong>\u00a0Luis Fonsi, Pablo L\u00f3pez, Mal\u00fa y Antonio Orozco,<\/strong>\u00a0determin\u00f3 que utilizar\u00edan un recurso que solo tienen permitido utilizar una sola vez en todo el certamen.<\/p>\n\n\n\n<figure class=\"wp-block-embed is-type-video is-provider-youtube wp-block-embed-youtube wp-embed-aspect-16-9 wp-has-aspect-ratio\"><div class=\"wp-block-embed__wrapper\">\n<iframe loading=\"lazy\" title=\"Gonzalo Sarfatti canta &quot;Love of my life&quot; | Audiciones a ciegas | La Voz Antena 3 2023\" width=\"1110\" height=\"624\" src=\"https:\/\/www.youtube.com\/embed\/W-B6WjSldX0?feature=oembed\" frameborder=\"0\" allow=\"accelerometer; autoplay; clipboard-write; encrypted-media; gyroscope; picture-in-picture; web-share\" allowfullscreen><\/iframe>\n<\/div><\/figure>\n\n\n\n<p>El jurado decidi\u00f3 darle una segunda oportunidad a Gonzalo.<strong>&nbsp;\u201cQueremos escucharte por segunda vez, en otro contexto. Estamos en tu casa, con un mate, con unos alfajores, ese es el plan de hoy\u201d<\/strong>, le dijeron.<\/p>\n\n\n\n<p>El cantante tom\u00f3 la oportunidad y lo hizo much\u00edsimo mejor. Lo abrazaron, lo felicitaron y le dijeron que deb\u00eda presentarse una vez m\u00e1s para hacer la audici\u00f3n a ciegas.<\/p>\n\n\n\n<p>Gonzalo se volvi\u00f3 a presentar y esta vez eligi\u00f3 un tema en espa\u00f1ol,<strong>&nbsp;\u201cMe quedo contigo\u201d.<\/strong>&nbsp;Al escucharlo, dudaron si era o no el participante argentino. Los cuatro se dieron vuelta para elegirlo para su equipo, incluso Mal\u00fa decidi\u00f3 bloquear a Antonio Orozco para que no se lo quedara.<\/p>\n\n\n\n<p>\u201cLes tengo que agradecer por la segunda oportunidad a los cuatro. Much\u00edsimas gracias, son unos genios, de coraz\u00f3n\u201d, dijo el cantante, quien finalmente opt\u00f3 por integrar el equipo de Luis Fonsi.<\/p>\n\n\n\n<figure class=\"wp-block-embed is-type-video is-provider-youtube wp-block-embed-youtube wp-embed-aspect-16-9 wp-has-aspect-ratio\"><div class=\"wp-block-embed__wrapper\">\n<iframe loading=\"lazy\" title=\"Gonzalo Sarfatti canta &quot;Me quedo contigo&quot; | Audiciones a ciegas | La Voz Antena 3 2023\" width=\"1110\" height=\"624\" src=\"https:\/\/www.youtube.com\/embed\/X-mKASW21GA?feature=oembed\" frameborder=\"0\" allow=\"accelerometer; autoplay; clipboard-write; encrypted-media; gyroscope; picture-in-picture; web-share\" allowfullscreen><\/iframe>\n<\/div><\/figure>\n","protected":false},"excerpt":{"rendered":"<p>Gonzalo Sarfatti es un joven cantante cordob\u00e9s que se gan\u00f3 el apoyo de los jurados y del p\u00fablico. La Voz Espa\u00f1a&nbsp;tuvo en su casting a un joven cordob\u00e9s que logr\u00f3&hellip; <\/p>\n","protected":false},"author":4,"featured_media":93145,"comment_status":"closed","ping_status":"open","sticky":false,"template":"","format":"standard","meta":{"footnotes":""},"categories":[19],"tags":[],"class_list":["post-93144","post","type-post","status-publish","format-standard","has-post-thumbnail","hentry","category-espectaculos"],"_links":{"self":[{"href":"https:\/\/corrientesdetarde.com\/index.php\/wp-json\/wp\/v2\/posts\/93144","targetHints":{"allow":["GET"]}}],"collection":[{"href":"https:\/\/corrientesdetarde.com\/index.php\/wp-json\/wp\/v2\/posts"}],"about":[{"href":"https:\/\/corrientesdetarde.com\/index.php\/wp-json\/wp\/v2\/types\/post"}],"author":[{"embeddable":true,"href":"https:\/\/corrientesdetarde.com\/index.php\/wp-json\/wp\/v2\/users\/4"}],"replies":[{"embeddable":true,"href":"https:\/\/corrientesdetarde.com\/index.php\/wp-json\/wp\/v2\/comments?post=93144"}],"version-history":[{"count":1,"href":"https:\/\/corrientesdetarde.com\/index.php\/wp-json\/wp\/v2\/posts\/93144\/revisions"}],"predecessor-version":[{"id":93146,"href":"https:\/\/corrientesdetarde.com\/index.php\/wp-json\/wp\/v2\/posts\/93144\/revisions\/93146"}],"wp:featuredmedia":[{"embeddable":true,"href":"https:\/\/corrientesdetarde.com\/index.php\/wp-json\/wp\/v2\/media\/93145"}],"wp:attachment":[{"href":"https:\/\/corrientesdetarde.com\/index.php\/wp-json\/wp\/v2\/media?parent=93144"}],"wp:term":[{"taxonomy":"category","embeddable":true,"href":"https:\/\/corrientesdetarde.com\/index.php\/wp-json\/wp\/v2\/categories?post=93144"},{"taxonomy":"post_tag","embeddable":true,"href":"https:\/\/corrientesdetarde.com\/index.php\/wp-json\/wp\/v2\/tags?post=93144"}],"curies":[{"name":"wp","href":"https:\/\/api.w.org\/{rel}","templated":true}]}}