{"id":9319,"date":"2022-10-06T23:32:03","date_gmt":"2022-10-07T02:32:03","guid":{"rendered":"https:\/\/corrientesdetarde.com\/?p=9319"},"modified":"2022-10-06T23:32:04","modified_gmt":"2022-10-07T02:32:04","slug":"la-policia-secuestro-4-motocicletas-y-demoro-a-5-personas-para-averiguacion-de-sus-antecedentes","status":"publish","type":"post","link":"https:\/\/corrientesdetarde.com\/index.php\/crimen-y-justicia\/la-policia-secuestro-4-motocicletas-y-demoro-a-5-personas-para-averiguacion-de-sus-antecedentes\/","title":{"rendered":"La Polic\u00eda secuestr\u00f3 4 motocicletas y demor\u00f3 a 5 personas para averiguaci\u00f3n de sus antecedentes"},"content":{"rendered":"\n<p>En la tarde de hoy 06-10-22 efectivos policiales de la Comisaria Segunda en forma conjunta con personal del Comando, Grim 2, 3 y 4 realizaron operativos de contralor de veh\u00edculos e identificaci\u00f3n de personas en zonas de su jurisdicci\u00f3n y en el cual lograron el secuestro preventivo de motocicletas y la demora de personas para averiguaci\u00f3n de sus antecedentes.<br>El operativo inici\u00f3 a las 14:00 hasta las 16:00 horas y en la oportunidad se logr\u00f3 el secuestro de cuatro motocicletas -de diferentes marcas y cilindradas- por falta de documentaciones y la demora de cinco sujetos \u2013tres menores y dos mayores de edad- para averiguaci\u00f3n de sus antecedentes.<br>Al respecto, las motocicletas secuestradas y las personas demoradas fueron trasladadas hasta la citada Comisaria a fin de continuar con los tr\u00e1mites correspondientes del caso.<\/p>\n\n\n\n<p><\/p>\n\n\n\n<figure class=\"wp-block-image size-large\"><img loading=\"lazy\" decoding=\"async\" width=\"770\" height=\"1024\" src=\"https:\/\/corrientesdetarde.com\/wp-content\/uploads\/2022\/10\/MOTO-SECUESTRADAS...-ZONA-2-2-770x1024.jpeg\" alt=\"\" class=\"wp-image-9339\" srcset=\"https:\/\/corrientesdetarde.com\/wp-content\/uploads\/2022\/10\/MOTO-SECUESTRADAS...-ZONA-2-2-770x1024.jpeg 770w, https:\/\/corrientesdetarde.com\/wp-content\/uploads\/2022\/10\/MOTO-SECUESTRADAS...-ZONA-2-2-226x300.jpeg 226w, https:\/\/corrientesdetarde.com\/wp-content\/uploads\/2022\/10\/MOTO-SECUESTRADAS...-ZONA-2-2-768x1021.jpeg 768w, https:\/\/corrientesdetarde.com\/wp-content\/uploads\/2022\/10\/MOTO-SECUESTRADAS...-ZONA-2-2.jpeg 963w\" sizes=\"auto, (max-width: 770px) 100vw, 770px\" \/><\/figure>\n","protected":false},"excerpt":{"rendered":"<p>En la tarde de hoy 06-10-22 efectivos policiales de la Comisaria Segunda en forma conjunta con personal del Comando, Grim 2, 3 y 4 realizaron operativos de contralor de veh\u00edculos&hellip; <\/p>\n","protected":false},"author":1,"featured_media":9340,"comment_status":"closed","ping_status":"open","sticky":false,"template":"","format":"standard","meta":{"footnotes":""},"categories":[5],"tags":[],"class_list":["post-9319","post","type-post","status-publish","format-standard","has-post-thumbnail","hentry","category-crimen-y-justicia"],"_links":{"self":[{"href":"https:\/\/corrientesdetarde.com\/index.php\/wp-json\/wp\/v2\/posts\/9319","targetHints":{"allow":["GET"]}}],"collection":[{"href":"https:\/\/corrientesdetarde.com\/index.php\/wp-json\/wp\/v2\/posts"}],"about":[{"href":"https:\/\/corrientesdetarde.com\/index.php\/wp-json\/wp\/v2\/types\/post"}],"author":[{"embeddable":true,"href":"https:\/\/corrientesdetarde.com\/index.php\/wp-json\/wp\/v2\/users\/1"}],"replies":[{"embeddable":true,"href":"https:\/\/corrientesdetarde.com\/index.php\/wp-json\/wp\/v2\/comments?post=9319"}],"version-history":[{"count":1,"href":"https:\/\/corrientesdetarde.com\/index.php\/wp-json\/wp\/v2\/posts\/9319\/revisions"}],"predecessor-version":[{"id":9350,"href":"https:\/\/corrientesdetarde.com\/index.php\/wp-json\/wp\/v2\/posts\/9319\/revisions\/9350"}],"wp:featuredmedia":[{"embeddable":true,"href":"https:\/\/corrientesdetarde.com\/index.php\/wp-json\/wp\/v2\/media\/9340"}],"wp:attachment":[{"href":"https:\/\/corrientesdetarde.com\/index.php\/wp-json\/wp\/v2\/media?parent=9319"}],"wp:term":[{"taxonomy":"category","embeddable":true,"href":"https:\/\/corrientesdetarde.com\/index.php\/wp-json\/wp\/v2\/categories?post=9319"},{"taxonomy":"post_tag","embeddable":true,"href":"https:\/\/corrientesdetarde.com\/index.php\/wp-json\/wp\/v2\/tags?post=9319"}],"curies":[{"name":"wp","href":"https:\/\/api.w.org\/{rel}","templated":true}]}}