{"id":93211,"date":"2023-10-06T09:36:47","date_gmt":"2023-10-06T12:36:47","guid":{"rendered":"https:\/\/corrientesdetarde.com\/?p=93211"},"modified":"2023-10-06T09:36:59","modified_gmt":"2023-10-06T12:36:59","slug":"autopsia-del-nino-fallecido-en-santa-rosa-asfixia-por-sumersion-en-medio-liquido","status":"publish","type":"post","link":"https:\/\/corrientesdetarde.com\/index.php\/crimen-y-justicia\/autopsia-del-nino-fallecido-en-santa-rosa-asfixia-por-sumersion-en-medio-liquido\/","title":{"rendered":"Autopsia del ni\u00f1o fallecido en Santa Rosa: &#8220;asfixia por sumersi\u00f3n en medio l\u00edquido&#8221;"},"content":{"rendered":"\n<p>El \u00faltimo jueves, el Instituto M\u00e9dico Forense del Poder Judicial (IMF) le practic\u00f3 la autopsia ordenada por el juez de Garant\u00edas de Santa Rosa, Dr. Oscar Ignacio Dubrez, al cuerpo del ni\u00f1o Mat\u00edas Andr\u00e9s Sosa y ratific\u00f3 que la causa de su muerte fue &#8220;asfixia por sumersi\u00f3n en medio l\u00edquido&#8221;. Tras un exhaustivo examen cadav\u00e9rico, no hall\u00f3 ninguna lesi\u00f3n traum\u00e1tica ni indicadores indirectos de que hayan existido.<\/p>\n\n\n\n<figure class=\"wp-block-image\"><img decoding=\"async\" src=\"https:\/\/www.radiodos.com.ar\/content\/bucket\/8\/211138w770h402c.jpg.webp\" alt=\"\"\/><\/figure>\n\n\n\n<p>La etapa del an\u00e1lisis e informe del caso se desarroll\u00f3 el mismo jueves durante la ma\u00f1ana, y a partir de los resultados obtenidos de las distintas pr\u00e1cticas se elabor\u00f3 un informe \u00fanico en absoluto consenso de todos los profesionales intervinientes, siete del IMF y dos de la querella aut\u00f3noma, Dra. Laura Leonor L\u00f3pez y Dr. Luis Oreste Acevedo, quienes participaron de todo el proceso. Este informe establece como causal de muerte del ni\u00f1o Mat\u00edas Andr\u00e9s Sosa: &#8220;asfixia por sumersi\u00f3n en medio l\u00edquido&#8221;.<\/p>\n\n\n\n<p>En solo 72 horas, el IMF despleg\u00f3 el amplio operativo para poder peritar el cuerpo, traslad\u00e1ndolo de Buenos Aires a Corrientes y \u00fanicamente los gastos funerarios estuvieron a cargo de la madre del ni\u00f1o.<\/p>\n\n\n\n<p>Entretanto, y luego del consenso con los profesionales del Servicio de Laboratorio del IMF, bioqu\u00edmicos Jorge Reimer y Azul Solimano y los propios peritos de parte, se hicieron estudios de medula \u00f3sea \u2013en muestras del estern\u00f3n\u2013 para determinar la existencia de plancton y\/o fitoplancton. El resultado fue positivo, lo que demuestra que el ni\u00f1o cay\u00f3 con vida al agua.<\/p>\n\n\n\n<p>Adem\u00e1s, se ordenaron estudios toxicol\u00f3gicos sobre las muestras tomadas de h\u00edgado y lixiviado. Este informe en curso demanda al menos diez d\u00edas, ser\u00e1 complementario de la autopsia, y se elevar\u00e1 a la Oficina Judicial (OFIJU) de &nbsp;Santa Rosa.<\/p>\n\n\n\n<p>El informe \u2013luego del proceso de autopsia y los estudios radiol\u00f3gicos\u2013<\/p>\n\n\n\n<p>es concluyente respecto de que &#8220;no se han constatado lesiones traum\u00e1ticas ni indicadores indirectos de que hayan existido&#8221; y que &#8220;se han observados hallazgos indicadores de un s\u00edndrome asf\u00edctico&#8221;. Es decir, que tuvo &#8220;privaci\u00f3n de ox\u00edgeno&#8221;, en este caso en un medio l\u00edquido.<\/p>\n\n\n\n<p><strong>PLANIFICACI\u00d3N<\/strong><\/p>\n\n\n\n<p>El IMF, a trav\u00e9s de su decano, doctor Jos\u00e9 Luis G\u00e1lvez, llev\u00f3 adelante entre 2 y el 5 de este mes una planificaci\u00f3n para llevar adelante las pericias ordenadas, las que comenzaron el pasado lunes 2 del actual, a las 11 hs, con la exhumaci\u00f3n y traslado del cuerpo del ni\u00f1o.<\/p>\n\n\n\n<p>El doctor G\u00e1lvez se constituy\u00f3 personalmente en el Cementerio de San Jos\u00e9 de Flores, Ciudad Aut\u00f3noma de Buenos Aires, para dirigir el proceso. All\u00ed se realiz\u00f3 el embalaje y precintado bajo estricta cadena de custodia, para su traslado a Corrientes, el cual realiz\u00f3 una empresa contratada por la madre del ni\u00f1o.<\/p>\n\n\n\n<p>Ya en esta capital, se practicaron los estudios tanatol\u00f3gicos, y conforme a lo requerido por la querella, se programaron y ejecutaron en tres etapas:<\/p>\n\n\n\n<p>-Estudios radiogr\u00e1ficos: fueron previos a la autopsia, con digitalizaci\u00f3n de las im\u00e1genes y an\u00e1lisis de las mismas por los profesionales que integraron la Junta M\u00e9dica que analizaba el caso. Esta etapa estuvo a cargo del doctor Jos\u00e9 Luis S\u00e1enz Azar, especialista en Traumatolog\u00eda de ni\u00f1os y el doctor Jorge Mariano Saade, ambos m\u00e9dicos forenses del IMF.<\/p>\n\n\n\n<p>-Autopsia: bajo la direcci\u00f3n del doctor Jos\u00e9 Luis G\u00e1lvez se hizo la autopsia m\u00e9dico legal junto a los m\u00e9dicos forenses, doctor Javier Del R\u00edo y la doctora Mar\u00eda Lorena Geibel. En todo momento del proceso estuvieron presentes los m\u00e9dicos designados por la querella y la defensa, doctora Laura Leonor L\u00f3pez y doctora Luis Oreste Acevedo.<\/p>\n\n\n\n<p>El proceso se document\u00f3 en 198 fotograf\u00edas, m\u00e1s las im\u00e1genes radiogr\u00e1ficas.<\/p>\n\n\n\n<p>Una vez finalizada la autopsia, el f\u00e9retro fue nuevamente embalado en bolsa cadav\u00e9rica y precintado para su traslado al Cementerio de origen, donde fue inhumado nuevamente el jueves en horas de la ma\u00f1ana.<\/p>\n","protected":false},"excerpt":{"rendered":"<p>El \u00faltimo jueves, el Instituto M\u00e9dico Forense del Poder Judicial (IMF) le practic\u00f3 la autopsia ordenada por el juez de Garant\u00edas de Santa Rosa, Dr. Oscar Ignacio Dubrez, al cuerpo&hellip; <\/p>\n","protected":false},"author":1,"featured_media":93218,"comment_status":"closed","ping_status":"open","sticky":false,"template":"","format":"standard","meta":{"footnotes":""},"categories":[5],"tags":[],"class_list":["post-93211","post","type-post","status-publish","format-standard","has-post-thumbnail","hentry","category-crimen-y-justicia"],"_links":{"self":[{"href":"https:\/\/corrientesdetarde.com\/index.php\/wp-json\/wp\/v2\/posts\/93211","targetHints":{"allow":["GET"]}}],"collection":[{"href":"https:\/\/corrientesdetarde.com\/index.php\/wp-json\/wp\/v2\/posts"}],"about":[{"href":"https:\/\/corrientesdetarde.com\/index.php\/wp-json\/wp\/v2\/types\/post"}],"author":[{"embeddable":true,"href":"https:\/\/corrientesdetarde.com\/index.php\/wp-json\/wp\/v2\/users\/1"}],"replies":[{"embeddable":true,"href":"https:\/\/corrientesdetarde.com\/index.php\/wp-json\/wp\/v2\/comments?post=93211"}],"version-history":[{"count":1,"href":"https:\/\/corrientesdetarde.com\/index.php\/wp-json\/wp\/v2\/posts\/93211\/revisions"}],"predecessor-version":[{"id":93219,"href":"https:\/\/corrientesdetarde.com\/index.php\/wp-json\/wp\/v2\/posts\/93211\/revisions\/93219"}],"wp:featuredmedia":[{"embeddable":true,"href":"https:\/\/corrientesdetarde.com\/index.php\/wp-json\/wp\/v2\/media\/93218"}],"wp:attachment":[{"href":"https:\/\/corrientesdetarde.com\/index.php\/wp-json\/wp\/v2\/media?parent=93211"}],"wp:term":[{"taxonomy":"category","embeddable":true,"href":"https:\/\/corrientesdetarde.com\/index.php\/wp-json\/wp\/v2\/categories?post=93211"},{"taxonomy":"post_tag","embeddable":true,"href":"https:\/\/corrientesdetarde.com\/index.php\/wp-json\/wp\/v2\/tags?post=93211"}],"curies":[{"name":"wp","href":"https:\/\/api.w.org\/{rel}","templated":true}]}}