{"id":9322,"date":"2022-10-06T23:18:47","date_gmt":"2022-10-07T02:18:47","guid":{"rendered":"https:\/\/corrientesdetarde.com\/?p=9322"},"modified":"2022-10-06T23:18:50","modified_gmt":"2022-10-07T02:18:50","slug":"desarrollo-social-realizo-la-entrega-de-posnet-a-emprendedores-en-saladas","status":"publish","type":"post","link":"https:\/\/corrientesdetarde.com\/index.php\/sociales\/desarrollo-social-realizo-la-entrega-de-posnet-a-emprendedores-en-saladas\/","title":{"rendered":"Desarrollo Social realiz\u00f3 la entrega de posnet a emprendedores en Saladas"},"content":{"rendered":"\n<p>En el marco de las articulaciones que el Ministerio de Desarrollo Social realiza&nbsp;con empresas privadas,&nbsp;se articul\u00f3 con Tarjeta Naranja&nbsp;con el fin de fortalecer el trabajo que llevan adelante los emprendedores&nbsp;de la Econom\u00eda Social y&nbsp;se realiz\u00f3&nbsp;entrega de posnet en la localidad de Saladas.<\/p>\n\n\n\n<p>El Ministerio de Desarrollo Social a trav\u00e9s de la Direcci\u00f3n de Comercializaci\u00f3n a cargo de D\u00e9bora Galarza Alcar\u00e1z,&nbsp;llevo adelante este jueves por la ma\u00f1ana,&nbsp;en el Centro Cultural Juan Bautista Cabral en articulaci\u00f3n con Tarjeta Naranja y la Municipalidad de esta localidad, la entrega de&nbsp;kits conteniendo&nbsp;el lector, una tarjeta de d\u00e9bito prepaga, y un soporte para que el posnet se pueda trasladar de un lado a otro o estar sujeto. Adem\u00e1s&nbsp;biromes y cartas de obsequio.<\/p>\n\n\n\n<p>La entrega de estos equipos es totalmente gratuita y tienen como finalidad,\u00a0que los emprendedores puedan trabajar con el sistema de tarjeta para la\u00a0venta de sus productos, abriendo\u00a0otro acceso para la comercializaci\u00f3n.<\/p>\n\n\n\n<figure class=\"wp-block-image size-large\"><img loading=\"lazy\" decoding=\"async\" width=\"1024\" height=\"812\" src=\"https:\/\/corrientesdetarde.com\/wp-content\/uploads\/2022\/10\/imagen-96149-1024x812.jpg\" alt=\"\" class=\"wp-image-9328\" srcset=\"https:\/\/corrientesdetarde.com\/wp-content\/uploads\/2022\/10\/imagen-96149-1024x812.jpg 1024w, https:\/\/corrientesdetarde.com\/wp-content\/uploads\/2022\/10\/imagen-96149-300x238.jpg 300w, https:\/\/corrientesdetarde.com\/wp-content\/uploads\/2022\/10\/imagen-96149-768x609.jpg 768w, https:\/\/corrientesdetarde.com\/wp-content\/uploads\/2022\/10\/imagen-96149.jpg 1362w\" sizes=\"auto, (max-width: 1024px) 100vw, 1024px\" \/><\/figure>\n\n\n\n<p><\/p>\n","protected":false},"excerpt":{"rendered":"<p>En el marco de las articulaciones que el Ministerio de Desarrollo Social realiza&nbsp;con empresas privadas,&nbsp;se articul\u00f3 con Tarjeta Naranja&nbsp;con el fin de fortalecer el trabajo que llevan adelante los emprendedores&nbsp;de&hellip; <\/p>\n","protected":false},"author":1,"featured_media":9327,"comment_status":"closed","ping_status":"open","sticky":false,"template":"","format":"standard","meta":{"footnotes":""},"categories":[17],"tags":[],"class_list":["post-9322","post","type-post","status-publish","format-standard","has-post-thumbnail","hentry","category-sociales"],"_links":{"self":[{"href":"https:\/\/corrientesdetarde.com\/index.php\/wp-json\/wp\/v2\/posts\/9322","targetHints":{"allow":["GET"]}}],"collection":[{"href":"https:\/\/corrientesdetarde.com\/index.php\/wp-json\/wp\/v2\/posts"}],"about":[{"href":"https:\/\/corrientesdetarde.com\/index.php\/wp-json\/wp\/v2\/types\/post"}],"author":[{"embeddable":true,"href":"https:\/\/corrientesdetarde.com\/index.php\/wp-json\/wp\/v2\/users\/1"}],"replies":[{"embeddable":true,"href":"https:\/\/corrientesdetarde.com\/index.php\/wp-json\/wp\/v2\/comments?post=9322"}],"version-history":[{"count":1,"href":"https:\/\/corrientesdetarde.com\/index.php\/wp-json\/wp\/v2\/posts\/9322\/revisions"}],"predecessor-version":[{"id":9346,"href":"https:\/\/corrientesdetarde.com\/index.php\/wp-json\/wp\/v2\/posts\/9322\/revisions\/9346"}],"wp:featuredmedia":[{"embeddable":true,"href":"https:\/\/corrientesdetarde.com\/index.php\/wp-json\/wp\/v2\/media\/9327"}],"wp:attachment":[{"href":"https:\/\/corrientesdetarde.com\/index.php\/wp-json\/wp\/v2\/media?parent=9322"}],"wp:term":[{"taxonomy":"category","embeddable":true,"href":"https:\/\/corrientesdetarde.com\/index.php\/wp-json\/wp\/v2\/categories?post=9322"},{"taxonomy":"post_tag","embeddable":true,"href":"https:\/\/corrientesdetarde.com\/index.php\/wp-json\/wp\/v2\/tags?post=9322"}],"curies":[{"name":"wp","href":"https:\/\/api.w.org\/{rel}","templated":true}]}}