{"id":93221,"date":"2023-10-06T09:39:56","date_gmt":"2023-10-06T12:39:56","guid":{"rendered":"https:\/\/corrientesdetarde.com\/?p=93221"},"modified":"2023-10-06T09:40:08","modified_gmt":"2023-10-06T12:40:08","slug":"tomaran-muestras-de-adn-a-correntinos-as-que-quieran-saber-sobre-sus-ancestros","status":"publish","type":"post","link":"https:\/\/corrientesdetarde.com\/index.php\/informacion-general\/tomaran-muestras-de-adn-a-correntinos-as-que-quieran-saber-sobre-sus-ancestros\/","title":{"rendered":"Tomar\u00e1n muestras de ADN a correntinos\/as que quieran saber sobre sus ancestros"},"content":{"rendered":"\n<p>El Laboratorio de Medicina Gen\u00f3mica de la Universidad Nacional del Nordeste (UNNE) tomar\u00e1 muestras de ADN&nbsp;<strong>este s\u00e1bado desde las 10 hasta las 12&nbsp;<\/strong>a las&nbsp;<strong>personas nacidas en la provincia de Corrientes&nbsp;<\/strong>que quieran conocer de d\u00f3nde provienen sus ancestros.&nbsp;<\/p>\n\n\n\n<p>Se deber\u00e1 asistir a la sede del laboratorio, en&nbsp;<strong>Moreno 1240&nbsp;<\/strong>(ingreso por calle Rivadavia, frente al Hospital Escuela) de la ciudad de Corrientes.&nbsp;<\/p>\n\n\n\n<p>El estudio&nbsp;permitir\u00e1 saber, en parte, cu\u00e1l es el origen gen\u00e9tico de los habitantes de la provincia de Corrientes, a partir de la confecci\u00f3n de un banco de datos local.&nbsp;La muestra consistir\u00e1 en un hisopado de la boca (cachete interno).&nbsp;<\/p>\n\n\n\n<p>Se podr\u00e1 acceder a la inscripci\u00f3n previa respondiendo una breve encuesta en&nbsp;<a href=\"https:\/\/docs.google.com\/forms\/d\/e\/1FAIpQLSfkv41OV3ixWZodfclKsBLYMjjqPlipcg5KvTgkumc8eZBG2g\/viewform\">este enlace<\/a>.&nbsp;<\/p>\n\n\n\n<p>A la par de la toma de muestras, la doctora Mar\u00eda Carla Zimmermann disertar\u00e1 sobre &#8220;Afrodescendientes en Corrientes. Un poco de historia y de ciencia&#8221;, tambi\u00e9n en la sede del laboratorio, este s\u00e1bado y desde las 9. La charla est\u00e1 orientada al p\u00fablico en general y se realiza en el marco de la Semana de la Ciencia, un evento que se extiende durante octubre en diferentes sedes acad\u00e9mico cient\u00edficas con el prop\u00f3sito de abrir sus puertas a la poblaci\u00f3n local.&nbsp;&nbsp;<\/p>\n\n\n\n<p>Este laboratorio de biolog\u00eda molecular pertenece a la Facultad de Medicina de la UNNE. All\u00ed realizan, adem\u00e1s, estudios forenses, de paternidad y&nbsp;detecci\u00f3n de virus y oncogenes.&nbsp;<\/p>\n","protected":false},"excerpt":{"rendered":"<p>El Laboratorio de Medicina Gen\u00f3mica de la Universidad Nacional del Nordeste (UNNE) tomar\u00e1 muestras de ADN&nbsp;este s\u00e1bado desde las 10 hasta las 12&nbsp;a las&nbsp;personas nacidas en la provincia de Corrientes&nbsp;que&hellip; <\/p>\n","protected":false},"author":1,"featured_media":93222,"comment_status":"closed","ping_status":"open","sticky":false,"template":"","format":"standard","meta":{"footnotes":""},"categories":[1,24],"tags":[],"class_list":["post-93221","post","type-post","status-publish","format-standard","has-post-thumbnail","hentry","category-informacion-general","category-tecnologia"],"_links":{"self":[{"href":"https:\/\/corrientesdetarde.com\/index.php\/wp-json\/wp\/v2\/posts\/93221","targetHints":{"allow":["GET"]}}],"collection":[{"href":"https:\/\/corrientesdetarde.com\/index.php\/wp-json\/wp\/v2\/posts"}],"about":[{"href":"https:\/\/corrientesdetarde.com\/index.php\/wp-json\/wp\/v2\/types\/post"}],"author":[{"embeddable":true,"href":"https:\/\/corrientesdetarde.com\/index.php\/wp-json\/wp\/v2\/users\/1"}],"replies":[{"embeddable":true,"href":"https:\/\/corrientesdetarde.com\/index.php\/wp-json\/wp\/v2\/comments?post=93221"}],"version-history":[{"count":1,"href":"https:\/\/corrientesdetarde.com\/index.php\/wp-json\/wp\/v2\/posts\/93221\/revisions"}],"predecessor-version":[{"id":93223,"href":"https:\/\/corrientesdetarde.com\/index.php\/wp-json\/wp\/v2\/posts\/93221\/revisions\/93223"}],"wp:featuredmedia":[{"embeddable":true,"href":"https:\/\/corrientesdetarde.com\/index.php\/wp-json\/wp\/v2\/media\/93222"}],"wp:attachment":[{"href":"https:\/\/corrientesdetarde.com\/index.php\/wp-json\/wp\/v2\/media?parent=93221"}],"wp:term":[{"taxonomy":"category","embeddable":true,"href":"https:\/\/corrientesdetarde.com\/index.php\/wp-json\/wp\/v2\/categories?post=93221"},{"taxonomy":"post_tag","embeddable":true,"href":"https:\/\/corrientesdetarde.com\/index.php\/wp-json\/wp\/v2\/tags?post=93221"}],"curies":[{"name":"wp","href":"https:\/\/api.w.org\/{rel}","templated":true}]}}