{"id":93228,"date":"2023-10-06T10:33:41","date_gmt":"2023-10-06T13:33:41","guid":{"rendered":"https:\/\/corrientesdetarde.com\/?p=93228"},"modified":"2023-10-06T10:33:56","modified_gmt":"2023-10-06T13:33:56","slug":"para-economia-la-inflacion-de-septiembre-se-redujo-a-74","status":"publish","type":"post","link":"https:\/\/corrientesdetarde.com\/index.php\/economia\/para-economia-la-inflacion-de-septiembre-se-redujo-a-74\/","title":{"rendered":"Para Econom\u00eda, la inflaci\u00f3n de septiembre se redujo a 7,4%"},"content":{"rendered":"\n<p>El Ministerio de Econom\u00eda estim\u00f3 que la inflaci\u00f3n de septiembre fue del 7,4%, con una marcada desaceleraci\u00f3n respecto al 12,4% que se produjo el mes anterior.<\/p>\n\n\n\n<p>En su informe semanal de monitoreo de precios, la Secretar\u00eda de Pol\u00edtica Econ\u00f3mica indic\u00f3 que en la \u00faltima semana del mes pasado, la inflaci\u00f3n fue del orden de 1,3%, sosteniendo el proceso de desaceleraci\u00f3n desde el pico que se dio a mediados de agosto.<\/p>\n\n\n\n<p>El informe a cargo de la dependencia que comando Gabriel Rubinstein muestra que durante septiembre la secuencia semanal de aumento de precios fue: 2,5% (28\/6 al 3\/9), 2% (4\/9 al 10\/9), 2,1% (11\/9 al 17\/9) 1,7% (18\/9 al 24\/9) y 1,3% (25\/9 al 1\/10).<\/p>\n\n\n\n<p>&#8220;Esperamos que los pr\u00f3ximos datos confirmen el proceso de desaceleraci\u00f3n en marcha, aun cuando como ha venido ocurriendo en todos los meses precios las subas de las primeras semanas de cada vez suelen ser bastante mayores que las semanas previas&#8221;, indic\u00f3 el trabajo oficial.<\/p>\n\n\n\n<p>Atentos a esta situaci\u00f3n desde Econom\u00eda advirtieron que &#8220;esperar\u00edamos un alza mayor en la primera semana de octubre antes de que el proceso de baja de las tasas semanales de inflaci\u00f3n sea reasumido&#8221;.<\/p>\n\n\n\n<p>Sobre el proceso semanal que arroj\u00f3 una suba promedio de 1,3% el informe detall\u00f3 subas de: 3,1% en Turismo, 2,5% en indumentaria y 1,8% en alimentos y bebidas pero sin carne. Asimismo, destac\u00f3 una baja de 2,6% en verduras, 0,2% en frutas y 0,2% en carnes.<\/p>\n\n\n\n<p>El Gobierno se comprometi\u00f3 a publicar todas las semanas su estimaci\u00f3n de inflaci\u00f3n como herramienta para frenar las expectativas.<\/p>\n\n\n\n<p>Seg\u00fan indic\u00f3 la Secretar\u00eda el informe est\u00e1 hecho en base &#8220;a precios on line de supermercados y otros canales de comercializaci\u00f3n de una canasta representativa de productos de alimentos, bebidas, limpieza, cuidado personal, electrodom\u00e9sticos e indumentaria, como as\u00ed tambi\u00e9n precios on line de autom\u00f3viles y medicamentos, adem\u00e1s de precios regulados a nivel nacional&#8221;.<\/p>\n\n\n\n<p>Tambi\u00e9n se aclar\u00f3 que &#8220;se ajustan las estimaciones por brechas por canal de comercializaci\u00f3n.<\/p>\n\n\n\n<p>A su vez, la Secretar\u00eda aclar\u00f3 que &#8220;estos relevamientos preliminares a nivel semanal se completamente independientes a las estad\u00edsticas del IPC mensual que realiza el INDEC y no deben usarse en reemplazo de la informaci\u00f3n que provee este organismo&#8221;.<\/p>\n\n\n\n<p>&#8220;Tampoco debe usarse en reemplazo de la posible evoluci\u00f3n del Coeficiente de Estabilizaci\u00f3n de Referencia (CER) que elabora el Banco Central&#8221;. &nbsp; &nbsp; &nbsp; &nbsp;&nbsp;<\/p>\n","protected":false},"excerpt":{"rendered":"<p>El Ministerio de Econom\u00eda estim\u00f3 que la inflaci\u00f3n de septiembre fue del 7,4%, con una marcada desaceleraci\u00f3n respecto al 12,4% que se produjo el mes anterior. En su informe semanal&hellip; <\/p>\n","protected":false},"author":1,"featured_media":93236,"comment_status":"closed","ping_status":"open","sticky":false,"template":"","format":"standard","meta":{"footnotes":""},"categories":[20],"tags":[],"class_list":["post-93228","post","type-post","status-publish","format-standard","has-post-thumbnail","hentry","category-economia"],"_links":{"self":[{"href":"https:\/\/corrientesdetarde.com\/index.php\/wp-json\/wp\/v2\/posts\/93228","targetHints":{"allow":["GET"]}}],"collection":[{"href":"https:\/\/corrientesdetarde.com\/index.php\/wp-json\/wp\/v2\/posts"}],"about":[{"href":"https:\/\/corrientesdetarde.com\/index.php\/wp-json\/wp\/v2\/types\/post"}],"author":[{"embeddable":true,"href":"https:\/\/corrientesdetarde.com\/index.php\/wp-json\/wp\/v2\/users\/1"}],"replies":[{"embeddable":true,"href":"https:\/\/corrientesdetarde.com\/index.php\/wp-json\/wp\/v2\/comments?post=93228"}],"version-history":[{"count":1,"href":"https:\/\/corrientesdetarde.com\/index.php\/wp-json\/wp\/v2\/posts\/93228\/revisions"}],"predecessor-version":[{"id":93237,"href":"https:\/\/corrientesdetarde.com\/index.php\/wp-json\/wp\/v2\/posts\/93228\/revisions\/93237"}],"wp:featuredmedia":[{"embeddable":true,"href":"https:\/\/corrientesdetarde.com\/index.php\/wp-json\/wp\/v2\/media\/93236"}],"wp:attachment":[{"href":"https:\/\/corrientesdetarde.com\/index.php\/wp-json\/wp\/v2\/media?parent=93228"}],"wp:term":[{"taxonomy":"category","embeddable":true,"href":"https:\/\/corrientesdetarde.com\/index.php\/wp-json\/wp\/v2\/categories?post=93228"},{"taxonomy":"post_tag","embeddable":true,"href":"https:\/\/corrientesdetarde.com\/index.php\/wp-json\/wp\/v2\/tags?post=93228"}],"curies":[{"name":"wp","href":"https:\/\/api.w.org\/{rel}","templated":true}]}}