{"id":93239,"date":"2023-10-06T11:01:41","date_gmt":"2023-10-06T14:01:41","guid":{"rendered":"https:\/\/corrientesdetarde.com\/?p=93239"},"modified":"2023-10-06T11:01:46","modified_gmt":"2023-10-06T14:01:46","slug":"desarrollo-social-entrego-los-primeros-carnet-unico-de-emprendedores","status":"publish","type":"post","link":"https:\/\/corrientesdetarde.com\/index.php\/sociales\/desarrollo-social-entrego-los-primeros-carnet-unico-de-emprendedores\/","title":{"rendered":"Desarrollo Social entreg\u00f3 los Primeros Carnet \u00danico de Emprendedores"},"content":{"rendered":"\n<p><em>Este jueves&nbsp;5 en las instalaciones del Ministerio de Desarrollo Social de la Provincia en Murcia 59 del Barrio Apip\u00e9 se llev\u00f3 a cabo un acto de entrega del&nbsp; primer carnet \u00fanico de emprendedores.<\/em><\/p>\n\n\n\n<p><em>Se cont\u00f3 con la presencia de la directora de Comercializaci\u00f3n, D\u00e9bora Galarza Alcaraz;&nbsp;la directora de Juventud, Clara Gortari;&nbsp;la coordinadora de AICOP, GIsselle L\u00f3pez Manzur;&nbsp;la secretaria M\u00f3nica Maldonado; y la directora de Planificaci\u00f3n e Identificaci\u00f3n de Necesidades Criticas, Romina Bravo.<\/em><\/p>\n\n\n\n<p><em>Se hizo entrega a los primeros 350 emprendedores el primer carnet \u00fanico de emprendedores; que con ello les permiten feriar en todos los eventos provinciales.<\/em><em>&nbsp;Para recibirlo participaron de las capacitaciones de costos y marketing.<\/em><em>&nbsp;\u00c9ste carnet \u00fanico permite acceder a todos los beneficios que desde la Direcci\u00f3n de Comercializaci\u00f3n de Econom\u00eda Social se otorgan.<\/em><\/p>\n\n\n\n<p><em>\u201cMuy contentos con cada logro alcanzado, hoy estamos entregando los primeros carnets \u00fanicos de emprendedores, luego de una serie de capacitaciones que realizaron \u00a0libreta sanitaria, manipulaci\u00f3n de alimentos, costos y marketing son veinte cursos los que se les brinda para acceder al carnet, pero seguimos trabajando y\u00a0 muy pronto vamos a contar con la Primer Escuela de Emprendedores, va ser un trabajo conjunto con distintas \u00e1reas del gobierno, estamos coordinando con el Ministerio de Educaci\u00f3n y con el de Turismo para ello, adem\u00e1s\u00a0en breve estaremos inaugurando tambi\u00e9n\u00a0un nuevo Paseo\u00a0Kerayvoty en el Barrio 9 de Julio con 25 box que va permitir la ubicaci\u00f3n de 50 familias\u00a0que van contar con un local\u00a0fijo en forma gratuita para comercializar sus productos&#8221;,\u00a0expres\u00f3 la directora de Comercializaci\u00f3n, D\u00e9bora Galarza Alcaraz.<\/em><\/p>\n\n\n\n<figure class=\"wp-block-image size-large\"><img loading=\"lazy\" decoding=\"async\" width=\"1024\" height=\"682\" src=\"https:\/\/corrientesdetarde.com\/wp-content\/uploads\/2023\/10\/image-198-1024x682.png\" alt=\"\" class=\"wp-image-93248\" srcset=\"https:\/\/corrientesdetarde.com\/wp-content\/uploads\/2023\/10\/image-198-1024x682.png 1024w, https:\/\/corrientesdetarde.com\/wp-content\/uploads\/2023\/10\/image-198-300x200.png 300w, https:\/\/corrientesdetarde.com\/wp-content\/uploads\/2023\/10\/image-198-768x512.png 768w, https:\/\/corrientesdetarde.com\/wp-content\/uploads\/2023\/10\/image-198.png 1280w\" sizes=\"auto, (max-width: 1024px) 100vw, 1024px\" \/><\/figure>\n","protected":false},"excerpt":{"rendered":"<p>Este jueves&nbsp;5 en las instalaciones del Ministerio de Desarrollo Social de la Provincia en Murcia 59 del Barrio Apip\u00e9 se llev\u00f3 a cabo un acto de entrega del&nbsp; primer carnet&hellip; <\/p>\n","protected":false},"author":1,"featured_media":93249,"comment_status":"closed","ping_status":"open","sticky":false,"template":"","format":"standard","meta":{"footnotes":""},"categories":[17],"tags":[],"class_list":["post-93239","post","type-post","status-publish","format-standard","has-post-thumbnail","hentry","category-sociales"],"_links":{"self":[{"href":"https:\/\/corrientesdetarde.com\/index.php\/wp-json\/wp\/v2\/posts\/93239","targetHints":{"allow":["GET"]}}],"collection":[{"href":"https:\/\/corrientesdetarde.com\/index.php\/wp-json\/wp\/v2\/posts"}],"about":[{"href":"https:\/\/corrientesdetarde.com\/index.php\/wp-json\/wp\/v2\/types\/post"}],"author":[{"embeddable":true,"href":"https:\/\/corrientesdetarde.com\/index.php\/wp-json\/wp\/v2\/users\/1"}],"replies":[{"embeddable":true,"href":"https:\/\/corrientesdetarde.com\/index.php\/wp-json\/wp\/v2\/comments?post=93239"}],"version-history":[{"count":1,"href":"https:\/\/corrientesdetarde.com\/index.php\/wp-json\/wp\/v2\/posts\/93239\/revisions"}],"predecessor-version":[{"id":93250,"href":"https:\/\/corrientesdetarde.com\/index.php\/wp-json\/wp\/v2\/posts\/93239\/revisions\/93250"}],"wp:featuredmedia":[{"embeddable":true,"href":"https:\/\/corrientesdetarde.com\/index.php\/wp-json\/wp\/v2\/media\/93249"}],"wp:attachment":[{"href":"https:\/\/corrientesdetarde.com\/index.php\/wp-json\/wp\/v2\/media?parent=93239"}],"wp:term":[{"taxonomy":"category","embeddable":true,"href":"https:\/\/corrientesdetarde.com\/index.php\/wp-json\/wp\/v2\/categories?post=93239"},{"taxonomy":"post_tag","embeddable":true,"href":"https:\/\/corrientesdetarde.com\/index.php\/wp-json\/wp\/v2\/tags?post=93239"}],"curies":[{"name":"wp","href":"https:\/\/api.w.org\/{rel}","templated":true}]}}