{"id":93240,"date":"2023-10-06T11:00:33","date_gmt":"2023-10-06T14:00:33","guid":{"rendered":"https:\/\/corrientesdetarde.com\/?p=93240"},"modified":"2023-10-06T11:00:34","modified_gmt":"2023-10-06T14:00:34","slug":"corrientes-registro-3-casos-nuevos-de-coronavirus-3","status":"publish","type":"post","link":"https:\/\/corrientesdetarde.com\/index.php\/bienestar-y-salud\/corrientes-registro-3-casos-nuevos-de-coronavirus-3\/","title":{"rendered":"Corrientes registr\u00f3 3 casos nuevos de Coronavirus"},"content":{"rendered":"\n<p>El informe epidemiol\u00f3gico de la provincia de Corrientes registr\u00f3 3 casos nuevos de Coronavirus de capital, al haberse analizado 186 muestras en toda la provincia. &nbsp;<br>La cifra de casos activos se actualiza a 12 y los acumulados en 198.164 en todo el territorio provincial, al 6 de octubre de 2023, con 2.127.862 testeos realizados desde que inici\u00f3 la pandemia y 196.175 recuperados; mientras que son 2.179 los fallecidos acumulados.<\/p>\n\n\n\n<p><br><strong>Hospital de Campa\u00f1a<\/strong><br>Desde el Hospital de Campa\u00f1a \u201cEscuela Hogar\u201d detallaron que a la fecha (6 de octubre), hay 2 pacientes internados con resultado positivo para Covid-19, 1 en Cl\u00ednica General, cl\u00ednicamente estables y 1 en la Unidad de Terapia Intensiva, ambos con respiraci\u00f3n mec\u00e1nica asistida y pron\u00f3stico reservado.<br>Est\u00e1 ocupado el 0.33% de los respiradores.\u00a0<\/p>\n\n\n\n<figure class=\"wp-block-image size-large\"><img loading=\"lazy\" decoding=\"async\" width=\"895\" height=\"1024\" src=\"https:\/\/corrientesdetarde.com\/wp-content\/uploads\/2023\/10\/image-197-895x1024.png\" alt=\"\" class=\"wp-image-93245\" srcset=\"https:\/\/corrientesdetarde.com\/wp-content\/uploads\/2023\/10\/image-197-895x1024.png 895w, https:\/\/corrientesdetarde.com\/wp-content\/uploads\/2023\/10\/image-197-262x300.png 262w, https:\/\/corrientesdetarde.com\/wp-content\/uploads\/2023\/10\/image-197-768x879.png 768w, https:\/\/corrientesdetarde.com\/wp-content\/uploads\/2023\/10\/image-197-1342x1536.png 1342w, https:\/\/corrientesdetarde.com\/wp-content\/uploads\/2023\/10\/image-197.png 1398w\" sizes=\"auto, (max-width: 895px) 100vw, 895px\" \/><\/figure>\n","protected":false},"excerpt":{"rendered":"<p>El informe epidemiol\u00f3gico de la provincia de Corrientes registr\u00f3 3 casos nuevos de Coronavirus de capital, al haberse analizado 186 muestras en toda la provincia. &nbsp;La cifra de casos activos&hellip; <\/p>\n","protected":false},"author":1,"featured_media":93246,"comment_status":"closed","ping_status":"open","sticky":false,"template":"","format":"standard","meta":{"footnotes":""},"categories":[16],"tags":[],"class_list":["post-93240","post","type-post","status-publish","format-standard","has-post-thumbnail","hentry","category-bienestar-y-salud"],"_links":{"self":[{"href":"https:\/\/corrientesdetarde.com\/index.php\/wp-json\/wp\/v2\/posts\/93240","targetHints":{"allow":["GET"]}}],"collection":[{"href":"https:\/\/corrientesdetarde.com\/index.php\/wp-json\/wp\/v2\/posts"}],"about":[{"href":"https:\/\/corrientesdetarde.com\/index.php\/wp-json\/wp\/v2\/types\/post"}],"author":[{"embeddable":true,"href":"https:\/\/corrientesdetarde.com\/index.php\/wp-json\/wp\/v2\/users\/1"}],"replies":[{"embeddable":true,"href":"https:\/\/corrientesdetarde.com\/index.php\/wp-json\/wp\/v2\/comments?post=93240"}],"version-history":[{"count":1,"href":"https:\/\/corrientesdetarde.com\/index.php\/wp-json\/wp\/v2\/posts\/93240\/revisions"}],"predecessor-version":[{"id":93247,"href":"https:\/\/corrientesdetarde.com\/index.php\/wp-json\/wp\/v2\/posts\/93240\/revisions\/93247"}],"wp:featuredmedia":[{"embeddable":true,"href":"https:\/\/corrientesdetarde.com\/index.php\/wp-json\/wp\/v2\/media\/93246"}],"wp:attachment":[{"href":"https:\/\/corrientesdetarde.com\/index.php\/wp-json\/wp\/v2\/media?parent=93240"}],"wp:term":[{"taxonomy":"category","embeddable":true,"href":"https:\/\/corrientesdetarde.com\/index.php\/wp-json\/wp\/v2\/categories?post=93240"},{"taxonomy":"post_tag","embeddable":true,"href":"https:\/\/corrientesdetarde.com\/index.php\/wp-json\/wp\/v2\/tags?post=93240"}],"curies":[{"name":"wp","href":"https:\/\/api.w.org\/{rel}","templated":true}]}}