{"id":93325,"date":"2023-10-06T19:36:42","date_gmt":"2023-10-06T22:36:42","guid":{"rendered":"https:\/\/corrientesdetarde.com\/?p=93325"},"modified":"2023-10-06T19:36:54","modified_gmt":"2023-10-06T22:36:54","slug":"anses-informo-las-fechas-de-pago-del-bono-ife-para-trabajadores-informales","status":"publish","type":"post","link":"https:\/\/corrientesdetarde.com\/index.php\/economia\/anses-informo-las-fechas-de-pago-del-bono-ife-para-trabajadores-informales\/","title":{"rendered":"ANSES inform\u00f3 las fechas de pago del bono IFE para trabajadores informales"},"content":{"rendered":"\n<p>La Administraci\u00f3n Nacional de Seguridad Social (ANSES) confirm\u00f3 que desde el pr\u00f3ximo\u00a0<strong>lunes\u00a0<\/strong>las personas cuyo\u00a0<strong>Refuerzo para Trabajadores Informales<\/strong>fue aprobado comenzar\u00e1n a\u00a0<strong>cobrar<\/strong>\u00a0la primera de las dos cuotas de\u00a0<strong>$47.000<\/strong>.La inscripci\u00f3n se puede realizar\u00a0<strong>hasta el 31 de octubre<\/strong>\u00a0todos los d\u00edas de 14 a 24 horas. Los beneficiarios re\u00fanen caracter\u00edsticas similares a los que percibieron el Ingreso Familiar de Emergencia (IFE) durante la pandemia de Covid-19 en 2020.<\/p>\n\n\n\n<p>Para acceder al beneficio, es requisito ser trabajador informal de\u00a0<strong>entre 18 y 64 a\u00f1os<\/strong>, no contar con ingresos registrados\u00a0<strong>ni ser titular de ning\u00fan tipo de asistencia\u00a0<\/strong>econ\u00f3mica del Estado, como la Asignaci\u00f3n Universal por Hija e Hijo (AUH), las becas Progresar o el Potenciar Trabajo. Adem\u00e1s, ANSES realiza una evaluaci\u00f3n socioecon\u00f3mica y patrimonial del consumo, los bienes, y la cobertura de salud de los solicitantes.<\/p>\n\n\n\n<h2 class=\"wp-block-heading\"><strong>Cu\u00e1ndo se cobra el IFE 2023<\/strong><\/h2>\n\n\n\n<p>El cobro se concretar\u00e1 seg\u00fan la finalizaci\u00f3n de documento:<\/p>\n\n\n\n<ul class=\"wp-block-list\"><li>DNI terminados en 0, 1 y 2:&nbsp;<strong>lunes 9 de octubre<\/strong><\/li><li>DNI terminados en 3, 4 y 5:&nbsp;<strong>martes 10 de octubre<\/strong><\/li><li>DNI terminados en 6 y 7:&nbsp;<strong>mi\u00e9rcoles 11 de octubre<\/strong><\/li><li>DNI terminados en 8 y 9:&nbsp;<strong>jueves 12 de octubre<\/strong><\/li><\/ul>\n\n\n\n<p><strong>Le\u00e9 tambi\u00e9n:\u00a0PRECIOS JUSTOS: las 6 frutas y verduras que se podr\u00e1n comprar a precios fijos en OCTUBRE de 2023<\/strong><\/p>\n\n\n\n<p>Los beneficiarios de este bono cobrar\u00e1n en&nbsp;<strong>dos cuotas<\/strong>:<\/p>\n\n\n\n<ul class=\"wp-block-list\"><li><strong>$47.000&nbsp;<\/strong>en octubre;<\/li><li><strong>$47.000&nbsp;<\/strong>en noviembre.<\/li><\/ul>\n\n\n\n<p>Hasta el momento,\u00a0<strong>dos millones de personas\u00a0<\/strong>ya se inscribieron en el\u00a0<strong>Refuerzo para Trabajadores Informales,\u00a0<\/strong>tambi\u00e9n llamado<strong>\u00a0IFE 2023<\/strong>\u00a0por su similitud con el Ingreso Familiar de Emergencia que se otorg\u00f3 durante la cuarentena de la pandemia.<\/p>\n","protected":false},"excerpt":{"rendered":"<p>La Administraci\u00f3n Nacional de Seguridad Social (ANSES) confirm\u00f3 que desde el pr\u00f3ximo\u00a0lunes\u00a0las personas cuyo\u00a0Refuerzo para Trabajadores Informalesfue aprobado comenzar\u00e1n a\u00a0cobrar\u00a0la primera de las dos cuotas de\u00a0$47.000.La inscripci\u00f3n se puede realizar\u00a0hasta&hellip; <\/p>\n","protected":false},"author":12,"featured_media":93334,"comment_status":"closed","ping_status":"open","sticky":false,"template":"","format":"standard","meta":{"footnotes":""},"categories":[20],"tags":[],"class_list":["post-93325","post","type-post","status-publish","format-standard","has-post-thumbnail","hentry","category-economia"],"_links":{"self":[{"href":"https:\/\/corrientesdetarde.com\/index.php\/wp-json\/wp\/v2\/posts\/93325","targetHints":{"allow":["GET"]}}],"collection":[{"href":"https:\/\/corrientesdetarde.com\/index.php\/wp-json\/wp\/v2\/posts"}],"about":[{"href":"https:\/\/corrientesdetarde.com\/index.php\/wp-json\/wp\/v2\/types\/post"}],"author":[{"embeddable":true,"href":"https:\/\/corrientesdetarde.com\/index.php\/wp-json\/wp\/v2\/users\/12"}],"replies":[{"embeddable":true,"href":"https:\/\/corrientesdetarde.com\/index.php\/wp-json\/wp\/v2\/comments?post=93325"}],"version-history":[{"count":1,"href":"https:\/\/corrientesdetarde.com\/index.php\/wp-json\/wp\/v2\/posts\/93325\/revisions"}],"predecessor-version":[{"id":93335,"href":"https:\/\/corrientesdetarde.com\/index.php\/wp-json\/wp\/v2\/posts\/93325\/revisions\/93335"}],"wp:featuredmedia":[{"embeddable":true,"href":"https:\/\/corrientesdetarde.com\/index.php\/wp-json\/wp\/v2\/media\/93334"}],"wp:attachment":[{"href":"https:\/\/corrientesdetarde.com\/index.php\/wp-json\/wp\/v2\/media?parent=93325"}],"wp:term":[{"taxonomy":"category","embeddable":true,"href":"https:\/\/corrientesdetarde.com\/index.php\/wp-json\/wp\/v2\/categories?post=93325"},{"taxonomy":"post_tag","embeddable":true,"href":"https:\/\/corrientesdetarde.com\/index.php\/wp-json\/wp\/v2\/tags?post=93325"}],"curies":[{"name":"wp","href":"https:\/\/api.w.org\/{rel}","templated":true}]}}