{"id":93327,"date":"2023-10-06T19:22:26","date_gmt":"2023-10-06T22:22:26","guid":{"rendered":"https:\/\/corrientesdetarde.com\/?p=93327"},"modified":"2023-10-06T19:22:37","modified_gmt":"2023-10-06T22:22:37","slug":"hemos-avanzado-en-negociaciones-conjunta-con-gustavo-valdes-dijo-leandro-zdero","status":"publish","type":"post","link":"https:\/\/corrientesdetarde.com\/index.php\/politica\/hemos-avanzado-en-negociaciones-conjunta-con-gustavo-valdes-dijo-leandro-zdero\/","title":{"rendered":"&#8220;Hemos avanzado en negociaciones conjunta con Gustavo Vald\u00e9s&#8221; dijo Leandro Zdero"},"content":{"rendered":"\n<p>&#8220;Nosotros creemos en el trabajo conjunto y repotenciar el trabajo de nuestra regi\u00f3n. En esto hemos avanzado en negociaciones conjunta con Gustavo Vald\u00e9s&#8221;, afirm\u00f3 ante la pregunta de \u00e9poca el gobernador Gustavo Vald\u00e9s en la conferencia de prensa de lanzamiento de la candidatura de Roy Nickisch para la intendencia de Resistencia que se vota el 5 de noviembre.<\/p>\n\n\n\n<p>En cuanto a la vinculaci\u00f3n con el gobernador Gustavo Vald\u00e9s destac\u00f3 que lo &#8220;une tanto el conocimiento personal como en la vida pol\u00edtica&#8221; y en ese punto despleg\u00f3 su visi\u00f3n regional al destacar que tambi\u00e9n convers\u00f3 con el gobernador electo de Santa Fe Maximiliano Pullaro para, &#8220;emprender el pedido conjunto de obras trascendentales para la regi\u00f3n&#8221;.<\/p>\n\n\n\n<p>En ese punto mencion\u00f3 los problemas de inversi\u00f3n nacional en Corrientes. &#8220;F\u00edjense lo que les pasa a los correntinos con la autov\u00eda que la tienen paralizada desde hace un mont\u00f3n de tiempo y para nosotros es de fundamental importancia para el corredor bioce\u00e1nico&#8221;.<\/p>\n\n\n\n<p>El dirigente radical tambi\u00e9n destac\u00f3 que hay un trabajo conjunto en toda la regi\u00f3n para respaldar la candidatura de Patricia Bullrich, en el entendimiento que &#8220;es la \u00fanica candidata presidencial que tiene la voluntad de aportar al crecimiento de las provincias&#8221;, y que conoce &#8220;el Chaco y toda la regi\u00f3n&#8221;.<br>&#8220;Ser\u00e1 la presidente que cuente con 10 gobernados, una presencia de &nbsp;apoyo en el Congreso como nunca se ha tenido y adem\u00e1s cuenta con los equipos para dise\u00f1ar las pol\u00edticas que nos hacen falta a los argentinos&#8221;, indic\u00f3.<\/p>\n","protected":false},"excerpt":{"rendered":"<p>&#8220;Nosotros creemos en el trabajo conjunto y repotenciar el trabajo de nuestra regi\u00f3n. En esto hemos avanzado en negociaciones conjunta con Gustavo Vald\u00e9s&#8221;, afirm\u00f3 ante la pregunta de \u00e9poca el&hellip; <\/p>\n","protected":false},"author":12,"featured_media":93332,"comment_status":"closed","ping_status":"open","sticky":false,"template":"","format":"standard","meta":{"footnotes":""},"categories":[3],"tags":[],"class_list":["post-93327","post","type-post","status-publish","format-standard","has-post-thumbnail","hentry","category-politica"],"_links":{"self":[{"href":"https:\/\/corrientesdetarde.com\/index.php\/wp-json\/wp\/v2\/posts\/93327","targetHints":{"allow":["GET"]}}],"collection":[{"href":"https:\/\/corrientesdetarde.com\/index.php\/wp-json\/wp\/v2\/posts"}],"about":[{"href":"https:\/\/corrientesdetarde.com\/index.php\/wp-json\/wp\/v2\/types\/post"}],"author":[{"embeddable":true,"href":"https:\/\/corrientesdetarde.com\/index.php\/wp-json\/wp\/v2\/users\/12"}],"replies":[{"embeddable":true,"href":"https:\/\/corrientesdetarde.com\/index.php\/wp-json\/wp\/v2\/comments?post=93327"}],"version-history":[{"count":1,"href":"https:\/\/corrientesdetarde.com\/index.php\/wp-json\/wp\/v2\/posts\/93327\/revisions"}],"predecessor-version":[{"id":93333,"href":"https:\/\/corrientesdetarde.com\/index.php\/wp-json\/wp\/v2\/posts\/93327\/revisions\/93333"}],"wp:featuredmedia":[{"embeddable":true,"href":"https:\/\/corrientesdetarde.com\/index.php\/wp-json\/wp\/v2\/media\/93332"}],"wp:attachment":[{"href":"https:\/\/corrientesdetarde.com\/index.php\/wp-json\/wp\/v2\/media?parent=93327"}],"wp:term":[{"taxonomy":"category","embeddable":true,"href":"https:\/\/corrientesdetarde.com\/index.php\/wp-json\/wp\/v2\/categories?post=93327"},{"taxonomy":"post_tag","embeddable":true,"href":"https:\/\/corrientesdetarde.com\/index.php\/wp-json\/wp\/v2\/tags?post=93327"}],"curies":[{"name":"wp","href":"https:\/\/api.w.org\/{rel}","templated":true}]}}