{"id":93338,"date":"2023-10-06T19:50:58","date_gmt":"2023-10-06T22:50:58","guid":{"rendered":"https:\/\/corrientesdetarde.com\/?p=93338"},"modified":"2023-10-06T19:51:10","modified_gmt":"2023-10-06T22:51:10","slug":"calendario-del-mundial-2030-la-fifa-confirmo-cuando-se-jugaran-los-partidos-en-argentina-uruguay-y-paraguay","status":"publish","type":"post","link":"https:\/\/corrientesdetarde.com\/index.php\/deportes\/calendario-del-mundial-2030-la-fifa-confirmo-cuando-se-jugaran-los-partidos-en-argentina-uruguay-y-paraguay\/","title":{"rendered":"Calendario del Mundial 2030: la FIFA confirm\u00f3 cu\u00e1ndo se jugar\u00e1n los partidos en Argentina, Uruguay y Paraguay"},"content":{"rendered":"\n<p>El\u00a0<strong>Mundial 2030<\/strong>, que organizar\u00e1n en mayor medida Espa\u00f1a, Portugal y Marruecos,\u00a0<strong>tambi\u00e9n tendr\u00e1 entre sus sedes a la Argentina, Uruguay y Paraguay<\/strong>. Se trata de una noticia que todav\u00eda sacude a los fan\u00e1ticos sudamericanos del f\u00fatbol.<\/p>\n\n\n\n<p>En un documento remitido a los medios, la&nbsp;<strong>FIFA detall\u00f3 las fechas relevantes de la Copa del Mundo<\/strong>. As\u00ed, el<strong>&nbsp;8 y 9 de junio tendr\u00e1n lugar la ceremonia de celebraci\u00f3n del Centenario y los primeros partidos de Uruguay (en Montevideo), Argentina (como local) y Paraguay (como local)<\/strong>.<\/p>\n\n\n\n<h2 class=\"wp-block-heading\">Tras esos partidos, el Mundial se mudar\u00e1 de continente<\/h2>\n\n\n\n<p>Los d\u00edas 13 o 14 de ese mes se celebrar\u00e1 la ceremonia de apertura y partidos inaugurales en Espa\u00f1a, Marruecos y\/o Portugal y las dos jornadas siguientes se programar\u00e1n los primeros compromisos de las dem\u00e1s selecciones de los grupos de Uruguay, Argentina y Paraguay, mientras que los segundos encuentros de esos equipos&nbsp;<strong>se jugar\u00e1n el<\/strong><strong>21 y 22 de junio<\/strong>.<\/p>\n\n\n\n<p>El ganador de la Copa del Mundo se conocer\u00e1 en la gran final,&nbsp;<strong>fijada para el 21 de julio.<\/strong><\/p>\n\n\n\n<figure class=\"wp-block-image\"><img decoding=\"async\" src=\"https:\/\/tn.com.ar\/resizer\/OGR630h03TWc3w1_2OiefecI10g=\/767x0\/smart\/filters:format(webp)\/cloudfront-us-east-1.images.arcpublishing.com\/artear\/PATNA7JJLZECVHB2EMGTE6J6MM.jfif\" alt=\"Claudio Tapia, presidente de la AFA y uno de los responsables de las gestiones para que la Argentina sea una de las sedes del Mundial 2030. (Foto: EFE)\"\/><figcaption>Claudio Tapia, presidente de la AFA y uno de los responsables de las gestiones para que la Argentina sea una de las sedes del Mundial 2030. (Foto: EFE)<\/figcaption><\/figure>\n\n\n\n<p>\u201cLos tres partidos que se jueguen en Sudam\u00e9rica<strong>&nbsp;se adelantar\u00e1n unos d\u00edas antes de los partidos inaugurales&nbsp;<\/strong>oficiales de la Copa Mundial de la FIFA, que se jugar\u00e1n en Marruecos, Portugal y Espa\u00f1a\u201d, explic\u00f3 el organismo internacional, que aclar\u00f3 que el calendario \u201cse adaptar\u00e1 de forma excepcional para proporcionar d\u00edas adicionales y suficientes entre un encuentro y otro a las selecciones que disputen los partidos de celebraci\u00f3n del centenario para que puedan viajar, descansar, adaptarse y prepararse bien\u201d.<\/p>\n\n\n\n<p>As\u00ed, se proporcionar\u00e1n \u201cunos 11 o 12 d\u00edas\u201d para que las seis selecciones que jueguen en Sudam\u00e9rica puedan<strong>&nbsp;viajar y descansar antes de su segundo encuentro&nbsp;<\/strong>\u201cmientras que tanto sus otros seis rivales de grupo como todas las dem\u00e1s selecciones participantes dispondr\u00e1n de unos 5 o 6 d\u00edas para viajar y descansar\u201d, a\u00f1ade el texto.<\/p>\n\n\n\n<h2 class=\"wp-block-heading\">Seis pa\u00edses y tres continentes distintos<\/h2>\n\n\n\n<p>Pese a haber involucrado a seis pa\u00edses de tres continentes, la FIFA considera que&nbsp;<strong>el grueso de los 101 partidos se jugar\u00e1n \u201cen un radio de acci\u00f3n de tres pa\u00edses vecinos -Espa\u00f1a, Portugal y Marruecos- muy pr\u00f3ximos geogr\u00e1ficamente&nbsp;<\/strong>y dotados de infraestructuras y redes de transporte amplias y bien desarrolladas\u201d.<\/p>\n\n\n\n<figure class=\"wp-block-image\"><img decoding=\"async\" src=\"https:\/\/tn.com.ar\/resizer\/KP3ELf2msbaVRqHZgggAaRTbDjg=\/767x0\/smart\/filters:format(webp)\/cloudfront-us-east-1.images.arcpublishing.com\/artear\/JAPZBDX44RCVPME2TJPLC7E6YQ.jpg\" alt=\"Mundial 2030: seis pa\u00edses y tres continentes distintos (Foto: AFP).\"\/><figcaption>Mundial 2030: seis pa\u00edses y tres continentes distintos (Foto: AFP).<\/figcaption><\/figure>\n\n\n\n<p>Lo mismo ocurre con los tres encuentros que tendr\u00e1n lugar en Sudam\u00e9rica, \u201ctambi\u00e9n en pa\u00edses vecinos muy pr\u00f3ximos geogr\u00e1ficamente, para<strong>&nbsp;conmemorar el 100\u00ba aniversario del certamen<\/strong>&nbsp;con una celebraci\u00f3n \u00fanica\u201d.<\/p>\n\n\n\n<p>El Consejo de la FIFA acord\u00f3 el mi\u00e9rcoles de forma un\u00e1nime que la \u00fanica candidatura para el Mundial de 2030 sea la conjunta de Espa\u00f1a, Portugal y Marruecos, y que el primer partido se dispute en Uruguay, como celebraci\u00f3n del centenario del primer campeonato que se jug\u00f3 en ese pa\u00eds en 1930. Tambi\u00e9n acord\u00f3 que Argentina y Paraguay, pa\u00edses que se sumaron a Uruguay y a Chile en otro proyecto de candidatura, reciban cada uno un partido.<\/p>\n","protected":false},"excerpt":{"rendered":"<p>El\u00a0Mundial 2030, que organizar\u00e1n en mayor medida Espa\u00f1a, Portugal y Marruecos,\u00a0tambi\u00e9n tendr\u00e1 entre sus sedes a la Argentina, Uruguay y Paraguay. Se trata de una noticia que todav\u00eda sacude a&hellip; <\/p>\n","protected":false},"author":12,"featured_media":93339,"comment_status":"closed","ping_status":"open","sticky":false,"template":"","format":"standard","meta":{"footnotes":""},"categories":[4],"tags":[],"class_list":["post-93338","post","type-post","status-publish","format-standard","has-post-thumbnail","hentry","category-deportes"],"_links":{"self":[{"href":"https:\/\/corrientesdetarde.com\/index.php\/wp-json\/wp\/v2\/posts\/93338","targetHints":{"allow":["GET"]}}],"collection":[{"href":"https:\/\/corrientesdetarde.com\/index.php\/wp-json\/wp\/v2\/posts"}],"about":[{"href":"https:\/\/corrientesdetarde.com\/index.php\/wp-json\/wp\/v2\/types\/post"}],"author":[{"embeddable":true,"href":"https:\/\/corrientesdetarde.com\/index.php\/wp-json\/wp\/v2\/users\/12"}],"replies":[{"embeddable":true,"href":"https:\/\/corrientesdetarde.com\/index.php\/wp-json\/wp\/v2\/comments?post=93338"}],"version-history":[{"count":1,"href":"https:\/\/corrientesdetarde.com\/index.php\/wp-json\/wp\/v2\/posts\/93338\/revisions"}],"predecessor-version":[{"id":93340,"href":"https:\/\/corrientesdetarde.com\/index.php\/wp-json\/wp\/v2\/posts\/93338\/revisions\/93340"}],"wp:featuredmedia":[{"embeddable":true,"href":"https:\/\/corrientesdetarde.com\/index.php\/wp-json\/wp\/v2\/media\/93339"}],"wp:attachment":[{"href":"https:\/\/corrientesdetarde.com\/index.php\/wp-json\/wp\/v2\/media?parent=93338"}],"wp:term":[{"taxonomy":"category","embeddable":true,"href":"https:\/\/corrientesdetarde.com\/index.php\/wp-json\/wp\/v2\/categories?post=93338"},{"taxonomy":"post_tag","embeddable":true,"href":"https:\/\/corrientesdetarde.com\/index.php\/wp-json\/wp\/v2\/tags?post=93338"}],"curies":[{"name":"wp","href":"https:\/\/api.w.org\/{rel}","templated":true}]}}