{"id":93343,"date":"2023-10-06T20:30:29","date_gmt":"2023-10-06T23:30:29","guid":{"rendered":"https:\/\/corrientesdetarde.com\/?p=93343"},"modified":"2023-10-06T20:30:40","modified_gmt":"2023-10-06T23:30:40","slug":"fopea-condena-la-grave-agresion-sufrida-por-la-periodista-gabriela-villordo-por-parte-de-un-efectivo-policial","status":"publish","type":"post","link":"https:\/\/corrientesdetarde.com\/index.php\/informacion-general\/fopea-condena-la-grave-agresion-sufrida-por-la-periodista-gabriela-villordo-por-parte-de-un-efectivo-policial\/","title":{"rendered":"FOPEA condena la grave agresi\u00f3n sufrida por la periodista Gabriela Villordo por parte de un efectivo policial"},"content":{"rendered":"\n<p><em>El hecho sucedi\u00f3 este jueves 5 cuando Villordo, periodista de la secci\u00f3n web de Radio Dos y diario \u00c9poca, aguardaba en la puerta del Tribunal Penal 1 de la capital correntina la salida de un condenado. Estaba en la vereda debido a que el tribunal s\u00f3lo hab\u00eda acreditado a diez periodistas para ingresar a la sala de audiencias. All\u00ed, las vallas separaban a los manifestantes que apoyaban a las v\u00edctimas y a los periodistas del cord\u00f3n policial, por lo cual Villordo intentaba filmar con su celular por sobre los obst\u00e1culos. Fue entonces que un polic\u00eda le pidi\u00f3 que se corriera porque estaban trabajando, a lo que ella le respondi\u00f3: &#8220;yo tambi\u00e9n estoy trabajando&#8221;. All\u00ed, sin mediar palabra y a trav\u00e9s de la valla, el polic\u00eda activ\u00f3 el dispositivo de gas pimienta a cent\u00edmetros de su rostro. La colega fue asistida y trasladada a la redacci\u00f3n del diario donde fue atendida por profesionales, que constataron que ten\u00eda lesiones en ambos ojos. Adem\u00e1s de sufrir una agresi\u00f3n injusta y grave, tanto ella como los colegas que acudieron en su ayuda se vieron impedidos de realizar la cobertura del suceso de inter\u00e9s p\u00fablico, lo que afect\u00f3 doblemente la libertad de expresi\u00f3n. Desde el Monitoreo se intent\u00f3 contactar al Ministro de Seguridad de Corrientes, Buenaventura Duarte, y al jefe de la Polic\u00eda de Corrientes pero no se obtuvo respuesta por parte de ellos.<\/em><\/p>\n\n\n\n<p><em>FOPEA reclama a las autoridades de Corrientes que identifiquen y sancionen al efectivo policial que agredi\u00f3 a la periodista, que se garantice el respeto por el trabajo de los periodistas y que se refuerce la instrucci\u00f3n de la fuerza policial en su conjunto en temas de derechos ciudadanos y libertad de expresi\u00f3n, a fin de evitar la reiteraci\u00f3n de hechos como el presente.<\/em><\/p>\n","protected":false},"excerpt":{"rendered":"<p>El hecho sucedi\u00f3 este jueves 5 cuando Villordo, periodista de la secci\u00f3n web de Radio Dos y diario \u00c9poca, aguardaba en la puerta del Tribunal Penal 1 de la capital&hellip; <\/p>\n","protected":false},"author":12,"featured_media":93349,"comment_status":"closed","ping_status":"open","sticky":false,"template":"","format":"standard","meta":{"footnotes":""},"categories":[1,35],"tags":[],"class_list":["post-93343","post","type-post","status-publish","format-standard","has-post-thumbnail","hentry","category-informacion-general","category-opinion"],"_links":{"self":[{"href":"https:\/\/corrientesdetarde.com\/index.php\/wp-json\/wp\/v2\/posts\/93343","targetHints":{"allow":["GET"]}}],"collection":[{"href":"https:\/\/corrientesdetarde.com\/index.php\/wp-json\/wp\/v2\/posts"}],"about":[{"href":"https:\/\/corrientesdetarde.com\/index.php\/wp-json\/wp\/v2\/types\/post"}],"author":[{"embeddable":true,"href":"https:\/\/corrientesdetarde.com\/index.php\/wp-json\/wp\/v2\/users\/12"}],"replies":[{"embeddable":true,"href":"https:\/\/corrientesdetarde.com\/index.php\/wp-json\/wp\/v2\/comments?post=93343"}],"version-history":[{"count":1,"href":"https:\/\/corrientesdetarde.com\/index.php\/wp-json\/wp\/v2\/posts\/93343\/revisions"}],"predecessor-version":[{"id":93350,"href":"https:\/\/corrientesdetarde.com\/index.php\/wp-json\/wp\/v2\/posts\/93343\/revisions\/93350"}],"wp:featuredmedia":[{"embeddable":true,"href":"https:\/\/corrientesdetarde.com\/index.php\/wp-json\/wp\/v2\/media\/93349"}],"wp:attachment":[{"href":"https:\/\/corrientesdetarde.com\/index.php\/wp-json\/wp\/v2\/media?parent=93343"}],"wp:term":[{"taxonomy":"category","embeddable":true,"href":"https:\/\/corrientesdetarde.com\/index.php\/wp-json\/wp\/v2\/categories?post=93343"},{"taxonomy":"post_tag","embeddable":true,"href":"https:\/\/corrientesdetarde.com\/index.php\/wp-json\/wp\/v2\/tags?post=93343"}],"curies":[{"name":"wp","href":"https:\/\/api.w.org\/{rel}","templated":true}]}}