{"id":93354,"date":"2023-10-06T20:48:42","date_gmt":"2023-10-06T23:48:42","guid":{"rendered":"https:\/\/corrientesdetarde.com\/?p=93354"},"modified":"2023-10-06T20:48:48","modified_gmt":"2023-10-06T23:48:48","slug":"tras-el-escandalo-de-insaurralde-otro-intendente-peronista-fue-denunciado-por-enriquecimiento-ilicito","status":"publish","type":"post","link":"https:\/\/corrientesdetarde.com\/index.php\/politica\/tras-el-escandalo-de-insaurralde-otro-intendente-peronista-fue-denunciado-por-enriquecimiento-ilicito\/","title":{"rendered":"Tras el esc\u00e1ndalo de Insaurralde, otro intendente peronista fue denunciado por enriquecimiento il\u00edcito"},"content":{"rendered":"\n<p>El esc\u00e1ndalo del Yategate que dej\u00f3 virtualmente fuera de la pol\u00edtica al ahora ex jefe de Gabinete bonaerense\u00a0<strong>Mart\u00edn Insaurralde<\/strong>\u00a0gener\u00f3 efecto rebote. Adem\u00e1s del temor por el impacto en las urnas a casi dos semanas de las elecciones generales del 22 de octubre, crece la preocupaci\u00f3n en el oficialismo por las posibles denuncias contra otros referentes del peronismo.<\/p>\n\n\n\n<p>En efecto, en las \u00faltimas horas hubo una presentaci\u00f3n judicial contra un intendente del conurbano, que como Insaurralde est\u00e1 en uso de licencia. Se trata de\u00a0<strong>Gustavo Men\u00e9ndez<\/strong>, el jefe comunal de Merlo que fue reemplazado por su hermana, Karina. En la actualidad es presidente del Grupo Provincia, el holding de empresas del Bapro. La\u00a0<strong>denuncia es por enriquecimiento il\u00edcito, malversaci\u00f3n de caudales y administraci\u00f3n fraudulenta<\/strong>; y la present\u00f3 Santiago Dupuy de Lome.<\/p>\n\n\n\n<p>\u201cTras enterarme una&nbsp;<strong>gran cantidad de viajes al exterior<\/strong>&nbsp;que hiciera el presidente del Grupo Provincia, Gustavo Men\u00e9ndez, es que decid\u00ed formular esta denuncia contra \u00e9l\u201d, explica Dupuy de Lome en la presentaci\u00f3n judicial a la que accedi\u00f3&nbsp;<strong>TN<\/strong>.<\/p>\n\n\n\n<p>En la denuncia, el abogado sostiene que \u201cel se\u00f1or Men\u00e9ndez es otro asiduo viajero al exterior al cu\u00e1l\u00a0<strong>el dinero en blanco que percibe no le dar\u00eda para hacer una gran cantidad de viajes<\/strong>\u00a0ni una vida lujosa\u201d y lo emparenta con \u201cla matriz de corrupci\u00f3n, que tambi\u00e9n hemos visto en el caso de Mart\u00edn Insaurralde tan renombrado por estas horas\u201d.<\/p>\n\n\n\n<p>Respecto de la denuncia en un juzgado federal, el letrado explic\u00f3: \u201ccorresponde que la causa la lleve \u00e9sta jurisdicci\u00f3n a fin de desentra\u00f1ar la corrupci\u00f3n de los funcionarios p\u00fablicos que se enriquecen y disfrutan de una vida lujosa con el dinero de la gente\u201d.<\/p>\n\n\n\n<figure class=\"wp-block-image\"><img decoding=\"async\" src=\"https:\/\/tn.com.ar\/resizer\/7MrjE7FID_IHpm7c4LVmiXbI5zI=\/767x0\/smart\/filters:format(webp)\/cloudfront-us-east-1.images.arcpublishing.com\/artear\/NUYDWZGUSNHPRAAKJXOCB2V3JE.jpg\" alt=\"El intendente de Merlo, Gustavo Men\u00e9ndez, escoltado por el ministro de Econom\u00eda, Sergio Massa, y el gobernador bonaerense, Axel Kicillof (Foto: Facebook @gamenendez).\"\/><figcaption>El intendente de Merlo, Gustavo Men\u00e9ndez, escoltado por el ministro de Econom\u00eda, Sergio Massa, y el gobernador bonaerense, Axel Kicillof (Foto: Facebook @gamenendez).<\/figcaption><\/figure>\n\n\n\n<p>Entre las pruebas exigidas por Dupuy de Lome, se encuentran: solicitar a la Direcci\u00f3n Nacional de Migraciones<strong>&nbsp;la cantidad de salidas del pa\u00eds de Men\u00e9ndez,<\/strong>&nbsp;al Banco Central informes de tarjetas de cr\u00e9dito del denunciado y a la AFIP las declaraciones juradas y de bienes.<\/p>\n\n\n\n<p>Adem\u00e1s, el abogado pidi\u00f3 a las compa\u00f1\u00edas a\u00e9reas informes de pasajes a nombre de Gustavo Men\u00e9ndez, a las compa\u00f1\u00edas de vuelos privados si viaj\u00f3 el denunciado y si viaj\u00f3 acompa\u00f1ado. Por \u00faltimo, de corroborarse los viajes, exige saber de qu\u00e9 forma fueron pagados.<\/p>\n\n\n\n<p>La causa sali\u00f3 sorteada para ser investigada en el Juzgado 9 que subroga la doctora Mar\u00eda Eugenia Capuchetti, con el fiscal Guillermo Marijuan.<\/p>\n\n\n\n<p>En 2021, Men\u00e9ndez fue condenado con la inhabilitaci\u00f3n de por vida para ejercer cargos p\u00fablicos al y a dos a\u00f1os de prisi\u00f3n luego de ser acusado de fraude a la administraci\u00f3n p\u00fablica. Sin embargo, en diciembre de 2022, la Suprema Corte de Justicia de la provincia de Buenos Aires anul\u00f3 la condena y orden\u00f3 volver a dictar una nueva sentencia.<\/p>\n","protected":false},"excerpt":{"rendered":"<p>El esc\u00e1ndalo del Yategate que dej\u00f3 virtualmente fuera de la pol\u00edtica al ahora ex jefe de Gabinete bonaerense\u00a0Mart\u00edn Insaurralde\u00a0gener\u00f3 efecto rebote. Adem\u00e1s del temor por el impacto en las urnas&hellip; <\/p>\n","protected":false},"author":12,"featured_media":93360,"comment_status":"closed","ping_status":"open","sticky":false,"template":"","format":"standard","meta":{"footnotes":""},"categories":[3],"tags":[],"class_list":["post-93354","post","type-post","status-publish","format-standard","has-post-thumbnail","hentry","category-politica"],"_links":{"self":[{"href":"https:\/\/corrientesdetarde.com\/index.php\/wp-json\/wp\/v2\/posts\/93354","targetHints":{"allow":["GET"]}}],"collection":[{"href":"https:\/\/corrientesdetarde.com\/index.php\/wp-json\/wp\/v2\/posts"}],"about":[{"href":"https:\/\/corrientesdetarde.com\/index.php\/wp-json\/wp\/v2\/types\/post"}],"author":[{"embeddable":true,"href":"https:\/\/corrientesdetarde.com\/index.php\/wp-json\/wp\/v2\/users\/12"}],"replies":[{"embeddable":true,"href":"https:\/\/corrientesdetarde.com\/index.php\/wp-json\/wp\/v2\/comments?post=93354"}],"version-history":[{"count":1,"href":"https:\/\/corrientesdetarde.com\/index.php\/wp-json\/wp\/v2\/posts\/93354\/revisions"}],"predecessor-version":[{"id":93361,"href":"https:\/\/corrientesdetarde.com\/index.php\/wp-json\/wp\/v2\/posts\/93354\/revisions\/93361"}],"wp:featuredmedia":[{"embeddable":true,"href":"https:\/\/corrientesdetarde.com\/index.php\/wp-json\/wp\/v2\/media\/93360"}],"wp:attachment":[{"href":"https:\/\/corrientesdetarde.com\/index.php\/wp-json\/wp\/v2\/media?parent=93354"}],"wp:term":[{"taxonomy":"category","embeddable":true,"href":"https:\/\/corrientesdetarde.com\/index.php\/wp-json\/wp\/v2\/categories?post=93354"},{"taxonomy":"post_tag","embeddable":true,"href":"https:\/\/corrientesdetarde.com\/index.php\/wp-json\/wp\/v2\/tags?post=93354"}],"curies":[{"name":"wp","href":"https:\/\/api.w.org\/{rel}","templated":true}]}}