{"id":93362,"date":"2023-10-06T20:52:46","date_gmt":"2023-10-06T23:52:46","guid":{"rendered":"https:\/\/corrientesdetarde.com\/?p=93362"},"modified":"2023-10-06T20:52:58","modified_gmt":"2023-10-06T23:52:58","slug":"semana-clave-en-la-causa-chocolate-la-justicia-define-si-acepta-medidas-de-prueba-que-la-defensa-busca-frenar","status":"publish","type":"post","link":"https:\/\/corrientesdetarde.com\/index.php\/politica\/semana-clave-en-la-causa-chocolate-la-justicia-define-si-acepta-medidas-de-prueba-que-la-defensa-busca-frenar\/","title":{"rendered":"Semana clave en la causa Chocolate: la Justicia define si acepta medidas de prueba que la defensa busca frenar"},"content":{"rendered":"\n<p>Los pr\u00f3ximos d\u00edas ser\u00e1n claves para la\u00a0<strong>causa conocida como \u201cChocolate Rigau\u201d<\/strong>, porque la Justicia debe resolver el bombardeo de recursos presentados por todas las partes involucradas en este esc\u00e1ndalo. Fiscales, jueces, abogados de la defensa y la querella, todos tienen intereses, algunos a favor y otros en contra, lo que gener\u00f3 una verdadera\u00a0<strong>batalla judicial<\/strong>.<\/p>\n\n\n\n<p>La \u00faltima novedad es que este viernes\u00a0<strong>la Justicia concedi\u00f3 el recurso de apelaci\u00f3n presentado por la fundaci\u00f3n\u00a0Poder Ciudadano<\/strong>\u00a0contra la nulidad otorgada por la Sala III de la C\u00e1mara de Apelaciones que dio por cerrada la causa. Esto significa que podr\u00e1n participar ante el Tribunal de Casaci\u00f3n. El organismo deber\u00e1 decidir si la fiscal\u00eda sigue con la investigaci\u00f3n o no, ahora por dos v\u00edas distintas.<\/p>\n\n\n\n<p>Es que la semana pasada&nbsp;<strong>el fiscal general H\u00e9ctor Vogliolo apel\u00f3 la nulidad diciendo<\/strong>&nbsp;que se trat\u00f3 de una \u201carbitrariedad manifiesta\u201d y una \u201cgravedad institucional\u201d por parte de los jueces Juan Benavides y Alejandro Villordo.<\/p>\n\n\n\n<p>\u201cFuimos en una l\u00ednea parecida a la presentada por el fiscal general, pero no incluimos la gravedad institucional.&nbsp;<strong>Entendemos que se interpret\u00f3 mal el precedente de la Corte Interamericana invocado para liberar a Rigau<\/strong>, y que&nbsp;<strong>no investigar este caso ser\u00eda violatorio de los compromisos internacionales contra la corrupci\u00f3n<\/strong>\u201d, expres\u00f3 el abogado de la querella, Tom\u00e1s Brandy, en di\u00e1logo con&nbsp;<strong>TN<\/strong>.<\/p>\n\n\n\n<figure class=\"wp-block-image\"><img decoding=\"async\" src=\"https:\/\/tn.com.ar\/resizer\/ZeE_ek6cg-SNnQeNh87rTAsI6mg=\/767x0\/smart\/filters:format(webp)\/cloudfront-us-east-1.images.arcpublishing.com\/artear\/ZA2TUVCTCBAS5JI37XCVSBIEHU.png\" alt=\"La fundaci\u00f3n Poder Ciudadano se constituy\u00f3 como particular damnificado y apel\u00f3 el fallo de la C\u00e1mara. (Foto: TN)\"\/><figcaption>La fundaci\u00f3n Poder Ciudadano se constituy\u00f3 como particular damnificado y apel\u00f3 el fallo de la C\u00e1mara. (Foto: TN)<\/figcaption><\/figure>\n\n\n\n<p>Para la querella, este caso \u201c<strong>se trata de un mecanismo orquestado<\/strong>&nbsp;desde los m\u00e1s altos niveles de conducci\u00f3n pol\u00edtica del organismo, y que tiene por finalidad<strong>&nbsp;defraudar al erario p\u00fablico<\/strong>. Al encontrarse involucrados funcionarios p\u00fablicos de diversa jerarqu\u00eda, junto con pol\u00edticos en actividad en acciones tendientes a perjudicar al Estado,&nbsp;<strong>no caben dudas que se trata de la comisi\u00f3n de delitos que quedan atrapados en un esquema de corrupci\u00f3n sist\u00e9mic<\/strong>a\u201d.<\/p>\n\n\n\n<p>Por eso, pidieron que se revoque la sentencia de la C\u00e1mara de Apelaciones, \u201cya sea ces\u00e1ndola y dictando una nueva, u ordenando su anulaci\u00f3n y el reenv\u00edo para el dictado de una nueva conforme\u201d. Tambi\u00e9n solicitaron la reserva federal del caso.<\/p>\n\n\n\n<figure class=\"wp-block-image\"><img decoding=\"async\" src=\"https:\/\/tn.com.ar\/resizer\/5hclDe4gtvP6ivrgBXFcDD8-AW8=\/767x0\/smart\/filters:format(webp)\/cloudfront-us-east-1.images.arcpublishing.com\/artear\/YXV4RJCOIZHWRGWI2MCXD7GN5Y.png\" alt=\"El pedido de la querella para anular la sentencia de la C\u00e1mara de Apelaciones. (Foto: TN)\"\/><figcaption>El pedido de la querella para anular la sentencia de la C\u00e1mara de Apelaciones. (Foto: TN)<\/figcaption><\/figure>\n\n\n\n<p>Al mismo tiempo, la fiscal Belina Lacki dispuso una <strong>bater\u00eda de medidas<\/strong>\u00a0para avanzar con la investigaci\u00f3n. Algunas de las m\u00e1s importantes fue llamar a declarar a los due\u00f1os de las tarjetas de d\u00e9bito (supuestos empleados de la Legislatura) y peritar el celular de Rigau<strong>\u00a0expl\u00edcitamente para indagar en la agenda de contactos, mensajes y llamadas.<\/strong><\/p>\n\n\n\n<p>Pero, en medio de este pedido,&nbsp;<strong>la defensa de Rigau intent\u00f3 frenar el an\u00e1lisis del tel\u00e9fono&nbsp;<\/strong>mediante un escrito. En la misma l\u00ednea del habeas corpus que la defensa llev\u00f3 directamente a la C\u00e1mara, plantearon ante el juez de Garant\u00edas que hubo una<strong>&nbsp;\u201cilegal pesquisa y secuestro del celular de Rigau\u201d<\/strong>.<\/p>\n\n\n\n<p>Sostuvieron que \u201cins\u00f3litamente, se le secuestr\u00f3 el tel\u00e9fono celular\u201d al acusado y que abrirlo ser\u00eda arbitrario, e ir\u00eda contra su \u201clibertad de intimidad\u201d.<\/p>\n\n\n\n<figure class=\"wp-block-image\"><img decoding=\"async\" src=\"https:\/\/tn.com.ar\/resizer\/gzJORYvIXeQa9iqvfv26naviLEE=\/767x0\/smart\/filters:format(webp)\/cloudfront-us-east-1.images.arcpublishing.com\/artear\/OWZM76TU4VBORMHLRQ3M5SOURY.png\" alt=\"La suspensi\u00f3n de medidas de prueba pedidas por la defensa de Chocolate. (Foto: TN)\"\/><figcaption>La suspensi\u00f3n de medidas de prueba pedidas por la defensa de Chocolate. (Foto: TN)<\/figcaption><\/figure>\n\n\n\n<p>Para esto,&nbsp;<strong>Lacki tendr\u00e1 hasta el martes que viene para contestar&nbsp;<\/strong>la vista de esta nulidad, mientras que&nbsp;<strong>el juez Guillermo Atencio tendr\u00e1 cinco d\u00edas h\u00e1biles<\/strong>&nbsp;para decidir si hace lugar a la maniobra judicial de dilataci\u00f3n por parte de los abogados Miguel Molina y Alfredo Gasc\u00f3n.<\/p>\n\n\n\n<p>Por el otro lado, Casaci\u00f3n tambi\u00e9n tiene que darle vista a la fiscal de ese Tribunal y despu\u00e9s resolver los dos recursos. Esta instancia suele tomarse su tiempo para responder, pero, con esta causa ardiendo, podr\u00eda salir antes de que se empiece con las medidas de prueba.<\/p>\n\n\n\n<p>En ese sentido, la fiscal asegur\u00f3 a&nbsp;<strong>TN<\/strong>&nbsp;que&nbsp;<strong>seguir\u00e1 adelante con las audiencias previstas para la semana entrante<\/strong>, siempre y cuando no vuelvan a atarle las manos, como ya lo hicieron los jueces de la C\u00e1mara de Apelaciones.<\/p>\n\n\n\n<h2 class=\"wp-block-heading\">Qui\u00e9nes son los abogados que representan a \u201cChocolate\u201d<\/h2>\n\n\n\n<p>El llamativo silencio de los distintos bloques legislativos sobre este esc\u00e1ndalo siembran dudas acerca de si este episodio es apenas la punta del iceberg de una trama de corrupci\u00f3n mucho mayor.<\/p>\n\n\n\n<p><strong>Rigau logr\u00f3 la excarcelaci\u00f3n sorpresivamente y en tiempo r\u00e9cord gracias a la defensa del estudio legal Gasc\u00f3n Cotti<\/strong>, cuyos abogados tienen fuertes v\u00ednculos pol\u00edticos con distintos bloques de la Legislatura bonaerense, incluida la oposici\u00f3n.<\/p>\n\n\n\n<p>El 21 de septiembre, la sala III de la C\u00e1mara de Apelaciones de La Plata, con el voto favorable de los jueces Juan Benavides y Alejandro Villordo y la disidencia de su par Fernando Mateos, declar\u00f3 nulo el procedimiento policial que deriv\u00f3 en la detenci\u00f3n de \u201cChocolate\u201d y en el secuestro de las tarjetas de d\u00e9bito, as\u00ed como tambi\u00e9n del dinero extra\u00eddo de los cajeros.<\/p>\n\n\n\n<p>Estos camaristas son los mismos que sobreseyeron a Daniel Osvaldo Scioli en la causa por lavado de activos tras una denuncia de Elisa Carri\u00f3. Casualmente, l<strong>os mismos abogados que representaron a Scioli tambi\u00e9n act\u00faan ahora en favor de \u201cChocolate\u201d.<\/strong><\/p>\n\n\n\n<figure class=\"wp-block-image\"><img decoding=\"async\" src=\"https:\/\/tn.com.ar\/resizer\/nT_gPiPKtXhWInzRLqLygM543Ys=\/767x0\/smart\/filters:format(webp)\/cloudfront-us-east-1.images.arcpublishing.com\/artear\/5H7LAGKSQ5CELLJ46SIZG256XI.png\" alt=\"Miguel Molina fue abogado de Daniel Scioli en La Plata. (Foto: Estudio Gasc\u00f3n)\"\/><figcaption>Miguel Molina fue abogado de Daniel Scioli en La Plata. (Foto: Estudio Gasc\u00f3n)<\/figcaption><\/figure>\n\n\n\n<p>Se trata de los letrados&nbsp;<strong>Alfredo Gasc\u00f3n y Miguel \u00c1ngel Molina<\/strong>. A pocos d\u00edas de asumida su responsabilidad legal, el detenido fue liberado y la investigaci\u00f3n qued\u00f3 anulada.<\/p>\n\n\n\n<p>Tanto Molina, como el doctor Gasc\u00f3n, son dos de los abogados m\u00e1s prestigiosos de La Plata y pocas son las personas que pueden afrontar sus honorarios.<\/p>\n\n\n\n<p>Otra de las casualidades que surgen de este caso es que, entre 2010 y 2013,&nbsp;<strong>Gasc\u00f3n trabaj\u00f3 para la Honorable C\u00e1mara de Diputados de la Naci\u00f3n<\/strong>, y en 2014 fue<strong>&nbsp;empleado de la Legislatura Bonaerense.<\/strong><\/p>\n","protected":false},"excerpt":{"rendered":"<p>Los pr\u00f3ximos d\u00edas ser\u00e1n claves para la\u00a0causa conocida como \u201cChocolate Rigau\u201d, porque la Justicia debe resolver el bombardeo de recursos presentados por todas las partes involucradas en este esc\u00e1ndalo. Fiscales,&hellip; <\/p>\n","protected":false},"author":12,"featured_media":93363,"comment_status":"closed","ping_status":"open","sticky":false,"template":"","format":"standard","meta":{"footnotes":""},"categories":[3],"tags":[],"class_list":["post-93362","post","type-post","status-publish","format-standard","has-post-thumbnail","hentry","category-politica"],"_links":{"self":[{"href":"https:\/\/corrientesdetarde.com\/index.php\/wp-json\/wp\/v2\/posts\/93362","targetHints":{"allow":["GET"]}}],"collection":[{"href":"https:\/\/corrientesdetarde.com\/index.php\/wp-json\/wp\/v2\/posts"}],"about":[{"href":"https:\/\/corrientesdetarde.com\/index.php\/wp-json\/wp\/v2\/types\/post"}],"author":[{"embeddable":true,"href":"https:\/\/corrientesdetarde.com\/index.php\/wp-json\/wp\/v2\/users\/12"}],"replies":[{"embeddable":true,"href":"https:\/\/corrientesdetarde.com\/index.php\/wp-json\/wp\/v2\/comments?post=93362"}],"version-history":[{"count":1,"href":"https:\/\/corrientesdetarde.com\/index.php\/wp-json\/wp\/v2\/posts\/93362\/revisions"}],"predecessor-version":[{"id":93364,"href":"https:\/\/corrientesdetarde.com\/index.php\/wp-json\/wp\/v2\/posts\/93362\/revisions\/93364"}],"wp:featuredmedia":[{"embeddable":true,"href":"https:\/\/corrientesdetarde.com\/index.php\/wp-json\/wp\/v2\/media\/93363"}],"wp:attachment":[{"href":"https:\/\/corrientesdetarde.com\/index.php\/wp-json\/wp\/v2\/media?parent=93362"}],"wp:term":[{"taxonomy":"category","embeddable":true,"href":"https:\/\/corrientesdetarde.com\/index.php\/wp-json\/wp\/v2\/categories?post=93362"},{"taxonomy":"post_tag","embeddable":true,"href":"https:\/\/corrientesdetarde.com\/index.php\/wp-json\/wp\/v2\/tags?post=93362"}],"curies":[{"name":"wp","href":"https:\/\/api.w.org\/{rel}","templated":true}]}}