{"id":93380,"date":"2023-10-06T21:48:41","date_gmt":"2023-10-07T00:48:41","guid":{"rendered":"https:\/\/corrientesdetarde.com\/?p=93380"},"modified":"2023-10-06T21:48:52","modified_gmt":"2023-10-07T00:48:52","slug":"el-medico-que-sobrevivio-al-ataque-de-sicarios-en-rio-de-janeiro-envio-un-mensaje-de-alivio-estoy-bien","status":"publish","type":"post","link":"https:\/\/corrientesdetarde.com\/index.php\/internacionales\/el-medico-que-sobrevivio-al-ataque-de-sicarios-en-rio-de-janeiro-envio-un-mensaje-de-alivio-estoy-bien\/","title":{"rendered":"El m\u00e9dico que sobrevivi\u00f3 al ataque de sicarios en R\u00edo de Janeiro envi\u00f3 un mensaje de alivio: \u201cEstoy bien\u201d"},"content":{"rendered":"\n<p>Daniel Sonnewend Proen\u00e7a,<strong>uno de los m\u00e9dicos baleados\u00a0<\/strong>en un bar de la playa de Barra de Tijuca, en Brasil,<strong>\u00a0pudo enviarle un mensaje de calma a sus familiares y amigos\u00a0<\/strong>mientras sigue internado en el Hospital Louren\u00e7o.<\/p>\n\n\n\n<p>Desde la cama de la cl\u00ednica, y con ayuda de uno de los especialistas que lo est\u00e1 atendiendo, el hombre grab\u00f3 un mensaje para sus seres queridos en donde les dice: \u201cChicos,\u00a0<strong>estoy bien, \u00bfs\u00ed?<\/strong>\u201d. \u201cS\u00f3lo tengo algunas fracturas\u201d, detall\u00f3 y\u00a0<strong>agradeci\u00f3 \u201ca todos por su preocupaci\u00f3n\u201d<\/strong>.<\/p>\n\n\n\n<figure class=\"wp-block-image\"><img decoding=\"async\" src=\"https:\/\/tn.com.ar\/resizer\/0dgVgj-eNyUkN5x6NlzApdp_A_A=\/767x0\/smart\/filters:format(webp)\/thumbs.vodgc.net\/1-14-zBwMqR1696633136955-1696634801.jpg\" alt=\"Video Placeholder\"\/><\/figure>\n\n\n\n<p>Daniel Sonnewend Proen\u00e7a es el \u00fanico que sobrevivi\u00f3 al ataque. (Video: Instagram\/lulacerdaoficial)<\/p>\n\n\n\n<p>Seg\u00fan medios locales, Proen\u00e7a&nbsp;<strong>recibi\u00f3 14 impactos de bala y tuvo que ser sometido a m\u00e1s de 10 horas de cirug\u00eda<\/strong>, en donde le sacaron varios proyectiles para periciarlos. Adem\u00e1s, sufri\u00f3 lesiones en el t\u00f3rax, el intestino, la pelvis, una mano, las piernas y un pie.<\/p>\n\n\n\n<h2 class=\"wp-block-heading\">En las \u00faltimas horas, la polic\u00eda brasilera encontr\u00f3 muertos a los cuatro sospechosos por el crimen de los m\u00e9dicos<\/h2>\n\n\n\n<p>En la madrugada del viernes, la Polic\u00eda brasilera encontr\u00f3 los cuerpos de los\u00a0<strong>cuatro sospechosos que supuestamente eran traficantes<\/strong>. Una de las teor\u00edas que se ten\u00eda en cuenta era que los agresores, al momento del acribillamiento, se habr\u00edan confundido por los \u201cobjetivos\u201d verdaderos.<\/p>\n\n\n\n<p>Seg\u00fan inform\u00f3 la Polic\u00eda Civil de R\u00edo de Janeiro, los agentes hallaron los cad\u00e1veres al interior de dos autos que se encontraban en diferentes puntos de la ciudad. Dicha noticia confirmar\u00eda la hip\u00f3tesis del \u201cerror\u201d de los criminales, la guerra entre bandas narcos y la \u201cconfusi\u00f3n\u201d con el asesinato de los m\u00e9dicos.<\/p>\n\n\n\n<figure class=\"wp-block-image\"><img decoding=\"async\" src=\"https:\/\/tn.com.ar\/resizer\/VJWYj1YrRxPEsIUDvU1se2iPhf8=\/767x0\/smart\/filters:format(webp)\/cloudfront-us-east-1.images.arcpublishing.com\/artear\/5HKSLHXVX5BC7BX5G6T2RP4UZA.PNG\" alt=\"Dos de los sospechosos fueron identificados como Philip Motta Pereira, alias &quot;Lesk&quot;, y Ryan Soares de Almeida. (Foto: O Globo)\"\/><figcaption>Dos de los sospechosos fueron identificados como Philip Motta Pereira, alias &#8220;Lesk&#8221;, y Ryan Soares de Almeida. (Foto: O Globo)<\/figcaption><\/figure>\n\n\n\n<p>Uno de los fallecidos fue identificado como Philip Motta Pereira, apodado como \u201c<strong>Lesk<\/strong>\u201d, sospechoso de haber iniciado un enfrentamiento entre narcotraficantes y agrupaciones paramilitares. De acuerdo al medio&nbsp;<em>O Globo<\/em>, estaba implicado en varios casos judiciales y se encontraba pr\u00f3fugo de las autoridades desde el 2019.<\/p>\n\n\n\n<p>Adem\u00e1s de \u201cLesk\u201d, la prensa local tambi\u00e9n identific\u00f3 a otro de los asesinos como&nbsp;<strong>Ryan Soares de Almeida<\/strong>. Los agentes policiales suponen que los cuatro fueron asesinados por su propio grupo debido al error que cometieron y para evitar el hostigamiento de las fuerzas policiales que buscan investigar los hechos.<\/p>\n\n\n\n<p>Ahora, la principal hip\u00f3tesis que sigue la polic\u00eda es que el ortopedista&nbsp;<strong>Perseu Ribeiro Almeida<\/strong>, uno de los m\u00e9dicos asesinados, tiene un significante parecido f\u00edsico con Taillon de Alc\u00e1ntara Pereira Barbosa, integrante de una agrupaci\u00f3n de crimen organizado. De ah\u00ed que los sicarios se habr\u00edan\u201cconfundido\u201d.<\/p>\n\n\n\n<h2 class=\"wp-block-heading\">C\u00f3mo fue el ataque a los m\u00e9dicos en R\u00edo de Janeiro<\/h2>\n\n\n\n<p>Seg\u00fan se puede ver en las im\u00e1genes que quedaron registradas en las c\u00e1maras de seguridad de los locales,&nbsp;<strong>tres hombres vestidos de negro bajaron de un auto blanco&nbsp;<\/strong>en la Avenida L\u00facio Costa minutos antes de la 1 de este jueves y descargaron sus armas sobre los comensales que cenaban tranquilamente en una mesa ubicada en la vereda.<\/p>\n\n\n\n<p>Testigos reportaron haber escuchado al menos 20 tiros. Uno de los asesinos incluso volvi\u00f3 a disparar contra uno de los m\u00e9dicos que intentaba refugiarse detr\u00e1s del local.<\/p>\n\n\n\n<figure class=\"wp-block-image\"><img decoding=\"async\" src=\"https:\/\/tn.com.ar\/resizer\/kNiBI_kjGYo1WIqHYDPA-gfNzCk=\/767x0\/smart\/filters:format(webp)\/thumbs.vodgc.net\/1-398-fzsFTD1696511227626-1696511439.jpg\" alt=\"Video Placeholder\"\/><\/figure>\n\n\n\n<p>Las v\u00edctimas hab\u00edan llegado a la ciudad carioca para un congreso de ortopedia. (Foto: gentileza g1).<\/p>\n\n\n\n<p>\u201cNo hubo conversaci\u00f3n, simplemente llegaron y dispararon. Todo ocurri\u00f3 muy, muy r\u00e1pido. En cuesti\u00f3n de 30 segundos ya hab\u00eda pasado todo. Fue simplemente una ejecuci\u00f3n\u201d, dijo un testigo al sitio&nbsp;<em>g1<\/em>.<\/p>\n\n\n\n<p>Tras el crimen, \u201cla zona fue aislada y el lugar preservado para los trabajos forenses por parte del Departamento de Homicidios\u201d, apunt\u00f3 la Polic\u00eda.<\/p>\n","protected":false},"excerpt":{"rendered":"<p>Daniel Sonnewend Proen\u00e7a,uno de los m\u00e9dicos baleados\u00a0en un bar de la playa de Barra de Tijuca, en Brasil,\u00a0pudo enviarle un mensaje de calma a sus familiares y amigos\u00a0mientras sigue internado&hellip; <\/p>\n","protected":false},"author":12,"featured_media":93383,"comment_status":"closed","ping_status":"open","sticky":false,"template":"","format":"standard","meta":{"footnotes":""},"categories":[11],"tags":[],"class_list":["post-93380","post","type-post","status-publish","format-standard","has-post-thumbnail","hentry","category-internacionales"],"_links":{"self":[{"href":"https:\/\/corrientesdetarde.com\/index.php\/wp-json\/wp\/v2\/posts\/93380","targetHints":{"allow":["GET"]}}],"collection":[{"href":"https:\/\/corrientesdetarde.com\/index.php\/wp-json\/wp\/v2\/posts"}],"about":[{"href":"https:\/\/corrientesdetarde.com\/index.php\/wp-json\/wp\/v2\/types\/post"}],"author":[{"embeddable":true,"href":"https:\/\/corrientesdetarde.com\/index.php\/wp-json\/wp\/v2\/users\/12"}],"replies":[{"embeddable":true,"href":"https:\/\/corrientesdetarde.com\/index.php\/wp-json\/wp\/v2\/comments?post=93380"}],"version-history":[{"count":1,"href":"https:\/\/corrientesdetarde.com\/index.php\/wp-json\/wp\/v2\/posts\/93380\/revisions"}],"predecessor-version":[{"id":93384,"href":"https:\/\/corrientesdetarde.com\/index.php\/wp-json\/wp\/v2\/posts\/93380\/revisions\/93384"}],"wp:featuredmedia":[{"embeddable":true,"href":"https:\/\/corrientesdetarde.com\/index.php\/wp-json\/wp\/v2\/media\/93383"}],"wp:attachment":[{"href":"https:\/\/corrientesdetarde.com\/index.php\/wp-json\/wp\/v2\/media?parent=93380"}],"wp:term":[{"taxonomy":"category","embeddable":true,"href":"https:\/\/corrientesdetarde.com\/index.php\/wp-json\/wp\/v2\/categories?post=93380"},{"taxonomy":"post_tag","embeddable":true,"href":"https:\/\/corrientesdetarde.com\/index.php\/wp-json\/wp\/v2\/tags?post=93380"}],"curies":[{"name":"wp","href":"https:\/\/api.w.org\/{rel}","templated":true}]}}