{"id":93386,"date":"2023-10-06T22:28:04","date_gmt":"2023-10-07T01:28:04","guid":{"rendered":"https:\/\/corrientesdetarde.com\/?p=93386"},"modified":"2023-10-06T22:28:15","modified_gmt":"2023-10-07T01:28:15","slug":"liberaron-al-chico-de-19-anos-que-defendio-a-su-hermana-de-los-golpes-de-su-padrastro-y-lo-asesino-a-punaladas","status":"publish","type":"post","link":"https:\/\/corrientesdetarde.com\/index.php\/policiales\/liberaron-al-chico-de-19-anos-que-defendio-a-su-hermana-de-los-golpes-de-su-padrastro-y-lo-asesino-a-punaladas\/","title":{"rendered":"Liberaron al chico de 19 a\u00f1os que defendi\u00f3 a su hermana de los golpes de su padrastro y lo asesin\u00f3 a pu\u00f1aladas"},"content":{"rendered":"\n<p><strong>La Justicia orden\u00f3 liberar al chico de 19 a\u00f1os\u00a0<\/strong>que\u00a0defendi\u00f3 a su hermana de los golpes de su padrastro y lo asesin\u00f3 a pu\u00f1aladas. El brutal hecho de violencia familiar ocurri\u00f3 el jueves en Ensenada.<\/p>\n\n\n\n<p>Tras permanecer unas horas en la comisar\u00eda, el joven fue excarcelado por orden de la fiscal Virginia Bravo, a cargo de la UFI N\u00b07 de La Plata, quien no pidi\u00f3 la prisi\u00f3n preventiva para el acusado de \u201chomicidio\u201d y lo liber\u00f3 tras su indagatoria.<\/p>\n\n\n\n<figure class=\"wp-block-image\"><img decoding=\"async\" src=\"https:\/\/tn.com.ar\/resizer\/37GNpmZJIzIh30KkALkcNz2YXkA=\/767x0\/smart\/filters:format(webp)\/cloudfront-us-east-1.images.arcpublishing.com\/artear\/CPYQUMK44ZBRBFUWWAMYTX6AGA.png\" alt=\"La fiscal Virginia Bravo orden\u00f3 liberar al acusado de matar a su padrastro. (Foto: TN)\"\/><figcaption>La fiscal Virginia Bravo orden\u00f3 liberar al acusado de matar a su padrastro. (Foto: TN)<\/figcaption><\/figure>\n\n\n\n<p>Un vocero judicial inform\u00f3 a\u00a0<strong>TN<\/strong>\u00a0que en este caso hubo \u201cleg\u00edtima defensa\u201d, y para la fiscal\u00eda estaban en riesgo la vida de terceros.<\/p>\n\n\n\n<p>De acuerdo al informe policial, todo comenz\u00f3 con una brutal pelea que se produjo adentro de una humilde casilla de calle 127 y 39. En ese lugar vive una mujer de 44 a\u00f1os y sus dos hijos.<\/p>\n\n\n\n<p>El jueves por la ma\u00f1ana, vecinos del barrio escucharon gritos y decidieron llamar a la polic\u00eda. Cuando llegaron, encontraron a un hombre de 50 a\u00f1os, identificado como&nbsp;<strong>Carlos Ignacio Gauto<\/strong>, tirado en el piso con una herida en el est\u00f3mago.<\/p>\n\n\n\n<figure class=\"wp-block-image\"><img decoding=\"async\" src=\"https:\/\/tn.com.ar\/resizer\/6mTBae2FXpN71G9oZuvLmWT1VDY=\/767x0\/smart\/filters:format(webp)\/cloudfront-us-east-1.images.arcpublishing.com\/artear\/E7B74IURBRARDDMASRYB7ROBNQ.jpeg\" alt=\"La polic\u00eda cerc\u00f3 la escena del crimen para buscar evidencias. (Foto: Departamental La Plata)\"\/><figcaption>La polic\u00eda cerc\u00f3 la escena del crimen para buscar evidencias. (Foto: Departamental La Plata)<\/figcaption><\/figure>\n\n\n\n<p>Su pareja llam\u00f3 a la ambulancia, pero como el personal de emergencias tard\u00f3 en llegar, decidi\u00f3 pedirle ayuda a un familiar y<strong>\u00a0lo llevaron ellos mismos, en un auto particular, hasta el Hospital Guti\u00e9rrez.<\/strong><\/p>\n\n\n\n<p>Mientras esperaba que los m\u00e9dicos le salvaran la vida a su pareja, la mujer le cont\u00f3 a la polic\u00eda que&nbsp;<strong>para defender a su hermana de los golpes de Gauto, su hijo de 19 a\u00f1os hab\u00eda agarrado un cuchillo y se lo hab\u00eda clavado en el abdomen.<\/strong><\/p>\n\n\n\n<p>La mam\u00e1 tambi\u00e9n cont\u00f3 que el joven estaba&nbsp;<strong>\u201ccansado\u201d de los ataques de su padrastro hacia ella y su hija<\/strong>. \u201cEl maltrato era frecuente. Siempre las somet\u00eda a golpizas\u201d, asegur\u00f3 una fuente policial a&nbsp;<strong>TN<\/strong>.<\/p>\n\n\n\n<p><strong>El hombre de 50 a\u00f1os falleci\u00f3 en el hospital&nbsp;<\/strong>producto del corte profundo que sufri\u00f3, el cual le da\u00f1\u00f3 varios \u00f3rganos y su cuerpo no pudo resistir.<\/p>\n\n\n\n<p>Despu\u00e9s de cometer el crimen, el chico huy\u00f3 de su casa y estuvo pr\u00f3fugo por varias horas. Finalmente, lo atraparon a pocas cuadras de su domicilio.<\/p>\n\n\n\n<figure class=\"wp-block-image\"><img decoding=\"async\" src=\"https:\/\/tn.com.ar\/resizer\/ZSByNqA1KSeJFIN5gCk95QULvsw=\/767x0\/smart\/filters:format(webp)\/cloudfront-us-east-1.images.arcpublishing.com\/artear\/DZJRZBZRAFCCVJQIAISYE6EHXE.jpeg\" alt=\"El chico de 19 a\u00f1os fue detenido e imputado por homicidio. (Foto: Departamental La Plata)\"\/><figcaption>El chico de 19 a\u00f1os fue detenido e imputado por homicidio. (Foto: Departamental La Plata)<\/figcaption><\/figure>\n\n\n\n<p>El joven, identificado como&nbsp;<strong>Braian Ortiguera<\/strong>, fue trasladado a la comisar\u00eda de Ensenada, y tras ser indagado por la fiscal Virginia Bravo, a cargo de la UFI N\u00b07 de La Plata, recuper\u00f3 su libertad.<\/p>\n","protected":false},"excerpt":{"rendered":"<p>La Justicia orden\u00f3 liberar al chico de 19 a\u00f1os\u00a0que\u00a0defendi\u00f3 a su hermana de los golpes de su padrastro y lo asesin\u00f3 a pu\u00f1aladas. El brutal hecho de violencia familiar ocurri\u00f3&hellip; <\/p>\n","protected":false},"author":12,"featured_media":93393,"comment_status":"closed","ping_status":"open","sticky":false,"template":"","format":"standard","meta":{"footnotes":""},"categories":[33],"tags":[],"class_list":["post-93386","post","type-post","status-publish","format-standard","has-post-thumbnail","hentry","category-policiales"],"_links":{"self":[{"href":"https:\/\/corrientesdetarde.com\/index.php\/wp-json\/wp\/v2\/posts\/93386","targetHints":{"allow":["GET"]}}],"collection":[{"href":"https:\/\/corrientesdetarde.com\/index.php\/wp-json\/wp\/v2\/posts"}],"about":[{"href":"https:\/\/corrientesdetarde.com\/index.php\/wp-json\/wp\/v2\/types\/post"}],"author":[{"embeddable":true,"href":"https:\/\/corrientesdetarde.com\/index.php\/wp-json\/wp\/v2\/users\/12"}],"replies":[{"embeddable":true,"href":"https:\/\/corrientesdetarde.com\/index.php\/wp-json\/wp\/v2\/comments?post=93386"}],"version-history":[{"count":1,"href":"https:\/\/corrientesdetarde.com\/index.php\/wp-json\/wp\/v2\/posts\/93386\/revisions"}],"predecessor-version":[{"id":93394,"href":"https:\/\/corrientesdetarde.com\/index.php\/wp-json\/wp\/v2\/posts\/93386\/revisions\/93394"}],"wp:featuredmedia":[{"embeddable":true,"href":"https:\/\/corrientesdetarde.com\/index.php\/wp-json\/wp\/v2\/media\/93393"}],"wp:attachment":[{"href":"https:\/\/corrientesdetarde.com\/index.php\/wp-json\/wp\/v2\/media?parent=93386"}],"wp:term":[{"taxonomy":"category","embeddable":true,"href":"https:\/\/corrientesdetarde.com\/index.php\/wp-json\/wp\/v2\/categories?post=93386"},{"taxonomy":"post_tag","embeddable":true,"href":"https:\/\/corrientesdetarde.com\/index.php\/wp-json\/wp\/v2\/tags?post=93386"}],"curies":[{"name":"wp","href":"https:\/\/api.w.org\/{rel}","templated":true}]}}