{"id":93387,"date":"2023-10-06T22:30:54","date_gmt":"2023-10-07T01:30:54","guid":{"rendered":"https:\/\/corrientesdetarde.com\/?p=93387"},"modified":"2023-10-06T22:31:06","modified_gmt":"2023-10-07T01:31:06","slug":"se-filtro-el-menu-que-cenaran-los-invitados-en-el-primer-programa-de-mirtha-legrand","status":"publish","type":"post","link":"https:\/\/corrientesdetarde.com\/index.php\/espectaculos\/se-filtro-el-menu-que-cenaran-los-invitados-en-el-primer-programa-de-mirtha-legrand\/","title":{"rendered":"Se filtr\u00f3 el men\u00fa que cenar\u00e1n los invitados en el primer programa de Mirtha Legrand"},"content":{"rendered":"\n<p>Este s\u00e1bado, a las 21:30 horas, regresa a la pantalla de\u00a0<em>El Trece<\/em>\u00a0La Noche de\u00a0<strong>Mirtha Legrand<\/strong>, lo que significar\u00e1 la vuelta de la diva a la televisi\u00f3n. El programa<strong>\u00a0se est\u00e1 grabando en este momento en un estudio de Mart\u00ednez y se filtr\u00f3 el men\u00fa de lo que cenar\u00e1n La Chiqui, Javier Milei y F\u00e1tima Florez.<\/strong><\/p>\n\n\n\n<p>La periodista Mariana Mactas, al aire de\u00a0<em>Telenoche (eltrece)<\/em>, cont\u00f3 que habl\u00f3 con Jimena Monteverde, la cocinera del ciclo, y\u00a0<strong>le adelant\u00f3 los platos que degustar\u00e1n esta noche.<\/strong><\/p>\n\n\n\n<p><strong>\u201c<\/strong>Van a arrancar con una<strong>&nbsp;burratina<\/strong>, toda una cosa muy fresquita\u201d, comenz\u00f3 explicando la columnista de espect\u00e1culos en di\u00e1logo con Dominique Metzger y Nelson Castro.<\/p>\n\n\n\n<figure class=\"wp-block-image\"><img decoding=\"async\" src=\"https:\/\/tn.com.ar\/resizer\/D52POevunD4ILMBKw-vpRY8f4No=\/767x0\/smart\/filters:format(webp)\/cloudfront-us-east-1.images.arcpublishing.com\/artear\/Z5MSBYDMJREV3PEIY6ALUKYNKE.jpg\" alt=\"Mirtha Legrand lleg\u00f3 a grabar su primer programa de 2023 (Foto: Movilpress)\"\/><figcaption>Mirtha Legrand lleg\u00f3 a grabar su primer programa de 2023 (Foto: Movilpress)<\/figcaption><\/figure>\n\n\n\n<p>Consultada por el plato principal, revel\u00f3: \u201cDespu\u00e9s van a seguir con un&nbsp;<strong>risotto de azafr\u00e1n con un medall\u00f3n de bondiola\u201d.<\/strong><\/p>\n\n\n\n<p>Por \u00faltimo, se\u00f1al\u00f3 cu\u00e1l va a ser el postre: \u201cVan a terminar con<strong>&nbsp;unos merengues crocantes con una salsa c\u00edtrica<\/strong>. Todo muy rico\u201d.<\/p>\n\n\n\n<h2 class=\"wp-block-heading\">La previa del primer programa de La Noche de Mirtha Legrand<\/h2>\n\n\n\n<p>La periodista dio detalles de la previa a la grabaci\u00f3n del primer programa: \u201c<strong>La primera en llegar fue F\u00e1tima Florez<\/strong>. Lleg\u00f3 temprano, se prepar\u00f3 ac\u00e1. Vino acompa\u00f1ada de su maquilladora, su peinador, su padre confesor, dos vestidos: uno negro y uno blanco. A decidir\u201d.<\/p>\n\n\n\n<p>Sobre la llegada de la diva al lugar, la periodista coment\u00f3: \u201cMirtha lleg\u00f3 una hora antes de la hora prevista de la grabaci\u00f3n, a eso de las 19:30.&nbsp;<strong>La recibieron con un aplauso tremendo toda la gente que estaba ac\u00e1<\/strong>\u201d.<\/p>\n\n\n\n<figure class=\"wp-block-image\"><img decoding=\"async\" src=\"https:\/\/tn.com.ar\/resizer\/13NU_yMO0CDKnD1-yjAv9bcVPEs=\/767x0\/smart\/filters:format(webp)\/cloudfront-us-east-1.images.arcpublishing.com\/artear\/VK3ZEU2UOZEOXOTZLCRPZFLDFQ.jpg\" alt=\"Marcela Tinayre acompa\u00f1\u00f3 a Mirtha Legrand en su primer programa (Foto: Movilpress)\"\/><figcaption>Marcela Tinayre acompa\u00f1\u00f3 a Mirtha Legrand en su primer programa (Foto: Movilpress)<\/figcaption><\/figure>\n\n\n\n<p>\u201cJavier Milei acaba de llegar, muy sobre la hora en la que ten\u00eda que grabarse este programa, en el que vimos la mesa puesta, hay flores por todos lados, un ambiente muy primaveral para estas tres personas\u201d, sigui\u00f3 explicando Mactas.<\/p>\n\n\n\n<p>Adem\u00e1s, cont\u00f3 un momento divertido que se vivi\u00f3 en las inmediaciones del estudio con la hija de Chiquita: \u201cMarcela Tinayre nos hizo re\u00edr porque nos contaba que ella (Mirtha) ten\u00eda muchas ganas, que no quer\u00eda aire acondicionado porque hab\u00eda estado disf\u00f3nica, que ya est\u00e1 perfecta y que se siente muy bien, y que le dijo \u2018che, por qu\u00e9 no le pregunt\u00e1s esto y lo otro a Milei y F\u00e1tima\u2019. Ella la fren\u00f3 y le dijo: \u201854 a\u00f1os que estoy haciendo televisi\u00f3n.&nbsp;<strong>No me digas lo que tengo que hacer, que la tengo clar\u00edsima<\/strong>\u2019\u201d.<\/p>\n","protected":false},"excerpt":{"rendered":"<p>Este s\u00e1bado, a las 21:30 horas, regresa a la pantalla de\u00a0El Trece\u00a0La Noche de\u00a0Mirtha Legrand, lo que significar\u00e1 la vuelta de la diva a la televisi\u00f3n. El programa\u00a0se est\u00e1 grabando&hellip; <\/p>\n","protected":false},"author":12,"featured_media":93395,"comment_status":"closed","ping_status":"open","sticky":false,"template":"","format":"standard","meta":{"footnotes":""},"categories":[19],"tags":[],"class_list":["post-93387","post","type-post","status-publish","format-standard","has-post-thumbnail","hentry","category-espectaculos"],"_links":{"self":[{"href":"https:\/\/corrientesdetarde.com\/index.php\/wp-json\/wp\/v2\/posts\/93387","targetHints":{"allow":["GET"]}}],"collection":[{"href":"https:\/\/corrientesdetarde.com\/index.php\/wp-json\/wp\/v2\/posts"}],"about":[{"href":"https:\/\/corrientesdetarde.com\/index.php\/wp-json\/wp\/v2\/types\/post"}],"author":[{"embeddable":true,"href":"https:\/\/corrientesdetarde.com\/index.php\/wp-json\/wp\/v2\/users\/12"}],"replies":[{"embeddable":true,"href":"https:\/\/corrientesdetarde.com\/index.php\/wp-json\/wp\/v2\/comments?post=93387"}],"version-history":[{"count":1,"href":"https:\/\/corrientesdetarde.com\/index.php\/wp-json\/wp\/v2\/posts\/93387\/revisions"}],"predecessor-version":[{"id":93396,"href":"https:\/\/corrientesdetarde.com\/index.php\/wp-json\/wp\/v2\/posts\/93387\/revisions\/93396"}],"wp:featuredmedia":[{"embeddable":true,"href":"https:\/\/corrientesdetarde.com\/index.php\/wp-json\/wp\/v2\/media\/93395"}],"wp:attachment":[{"href":"https:\/\/corrientesdetarde.com\/index.php\/wp-json\/wp\/v2\/media?parent=93387"}],"wp:term":[{"taxonomy":"category","embeddable":true,"href":"https:\/\/corrientesdetarde.com\/index.php\/wp-json\/wp\/v2\/categories?post=93387"},{"taxonomy":"post_tag","embeddable":true,"href":"https:\/\/corrientesdetarde.com\/index.php\/wp-json\/wp\/v2\/tags?post=93387"}],"curies":[{"name":"wp","href":"https:\/\/api.w.org\/{rel}","templated":true}]}}