{"id":93388,"date":"2023-10-06T22:59:43","date_gmt":"2023-10-07T01:59:43","guid":{"rendered":"https:\/\/corrientesdetarde.com\/?p=93388"},"modified":"2023-10-06T22:59:55","modified_gmt":"2023-10-07T01:59:55","slug":"la-carne-argentina-desembarca-en-la-feria-de-la-industria-alimentaria-mas-grande-del-mundo","status":"publish","type":"post","link":"https:\/\/corrientesdetarde.com\/index.php\/informacion-general\/la-carne-argentina-desembarca-en-la-feria-de-la-industria-alimentaria-mas-grande-del-mundo\/","title":{"rendered":"La carne argentina desembarca en la feria de la industria alimentaria m\u00e1s grande del mundo"},"content":{"rendered":"\n<p>Desde este s\u00e1bado 7 al mi\u00e9rcoles 11 se llevar\u00e1 a cabo en<strong>&nbsp;Colonia, Alemania<\/strong>, la feria&nbsp;<strong>Anuga<\/strong>, reconocida como la m\u00e1s importante del mundo en la<strong>&nbsp;industria alimentaria.<\/strong>&nbsp;M\u00e1s de<strong>&nbsp;7800 expositores de 118 pa\u00edses&nbsp;<\/strong>se unir\u00e1n en este evento de gran magnitud, que se desarrollar\u00e1 en un recinto ferial de 300.000 metros cuadrados.<\/p>\n\n\n\n<p>Unas\u00a0<strong>35 empresas exportadoras de reses bovinas nucleadas en\u00a0<\/strong>el\u00a0<strong>Instituto de Promoci\u00f3n de la Carne Vacuna Argentina<\/strong>(IPCVA),presentar\u00e1n sus productos en este evento de gran envergadura. Tras la anterior edici\u00f3n realizada en pandemia, la participaci\u00f3n es alta, ya que representa un reencuentro con los clientes y una oportunidad de comprender la situaci\u00f3n de los mercados internacionales en medio de un contexto econ\u00f3mico complejo.<\/p>\n\n\n\n<p>Seg\u00fan&nbsp;<strong>Daniel Urc\u00eda, vicepresidente del IPCVA<\/strong>, la participaci\u00f3n en Anuga no solo tiene como objetivo encontrarse con los clientes, sino tambi\u00e9n evaluar c\u00f3mo se est\u00e1n desenvolviendo los mercados internacionales. \u201c<strong>Es importante entender la din\u00e1mica de estos mercados&nbsp;<\/strong>en un contexto complejo para la econom\u00eda dom\u00e9stica\u201d, sostuvo Urc\u00eda.<\/p>\n","protected":false},"excerpt":{"rendered":"<p>Desde este s\u00e1bado 7 al mi\u00e9rcoles 11 se llevar\u00e1 a cabo en&nbsp;Colonia, Alemania, la feria&nbsp;Anuga, reconocida como la m\u00e1s importante del mundo en la&nbsp;industria alimentaria.&nbsp;M\u00e1s de&nbsp;7800 expositores de 118 pa\u00edses&nbsp;se&hellip; <\/p>\n","protected":false},"author":12,"featured_media":93397,"comment_status":"closed","ping_status":"open","sticky":false,"template":"","format":"standard","meta":{"footnotes":""},"categories":[1],"tags":[],"class_list":["post-93388","post","type-post","status-publish","format-standard","has-post-thumbnail","hentry","category-informacion-general"],"_links":{"self":[{"href":"https:\/\/corrientesdetarde.com\/index.php\/wp-json\/wp\/v2\/posts\/93388","targetHints":{"allow":["GET"]}}],"collection":[{"href":"https:\/\/corrientesdetarde.com\/index.php\/wp-json\/wp\/v2\/posts"}],"about":[{"href":"https:\/\/corrientesdetarde.com\/index.php\/wp-json\/wp\/v2\/types\/post"}],"author":[{"embeddable":true,"href":"https:\/\/corrientesdetarde.com\/index.php\/wp-json\/wp\/v2\/users\/12"}],"replies":[{"embeddable":true,"href":"https:\/\/corrientesdetarde.com\/index.php\/wp-json\/wp\/v2\/comments?post=93388"}],"version-history":[{"count":1,"href":"https:\/\/corrientesdetarde.com\/index.php\/wp-json\/wp\/v2\/posts\/93388\/revisions"}],"predecessor-version":[{"id":93398,"href":"https:\/\/corrientesdetarde.com\/index.php\/wp-json\/wp\/v2\/posts\/93388\/revisions\/93398"}],"wp:featuredmedia":[{"embeddable":true,"href":"https:\/\/corrientesdetarde.com\/index.php\/wp-json\/wp\/v2\/media\/93397"}],"wp:attachment":[{"href":"https:\/\/corrientesdetarde.com\/index.php\/wp-json\/wp\/v2\/media?parent=93388"}],"wp:term":[{"taxonomy":"category","embeddable":true,"href":"https:\/\/corrientesdetarde.com\/index.php\/wp-json\/wp\/v2\/categories?post=93388"},{"taxonomy":"post_tag","embeddable":true,"href":"https:\/\/corrientesdetarde.com\/index.php\/wp-json\/wp\/v2\/tags?post=93388"}],"curies":[{"name":"wp","href":"https:\/\/api.w.org\/{rel}","templated":true}]}}