{"id":93412,"date":"2023-10-07T08:12:55","date_gmt":"2023-10-07T11:12:55","guid":{"rendered":"https:\/\/corrientesdetarde.com\/?p=93412"},"modified":"2023-10-07T08:13:06","modified_gmt":"2023-10-07T11:13:06","slug":"zdero-apuesta-a-colaborar-con-valdes-para-repotenciar-al-nea","status":"publish","type":"post","link":"https:\/\/corrientesdetarde.com\/index.php\/politica\/zdero-apuesta-a-colaborar-con-valdes-para-repotenciar-al-nea\/","title":{"rendered":"Zdero apuesta a colaborar con Vald\u00e9s para repotenciar al NEA"},"content":{"rendered":"\n<p>Un perfil integrador mostr\u00f3 Leandro Zdero al presentar la candidatura de Roy Nikisch para la Intendencia de Resistencia. Ambos dirigentes de la vecina provincia comprometieron la articulaci\u00f3n de pol\u00edticas comunes entre las dos capitales.<\/p>\n\n\n\n<p>&#8220;Nosotros creemos en el trabajo conjunto y repotenciar el trabajo de nuestra regi\u00f3n. En esto hemos avanzado en negociaciones conjuntas con Gustavo Vald\u00e9s&#8221;, afirm\u00f3 ante la pregunta de \u00e9poca el gobernador Gustavo Vald\u00e9s en la conferencia de prensa de lanzamiento de la candidatura de Roy Nikisch para la Intendencia de Resistencia que se vota el 5 de noviembre.<\/p>\n\n\n\n<p>En cuanto a la vinculaci\u00f3n con el gobernador Vald\u00e9s, destac\u00f3 que lo &#8220;une tanto el conocimiento personal como en la vida pol\u00edtica&#8221;. Y en ese punto despleg\u00f3 su visi\u00f3n regional al resaltar que tambi\u00e9n convers\u00f3 con el gobernador electo de Santa Fe, Maximiliano Pullaro, para &#8220;emprender el pedido conjunto de obras trascendentales para la regi\u00f3n&#8221;.<\/p>\n\n\n\n<p>Mencion\u00f3 los problemas de inversi\u00f3n nacional en Corrientes. &#8220;F\u00edjense lo que les pasa a los correntinos con la autov\u00eda que la tienen paralizada desde hace un mont\u00f3n de tiempo y para nosotros es de fundamental importancia para el corredor bioce\u00e1nico&#8221;.<\/p>\n\n\n\n<p>Tambi\u00e9n aprovech\u00f3 para marcar la necesidad de retomar la autov\u00eda de la Ruta 16 &#8220;entre Makall\u00e9 y Avia Tera\u00ed, para apostar al crecimiento y desarrollo de las provincias&#8221;.<\/p>\n\n\n\n<p>Adem\u00e1s se refiri\u00f3 a obras necesarias, como las de aprovechamiento y manejo de los bajos submeridionales, un acuerdo que deben avanzar con los gobernadores de Santa Fe y Santiago del Estero.<\/p>\n\n\n\n<h2 class=\"wp-block-heading\">Respaldo a Bullrich<\/h2>\n\n\n\n<p>El dirigente radical tambi\u00e9n destac\u00f3 que hay un trabajo conjunto en toda la regi\u00f3n para respaldar la candidatura de Patricia Bullrich. &#8220;Es la \u00fanica candidata presidencial que tiene la voluntad de aportar al crecimiento de las provincias y que conoce Chaco y toda la regi\u00f3n&#8221;.<\/p>\n\n\n\n<p>&#8220;Ser\u00e1 la presidente que cuente con diez gobernadores, una presencia de apoyo en el Congreso como nunca se ha tenido y con los equipos para dise\u00f1ar las pol\u00edticas que nos hacen falta a los argentinos&#8221;, indic\u00f3.<\/p>\n\n\n\n<p>Destac\u00f3 tambi\u00e9n que de los cinco candidatos a Presidente es quien mejor conoce la regi\u00f3n porque ya la conoc\u00eda de antes cuando fue ministra y estuvo varias en Chaco.<\/p>\n\n\n\n<h2 class=\"wp-block-heading\">Narcotr\u00e1fico y Norte Grande<\/h2>\n\n\n\n<p>Tambi\u00e9n resalt\u00f3 que como gobernadores de la regi\u00f3n deben abordar otros temas en conjunto como la lucha contra el narcotr\u00e1fico y la seguridad.<\/p>\n\n\n\n<p>&#8220;Ese trabajo de prevenci\u00f3n y lucha se debe hacer tanto por los l\u00edmites que tenemos entre cada una de las provincias y como estamos en zonas fronterizas el trabajo conjunto con Gendarmer\u00eda, Polic\u00eda Federal, el Ej\u00e9rcito. Es un tema que nos preocupa y la seguridad debe estar asegurada en un trabajo mancomunado&#8221;.<\/p>\n\n\n\n<p>Asimismo se pronunci\u00f3 a favor de mantener el bloque de los Gobernadores del Norte Grande. &#8220;Coincidimos en la inmensa responsabilidad y tarea de planificar la regi\u00f3n, no solo como territorios aislados, de los cuales somos los representantes, sino tambi\u00e9n en el territorio conjunto que es uno solo, que de esa manera se logre el crecimiento de la econom\u00eda y la producci\u00f3n y los servicios que necesitan nuestras provincias&#8221;.<\/p>\n\n\n\n<figure class=\"wp-block-image\"><img decoding=\"async\" src=\"https:\/\/www.diarioepoca.com\/content\/bucket\/8\/1324258w380h359c.jpg.webp\" alt=\"\"\/><\/figure>\n\n\n\n<h2 class=\"wp-block-heading\">Capitales<\/h2>\n\n\n\n<p>Al respecto de c\u00f3mo se van a vincular las capitales de Corrientes y Chaco, afirm\u00f3: &#8220;Voy a acompa\u00f1ar a Roy en el trabajo mancomunado que debemos tener con Corrientes&#8221;.<\/p>\n\n\n\n<p>&#8220;Los dos conglomerados deben tener un trabajo articulado entre el Gran Corrientes y el \u00c1rea Metropolitana de Resistencia donde conviven m\u00e1s de un mill\u00f3n de habitantes y comparte la vida misma.<\/p>\n\n\n\n<p>Destac\u00f3: &#8220;Esto es necesario tambi\u00e9n m\u00e1s all\u00e1 de la autonom\u00eda que tienen los municipios en el \u00e1rea metropolitana, fundamentalmente aqu\u00ed en Chaco, que a veces solo nos separa una calle debemos tener pol\u00edticas unificadas en diversas materias como las habilitaciones comerciales y la cuesti\u00f3n del ordenamiento de tr\u00e1nsito&#8221;.<\/p>\n\n\n\n<p>&#8220;Me parece que es necesario que la normativa vaya adecu\u00e1ndose porque los territorios son compartidos y son vividos por la gente como zona com\u00fan&#8221;, insisti\u00f3 Zdero.<\/p>\n\n\n\n<p>En su respuesta a \u00e9poca tambi\u00e9n resalt\u00f3 que acompa\u00f1ar\u00e1 a Roy Nikisch, sobre quien en todo momento se refiri\u00f3 ya como intendente electo. &#8220;Fuimos a ver juntos lo que en materia de seguridad trabajan articuladamente y lo vamos a hacer, como lo han hecho Gustavo Vald\u00e9s y Eduardo Tassano en los temas de iluminaci\u00f3n de Corrientes que dista mucho de lo que tenemos en Resistencia&#8221;.<\/p>\n\n\n\n<figure class=\"wp-block-image\"><img decoding=\"async\" src=\"https:\/\/www.diarioepoca.com\/content\/bucket\/9\/1324259w380h238c.jpg.webp\" alt=\"\"\/><\/figure>\n\n\n\n<h2 class=\"wp-block-heading\">Corrientes, un ejemplo a imitar seg\u00fan Roy Nikisch<\/h2>\n\n\n\n<p>A su turno, el candidato a Intendente y exgobernador de la provincia de Chaco, Roy Nikisch. asever\u00f3: &#8220;Destaco dos cuestiones, como la iluminaci\u00f3n y la recolecci\u00f3n de residuos, as\u00ed como el avance en materia de disposici\u00f3n final&#8221;.<\/p>\n\n\n\n<p>En ese punto el aspirante a suceder a Gustavo Mart\u00ednez en la Intendencia de Resistencia record\u00f3: &#8220;Fui a recorrer los barrios de Corrientes de noche, con un baqueano para no perderme, y me llam\u00f3 la atenci\u00f3n el buen nivel de iluminaci\u00f3n que ten\u00eda esa ciudad. Y el otro tema, la recolecci\u00f3n y la disposici\u00f3n final de residuos en la que ellos han avanzado&#8221;.<\/p>\n\n\n\n<p>Tambi\u00e9n dijo que dialog\u00f3 en reiteradas oportunidades con Eduardo Tassano, quien le cont\u00f3 que cuando &#8220;iba a inaugurar un cord\u00f3n cuneta con ripio a los barrios, la gente lo saludaba y agradec\u00eda por la iluminaci\u00f3n&#8221;.<\/p>\n\n\n\n<figure class=\"wp-block-image\"><img decoding=\"async\" src=\"https:\/\/www.diarioepoca.com\/content\/bucket\/0\/1324260w380h238c.jpg.webp\" alt=\"\"\/><\/figure>\n\n\n\n<p>&#8220;Eso estaba en consonancia con la demanda que hab\u00eda, que es igual ac\u00e1 en Resistencia&#8221;. Tambi\u00e9n destac\u00f3 que de esas charlas con el Jefe comunal correntino se puso a disposici\u00f3n para colaborar en las cuestiones que ellos han avanzado en el manejo administrativo. &#8220;Nos interesaba el trabajo que vamos a hacer en la cuesti\u00f3n de recolecci\u00f3n de residuos y disposici\u00f3n final&#8221;.<\/p>\n","protected":false},"excerpt":{"rendered":"<p>Un perfil integrador mostr\u00f3 Leandro Zdero al presentar la candidatura de Roy Nikisch para la Intendencia de Resistencia. Ambos dirigentes de la vecina provincia comprometieron la articulaci\u00f3n de pol\u00edticas comunes&hellip; <\/p>\n","protected":false},"author":3,"featured_media":93413,"comment_status":"closed","ping_status":"open","sticky":false,"template":"","format":"standard","meta":{"footnotes":""},"categories":[3],"tags":[],"class_list":["post-93412","post","type-post","status-publish","format-standard","has-post-thumbnail","hentry","category-politica"],"_links":{"self":[{"href":"https:\/\/corrientesdetarde.com\/index.php\/wp-json\/wp\/v2\/posts\/93412","targetHints":{"allow":["GET"]}}],"collection":[{"href":"https:\/\/corrientesdetarde.com\/index.php\/wp-json\/wp\/v2\/posts"}],"about":[{"href":"https:\/\/corrientesdetarde.com\/index.php\/wp-json\/wp\/v2\/types\/post"}],"author":[{"embeddable":true,"href":"https:\/\/corrientesdetarde.com\/index.php\/wp-json\/wp\/v2\/users\/3"}],"replies":[{"embeddable":true,"href":"https:\/\/corrientesdetarde.com\/index.php\/wp-json\/wp\/v2\/comments?post=93412"}],"version-history":[{"count":1,"href":"https:\/\/corrientesdetarde.com\/index.php\/wp-json\/wp\/v2\/posts\/93412\/revisions"}],"predecessor-version":[{"id":93414,"href":"https:\/\/corrientesdetarde.com\/index.php\/wp-json\/wp\/v2\/posts\/93412\/revisions\/93414"}],"wp:featuredmedia":[{"embeddable":true,"href":"https:\/\/corrientesdetarde.com\/index.php\/wp-json\/wp\/v2\/media\/93413"}],"wp:attachment":[{"href":"https:\/\/corrientesdetarde.com\/index.php\/wp-json\/wp\/v2\/media?parent=93412"}],"wp:term":[{"taxonomy":"category","embeddable":true,"href":"https:\/\/corrientesdetarde.com\/index.php\/wp-json\/wp\/v2\/categories?post=93412"},{"taxonomy":"post_tag","embeddable":true,"href":"https:\/\/corrientesdetarde.com\/index.php\/wp-json\/wp\/v2\/tags?post=93412"}],"curies":[{"name":"wp","href":"https:\/\/api.w.org\/{rel}","templated":true}]}}