{"id":93415,"date":"2023-10-07T08:14:21","date_gmt":"2023-10-07T11:14:21","guid":{"rendered":"https:\/\/corrientesdetarde.com\/?p=93415"},"modified":"2023-10-07T08:14:33","modified_gmt":"2023-10-07T11:14:33","slug":"valdes-patricia-ganara-por-eso-tratan-de-hacerle-bullying-politico","status":"publish","type":"post","link":"https:\/\/corrientesdetarde.com\/index.php\/politica\/valdes-patricia-ganara-por-eso-tratan-de-hacerle-bullying-politico\/","title":{"rendered":"Vald\u00e9s: &#8220;Patricia ganar\u00e1, por eso tratan de hacerle bullying pol\u00edtico&#8221;"},"content":{"rendered":"\n<p>A casi 15 d\u00edas de las elecciones, el Gobernador resalt\u00f3: &#8220;En JXC ya presentamos un cambio de rumbo serio, sabemos qu\u00e9 hacer, tenemos extensi\u00f3n territorial y una candidata que tiene lo que debe tener para transformar el pa\u00eds&#8221;.<\/p>\n\n\n\n<p>Camino a las elecciones presidenciales del pr\u00f3ximo 22 de octubre, el gobernador Gustavo Vald\u00e9s se refiri\u00f3 al actual escenario de campa\u00f1a y, en especial, a la chance de la candidata a Presidente por Juntos por el Cambio, la alianza que integra el mandatario correntino.<\/p>\n\n\n\n<p>&#8220;Nosotros tenemos que ganar la elecci\u00f3n&#8221;, acentu\u00f3 Vald\u00e9s cuando la prensa le pregunt\u00f3 si existe cierta complicidad entre Sergio Massa y Javier Milei para estar ellos dos en el balotaje. Al respecto, agreg\u00f3 seguidamente: &#8220;Sabemos qu\u00e9 es lo que hay por abajo y todo el mundo sabe. Pero bueno, miren, miren bien y atiendan, pero ac\u00e1 tenemos que ser claritos: nosotros trabajamos para Patricia Bullrich, presidente de la Naci\u00f3n, y va a estar en segunda vuelta&#8221;, asegur\u00f3.<\/p>\n\n\n\n<p>&#8220;La \u00fanica que le puede ganar a cualquiera de los dos (Massa y Milei) es Patricia Bullrich. Por eso vemos c\u00f3mo tratan de hacerle bullying pol\u00edtico&#8221;, afirm\u00f3 Vald\u00e9s.<\/p>\n\n\n\n<p>Las declaraciones del Gobernador fueron efectuadas al concluir un acto de inauguraci\u00f3n de obras de cord\u00f3n cuneta, ripio y luces led en Capital, ocasi\u00f3n en que estuvo acompa\u00f1ado por el intendente Eduardo Tassano.<\/p>\n\n\n\n<p>Respecto de posibles recortes a la coparticipaci\u00f3n, sostuvo: &#8220;Creo que el Estado Nacional es el que se tiene que ordenar, pero no resignando y poniendo de rodillas a las provincias de Argentina. Ya vimos qu\u00e9 pasa cuando las provincias tienen dificultades&#8221;.<\/p>\n\n\n\n<p>&#8220;La gente espera obra p\u00fablica, ustedes pueden escuchar a algunos que prometen que no van a hacer obra p\u00fablica, pero me parece que no es el camino, nosotros necesitamos que la inversi\u00f3n, que el Estado sea eficiente, que invierta en obras p\u00fablicas, que sigamos con este plan. Por lo tanto, estamos apostando a los que piensan en esto: concretamente nosotros vamos a estar apoyando a Patricia Bullrich como candidata a Presidente de la Naci\u00f3n porque comulgamos las mismas ideas&#8221;, insisti\u00f3.<\/p>\n\n\n\n<p>&#8220;Por supuesto que esperamos que sea un Estado Nacional eficiente para que las provincias tengan m\u00e1s recursos, para que las municipalidades tengan m\u00e1s recursos y que tengamos m\u00e1s posibilidades. Yo lo que digo es que si te cortan los recursos y a vos no te mand\u00e1s ni un solo peso, como dicen, todos se van a arreglar, las provincias se van a arreglar de cualquier forma y arr\u00e9glense, es como un abandono por parte de Naci\u00f3n&#8221;, afirm\u00f3 Vald\u00e9s.<\/p>\n\n\n\n<p>Asimismo, sobre sus dichos de pedir la soberan\u00eda provincial si en un hipot\u00e9tico gobierno de Milei se elimina la coparticipaci\u00f3n, Vald\u00e9s dijo: &#8220;Nosotros tuvimos pactos federales que son bien marcados, incluso guerras intestinas para construir la Naci\u00f3n y hoy hay alguien que dice que las provincias van a quedar de esa manera, es complejo. Yo dije, en tono de protesta, que si es as\u00ed nos arreglamos solos (sin necesidad del Estado Nacional)&#8221;.<\/p>\n\n\n\n<p>&#8220;Si tenemos un Gobierno Nacional que no nos atiende, que no nos quiere, que nos discrimina, que encima ahora no nos manda recursos, tenemos que organizar a las provincias de otra forma&#8221;, plante\u00f3.<\/p>\n\n\n\n<p>Por otra parte, Vald\u00e9s se refiri\u00f3 a la representaci\u00f3n legislativa nacional y dijo: &#8220;El Congreso es democr\u00e1tico, vos ten\u00e9s que tener el reflejo de lo que sos. En el Congreso est\u00e1 el reflejo de lo que sos y de tu poder pol\u00edtico, o no pod\u00e9s venir a pedir transformaciones en la Rep\u00fablica Argentina cuando sacaste el 20% de los votos o el 30% de los votos, para eso ten\u00e9s que tener consensos, ten\u00e9s que trabajar en nuestro sistema republicano, pero si no te gusta el sistema republicano, en el que se respeta la opini\u00f3n y la visi\u00f3n de todos, no sos dem\u00f3crata, no sos democr\u00e1tico&#8221;, advirti\u00f3.<\/p>\n\n\n\n<figure class=\"wp-block-image\"><img decoding=\"async\" src=\"https:\/\/www.diarioepoca.com\/content\/bucket\/9\/1324249w380h178c.jpg.webp\" alt=\"\"\/><\/figure>\n\n\n\n<h2 class=\"wp-block-heading\">Caminos y cambios<\/h2>\n\n\n\n<p>&#8220;Los ciudadanos entienden mucho m\u00e1s de lo que se cree, mucho m\u00e1s. Por supuesto que hoy est\u00e1n mirando con preocupaci\u00f3n c\u00f3mo la pol\u00edtica tiene malos ejemplos. Con esto que presentan de Uni\u00f3n por la Patria, con esto de (Mart\u00edn) Insaurralde en los cruceros, etc\u00e9tera. La gente entiende mucho m\u00e1s. Ahora, lo que tenemos que dilucidar es si vamos a seguir ese camino y si va a seguir votando ese camino o vamos a tener un cambio de rumbo&#8221;, remarc\u00f3.<\/p>\n\n\n\n<figure class=\"wp-block-image\"><img decoding=\"async\" src=\"https:\/\/www.diarioepoca.com\/content\/bucket\/0\/1324250w380h178c.jpg.webp\" alt=\"\"\/><\/figure>\n\n\n\n<p>En otro tramo de sus declaraciones, sostuvo: &#8220;Nosotros (Juntos por el Cambio) ya presentamos un cambio de rumbo serio, sabemos qu\u00e9 hacer, tenemos extensi\u00f3n territorial, tenemos una candidata que tiene lo que tiene que tener, que tiene prestigio, que tiene experiencia y que va a transformar al pa\u00eds&#8221;.<\/p>\n\n\n\n<p>&#8220;Creo que el Estado Nacional es el que se tiene que ordenar, pero no resignando y poniendo de rodillas a las provincias argentinas. Ya vimos qu\u00e9 pasa cuando las provincias tienen dificultades&#8221;, destac\u00f3 en el final.<\/p>\n","protected":false},"excerpt":{"rendered":"<p>A casi 15 d\u00edas de las elecciones, el Gobernador resalt\u00f3: &#8220;En JXC ya presentamos un cambio de rumbo serio, sabemos qu\u00e9 hacer, tenemos extensi\u00f3n territorial y una candidata que tiene&hellip; <\/p>\n","protected":false},"author":3,"featured_media":93416,"comment_status":"closed","ping_status":"open","sticky":false,"template":"","format":"standard","meta":{"footnotes":""},"categories":[3],"tags":[],"class_list":["post-93415","post","type-post","status-publish","format-standard","has-post-thumbnail","hentry","category-politica"],"_links":{"self":[{"href":"https:\/\/corrientesdetarde.com\/index.php\/wp-json\/wp\/v2\/posts\/93415","targetHints":{"allow":["GET"]}}],"collection":[{"href":"https:\/\/corrientesdetarde.com\/index.php\/wp-json\/wp\/v2\/posts"}],"about":[{"href":"https:\/\/corrientesdetarde.com\/index.php\/wp-json\/wp\/v2\/types\/post"}],"author":[{"embeddable":true,"href":"https:\/\/corrientesdetarde.com\/index.php\/wp-json\/wp\/v2\/users\/3"}],"replies":[{"embeddable":true,"href":"https:\/\/corrientesdetarde.com\/index.php\/wp-json\/wp\/v2\/comments?post=93415"}],"version-history":[{"count":1,"href":"https:\/\/corrientesdetarde.com\/index.php\/wp-json\/wp\/v2\/posts\/93415\/revisions"}],"predecessor-version":[{"id":93417,"href":"https:\/\/corrientesdetarde.com\/index.php\/wp-json\/wp\/v2\/posts\/93415\/revisions\/93417"}],"wp:featuredmedia":[{"embeddable":true,"href":"https:\/\/corrientesdetarde.com\/index.php\/wp-json\/wp\/v2\/media\/93416"}],"wp:attachment":[{"href":"https:\/\/corrientesdetarde.com\/index.php\/wp-json\/wp\/v2\/media?parent=93415"}],"wp:term":[{"taxonomy":"category","embeddable":true,"href":"https:\/\/corrientesdetarde.com\/index.php\/wp-json\/wp\/v2\/categories?post=93415"},{"taxonomy":"post_tag","embeddable":true,"href":"https:\/\/corrientesdetarde.com\/index.php\/wp-json\/wp\/v2\/tags?post=93415"}],"curies":[{"name":"wp","href":"https:\/\/api.w.org\/{rel}","templated":true}]}}