{"id":93418,"date":"2023-10-07T08:16:00","date_gmt":"2023-10-07T11:16:00","guid":{"rendered":"https:\/\/corrientesdetarde.com\/?p=93418"},"modified":"2023-10-07T08:16:05","modified_gmt":"2023-10-07T11:16:05","slug":"el-dolar-blue-dio-otro-salto-y-llego-a-885-durante-2023-ya-subio-539","status":"publish","type":"post","link":"https:\/\/corrientesdetarde.com\/index.php\/economia\/el-dolar-blue-dio-otro-salto-y-llego-a-885-durante-2023-ya-subio-539\/","title":{"rendered":"El d\u00f3lar blue dio otro salto y lleg\u00f3 a $885; durante 2023 ya subi\u00f3 $539"},"content":{"rendered":"\n<p>La divisa paralela cerr\u00f3 otra semana en franca escalada y solo ayer se encareci\u00f3 $42. El Gobierno nacional reaccion\u00f3 ante la intenci\u00f3n del mercado cambiario de llevar la cotizaci\u00f3n a $1.000. \u00bfLlegar\u00e1 a los cuatro d\u00edgitos?<\/p>\n\n\n\n<p>El d\u00f3lar blue cerr\u00f3 la semana con un aumento r\u00e9cord de 82 pesos, trep\u00f3 ayer los 885 pesos en el mercado marginal y lleg\u00f3 a doce jornadas seguidas sin registrar movimientos a la baja.<\/p>\n\n\n\n<p>En lo que va de 2023, la divisa paralela ya contabiliza una suba de 539 pesos (+155%), ya que el 1 de enero, ese tipo de cambio de la moneda estadounidense cotizaba 346 pesos.<\/p>\n\n\n\n<p>En tanto, el Gobierno se mostr\u00f3 conmocionado por la intenci\u00f3n del mercado cambiario de llevar la cotizaci\u00f3n de la divisa a niveles impensados.<\/p>\n\n\n\n<p>Es as\u00ed que el Poder Ejecutivo sali\u00f3 a denunciar que las cuevas buscan perjudicar las chances electorales del oficialismo, en un clima de elevada incertidumbre, a poco m\u00e1s de dos semanas de las elecciones presidenciales.<\/p>\n\n\n\n<figure class=\"wp-block-image\"><img decoding=\"async\" src=\"https:\/\/www.diarioepoca.com\/content\/bucket\/0\/1324270w380h222c.jpg.webp\" alt=\"\"\/><\/figure>\n\n\n\n<h2 class=\"wp-block-heading\">Aritm\u00e9tica<\/h2>\n\n\n\n<p>En enero, el d\u00f3lar informal avanz\u00f3 $35 (+10,1%), mientras que en febrero acumul\u00f3 una ca\u00edda de $6 (-1,6%). En marzo registr\u00f3 un ascenso de $20 (+5,3%); en abril, subi\u00f3 $74 (+18,73%) y durante mayo trep\u00f3 $21 (+4,5%). A su vez, en junio aument\u00f3 $4 (+0,8%), al tiempo que en julio escal\u00f3 $53 (+11,3%).<\/p>\n\n\n\n<p>En agosto, el d\u00f3lar blue peg\u00f3 un salto de $185 \u00f3 33,6% -el alza mensual m\u00e1s importante desde abril de 2020 (+41,3%)- tras la devaluaci\u00f3n del 20% del peso post PASO.<\/p>\n\n\n\n<p>En el acumulado mensual de septiembre, el d\u00f3lar informal registr\u00f3 un alza de $65 u 8,8%, por debajo de la inflaci\u00f3n estimada para el mes, que se ubicar\u00eda nuevamente por encima del 10%. En 2022, avanz\u00f3 $138 (+66,4%) despu\u00e9s de cerrar el 2021 en los $208.<\/p>\n\n\n\n<h2 class=\"wp-block-heading\">En el interior<\/h2>\n\n\n\n<p>La cobertura de los inversores y los peque\u00f1os ahorristas, ante la incertidumbre electoral y la p\u00e9rdida del poder adquisitivo del peso, llev\u00f3 a una fuerte escalada de todos los tipos de d\u00f3lares esta semana. En las plazas del interior, la divisa con un precio m\u00e1s vol\u00e1til y ante la escasez de billetes, muchas veces cotizan con un diferencial con respecto a la plaza de Buenos Aires.<\/p>\n\n\n\n<p>Algunas provincias tienen su propia oferta de d\u00f3lares por el turismo internacional y otras deben &#8220;pagar costos de log\u00edstica&#8221; y los ofrecen m\u00e1s caros. En Misiones, el d\u00f3lar paralelo subi\u00f3 $27 ayer y cotiz\u00f3 $870, en medio de la creciente incertidumbre pol\u00edtica y econ\u00f3mica, a menos de tres semanas de las elecciones Generales. As\u00ed, acumul\u00f3, una suba de $70 en los \u00faltimos cinco d\u00edas. En Corrientes se consegu\u00eda ayer a $885.<\/p>\n\n\n\n<p>En Salta, por ejemplo, el lunes arranc\u00f3 con $805 para la venta y este viernes cerr\u00f3 a $910, por lo que la suba en cinco d\u00edas fue de $105. La moneda norteamericana que se vende en la calle parece no tener techo.<\/p>\n\n\n\n<p>En una semana intensa, el d\u00f3lar blue tuvo su cierre arriba de los $900 en la &#8220;city&#8221; salte\u00f1a, aunque por momentos el valor fue a\u00fan mayor, por lo que se esperan m\u00e1s movimientos a partir del pr\u00f3ximo lunes.<\/p>\n\n\n\n<p>&#8220;Fue otra jornada ca\u00f3tica y durante parte de la jornada el d\u00f3lar blue tuvo un valor de $930 en la calle&#8221;, comentaron a El Tribuno desde el centro de la capital provincial. El d\u00f3lar blue cotiz\u00f3 en Rosario a $840 para la compra y $900 para la venta.<\/p>\n\n\n\n<h2 class=\"wp-block-heading\">\u00bfQu\u00e9 pasa con la inflaci\u00f3n?<\/h2>\n\n\n\n<figure class=\"wp-block-image\"><img decoding=\"async\" src=\"https:\/\/www.diarioepoca.com\/content\/bucket\/7\/1324387w380h238c.jpg.webp\" alt=\"\"\/><\/figure>\n\n\n\n<p>El Ministerio de Econom\u00eda de la naci\u00f3n inform\u00f3 que la inflaci\u00f3n de la \u00faltima semana de septiembre fue del 1,3% continuando con el proceso de desaceleraci\u00f3n que se inici\u00f3 tras el pico que se produjo luego de la devaluaci\u00f3n (14 de agosto).<\/p>\n\n\n\n<p>El informe a cargo de la dependencia que lidera Gabriel Rubinstein, muestra que durante septiembre la secuencia semanal de aumento de precios fue: 2,5% (28\/6 al 3\/9), 2% (4\/9 al 10\/9), 2,1% (11\/9 al 17\/9), 1,7% (18\/9 al 24\/9) y 1,3% (25\/9 al 1\/10). &#8220;A pesar de seguir en niveles muy elevados, el proceso de desaceleraci\u00f3n es significativo&#8221;, resalt\u00f3 la Secretar\u00eda. &#8220;Esperamos que los pr\u00f3ximos datos confirmen el proceso de desaceleraci\u00f3n en marcha, a\u00fan cuando, como ha venido ocurriendo en todos estos meses, las subas de las primeras semanas de cada mes suelen ser bastante mayores que las semanas previas&#8221;, indic\u00f3 el trabajo oficial.<\/p>\n\n\n\n<p>Sobre el proceso semanal que arroj\u00f3 una suba promedio del 1,3% el informe detall\u00f3 subas de 3,1% en turismo, 2,5% en indumentaria y 1,8% en alimentos y bebidas pero sin carne.<\/p>\n","protected":false},"excerpt":{"rendered":"<p>La divisa paralela cerr\u00f3 otra semana en franca escalada y solo ayer se encareci\u00f3 $42. El Gobierno nacional reaccion\u00f3 ante la intenci\u00f3n del mercado cambiario de llevar la cotizaci\u00f3n a&hellip; <\/p>\n","protected":false},"author":3,"featured_media":93419,"comment_status":"closed","ping_status":"open","sticky":false,"template":"","format":"standard","meta":{"footnotes":""},"categories":[20],"tags":[],"class_list":["post-93418","post","type-post","status-publish","format-standard","has-post-thumbnail","hentry","category-economia"],"_links":{"self":[{"href":"https:\/\/corrientesdetarde.com\/index.php\/wp-json\/wp\/v2\/posts\/93418","targetHints":{"allow":["GET"]}}],"collection":[{"href":"https:\/\/corrientesdetarde.com\/index.php\/wp-json\/wp\/v2\/posts"}],"about":[{"href":"https:\/\/corrientesdetarde.com\/index.php\/wp-json\/wp\/v2\/types\/post"}],"author":[{"embeddable":true,"href":"https:\/\/corrientesdetarde.com\/index.php\/wp-json\/wp\/v2\/users\/3"}],"replies":[{"embeddable":true,"href":"https:\/\/corrientesdetarde.com\/index.php\/wp-json\/wp\/v2\/comments?post=93418"}],"version-history":[{"count":1,"href":"https:\/\/corrientesdetarde.com\/index.php\/wp-json\/wp\/v2\/posts\/93418\/revisions"}],"predecessor-version":[{"id":93420,"href":"https:\/\/corrientesdetarde.com\/index.php\/wp-json\/wp\/v2\/posts\/93418\/revisions\/93420"}],"wp:featuredmedia":[{"embeddable":true,"href":"https:\/\/corrientesdetarde.com\/index.php\/wp-json\/wp\/v2\/media\/93419"}],"wp:attachment":[{"href":"https:\/\/corrientesdetarde.com\/index.php\/wp-json\/wp\/v2\/media?parent=93418"}],"wp:term":[{"taxonomy":"category","embeddable":true,"href":"https:\/\/corrientesdetarde.com\/index.php\/wp-json\/wp\/v2\/categories?post=93418"},{"taxonomy":"post_tag","embeddable":true,"href":"https:\/\/corrientesdetarde.com\/index.php\/wp-json\/wp\/v2\/tags?post=93418"}],"curies":[{"name":"wp","href":"https:\/\/api.w.org\/{rel}","templated":true}]}}