{"id":93421,"date":"2023-10-07T08:17:14","date_gmt":"2023-10-07T11:17:14","guid":{"rendered":"https:\/\/corrientesdetarde.com\/?p=93421"},"modified":"2023-10-07T08:17:26","modified_gmt":"2023-10-07T11:17:26","slug":"jose-cotelo-fue-reelecto-como-presidente-del-colegio-de-abogados","status":"publish","type":"post","link":"https:\/\/corrientesdetarde.com\/index.php\/informacion-general\/jose-cotelo-fue-reelecto-como-presidente-del-colegio-de-abogados\/","title":{"rendered":"Jos\u00e9 Cotelo fue reelecto como presidente del Colegio de Abogados"},"content":{"rendered":"\n<p>Por amplio margen se impuso en las elecciones celebradas ayer en la capital correntina y que abarc\u00f3 a localidades cercanas. Tambi\u00e9n fueron a las urnas en la Cuarta Circunscripci\u00f3n Judicial con cabecera en Libres: gan\u00f3 el doctor Mat\u00edas Almeida. En las dem\u00e1s hubo listas de consenso.<\/p>\n\n\n\n<p>En una jornada electoral sin mayores sobresaltos y por un amplio margen (70%\/30%), Jos\u00e9 Cotelo fue reelecto como presidente del Colegio de Abogados de la Primera Circunscripci\u00f3n Judicial de la provincia de Corrientes con sede en Capital.<\/p>\n\n\n\n<p>Con un padr\u00f3n de 1.570 profesionales del Derecho habilitados para votar y con una concurrencia de cerca del 70%, Cotelo se impuso en todas las mesas dispuestas en la ciudad de Corrientes y tambi\u00e9n en la urna de Bella Vista.<\/p>\n\n\n\n<p>Cotelo encabez\u00f3 la lista N\u00b01 &#8220;Cambio Forense&#8221; y compiti\u00f3 contra la lista N\u00b02 &#8220;Compromiso y Participaci\u00f3n&#8221;, que propuso como candidato a presidente a Guillermo Rojas Busellato.<\/p>\n\n\n\n<p>El triunfo de ayer del actual presidente estuvo en niveles similares de lo registrado hace dos a\u00f1os, en que hab\u00eda alcanzado el 67% de los votos.<\/p>\n\n\n\n<p>Estos comicios se llevaron a cabo con total normalidad, seg\u00fan destacaron las autoridades del Colegio de Abogados, y las urnas se habilitaron desde las 8 hasta las 18. A esa hora comenz\u00f3 el escrutinio en la sede de calle Tucum\u00e1n 570, que se extendi\u00f3 por casi una hora y media. Ya cerca de las 20 y un poco m\u00e1s se dieron a conocer los resultados oficiales.<\/p>\n\n\n\n<p>En la mesa 1, &#8220;Cambio Forense&#8221; (CF) obtuvo el 64% y &#8220;Compromiso y Participaci\u00f3n&#8221; (CP) el 36%; en la mesa 2, CF 71% y CP 29%; en mesa 3, CF 69% contra 31% de CP; y en la mesa 4, CF 63% y 37% CP. As\u00ed inform\u00f3 a los medios la presidente del Consejo Superior del Colegio, Lilian Sawoczka.<\/p>\n\n\n\n<p>En cuanto a la mesa de Bella Vista, &#8220;Cambio Forense&#8221; obtuvo 29 votos y &#8220;Compromiso y Participaci\u00f3n&#8221;, 9.<\/p>\n\n\n\n<figure class=\"wp-block-image\"><img decoding=\"async\" src=\"https:\/\/www.diarioepoca.com\/content\/bucket\/6\/1324266w380h133c.jpg.webp\" alt=\"\"\/><\/figure>\n\n\n\n<h2 class=\"wp-block-heading\">En Libres, triunfo por cinco votos<\/h2>\n\n\n\n<p>Tambi\u00e9n fueron a las urnas en la Cuarta Circunscripci\u00f3n Judicial, con cabecera en Paso de los Libres, donde se consagr\u00f3 ganador Mat\u00edas Almeida por cinco votos de diferencia. El abogado logr\u00f3 107 votos contra los 102 de Patricia Fern\u00e1ndez.<\/p>\n\n\n\n<p>En el resto de las circunscripciones hubo listas de consenso. En la segunda, con cabecera en Goya, se consagr\u00f3 presidente Daniela Bonavitta, quien va por su segundo mandato.<\/p>\n\n\n\n<p>En la tercera, con cabecera en Mercedes, la lista \u00fanica consagr\u00f3 a Horacio Alonso como presidente.<\/p>\n\n\n\n<p>En la Quinta Circunscripci\u00f3n, con cabecera en Santo Tom\u00e9, tambi\u00e9n con lista de consenso, se consagr\u00f3 nuevo presidente Federico Jos\u00e9 Agustoni.<\/p>\n\n\n\n<h2 class=\"wp-block-heading\">&#8220;Estamos preparados para el desaf\u00edo que se viene&#8221;<\/h2>\n\n\n\n<figure class=\"wp-block-image\"><img decoding=\"async\" src=\"https:\/\/www.diarioepoca.com\/content\/bucket\/8\/1324388w380h234c.jpg.webp\" alt=\"\"\/><\/figure>\n\n\n\n<p>Apenas minutos despu\u00e9s de su triunfo, el reelecto presidente del Colegio de Abogados de la Primera Circunscripci\u00f3n, Jos\u00e9 Cotelo, habl\u00f3 con \u00e9poca sobre el resultado y el escenario que se avizora con su segundo mandato. &#8220;Seguramente tendremos que dar el doble de esfuerzo del que ven\u00edamos haciendo porque ahora nos van a exigir m\u00e1s, porque lo que hicimos ya lo hicimos y seguramente el colega va a querer algo superador. Pero estamos preparados para el desaf\u00edo que se viene&#8221;, asegur\u00f3 Cotelo.<\/p>\n\n\n\n<p>Tambi\u00e9n resalt\u00f3 el acompa\u00f1amiento de los colegas a una buena gesti\u00f3n que se hizo. &#8220;Por supuesto, hay cosas para seguir trabajando y que tenemos que seguir profundizando, como dec\u00eda en la campa\u00f1a, pero esto es el reconocimiento a una buena gesti\u00f3n en este a\u00f1o y nueve meses que nos toc\u00f3 estar y en que se trabaj\u00f3 mucho. Fue un colegio muy presente en la sociedad y en el foro de los abogados. Este es reconocimiento a todo ese esfuerzo&#8221;, remarc\u00f3.<\/p>\n\n\n\n<p>Finalmente, agradeci\u00f3 a los integrantes de su lista y &#8220;tambi\u00e9n a los adversarios circunstanciales&#8221;.<\/p>\n","protected":false},"excerpt":{"rendered":"<p>Por amplio margen se impuso en las elecciones celebradas ayer en la capital correntina y que abarc\u00f3 a localidades cercanas. Tambi\u00e9n fueron a las urnas en la Cuarta Circunscripci\u00f3n Judicial&hellip; <\/p>\n","protected":false},"author":3,"featured_media":93422,"comment_status":"closed","ping_status":"open","sticky":false,"template":"","format":"standard","meta":{"footnotes":""},"categories":[1],"tags":[],"class_list":["post-93421","post","type-post","status-publish","format-standard","has-post-thumbnail","hentry","category-informacion-general"],"_links":{"self":[{"href":"https:\/\/corrientesdetarde.com\/index.php\/wp-json\/wp\/v2\/posts\/93421","targetHints":{"allow":["GET"]}}],"collection":[{"href":"https:\/\/corrientesdetarde.com\/index.php\/wp-json\/wp\/v2\/posts"}],"about":[{"href":"https:\/\/corrientesdetarde.com\/index.php\/wp-json\/wp\/v2\/types\/post"}],"author":[{"embeddable":true,"href":"https:\/\/corrientesdetarde.com\/index.php\/wp-json\/wp\/v2\/users\/3"}],"replies":[{"embeddable":true,"href":"https:\/\/corrientesdetarde.com\/index.php\/wp-json\/wp\/v2\/comments?post=93421"}],"version-history":[{"count":1,"href":"https:\/\/corrientesdetarde.com\/index.php\/wp-json\/wp\/v2\/posts\/93421\/revisions"}],"predecessor-version":[{"id":93423,"href":"https:\/\/corrientesdetarde.com\/index.php\/wp-json\/wp\/v2\/posts\/93421\/revisions\/93423"}],"wp:featuredmedia":[{"embeddable":true,"href":"https:\/\/corrientesdetarde.com\/index.php\/wp-json\/wp\/v2\/media\/93422"}],"wp:attachment":[{"href":"https:\/\/corrientesdetarde.com\/index.php\/wp-json\/wp\/v2\/media?parent=93421"}],"wp:term":[{"taxonomy":"category","embeddable":true,"href":"https:\/\/corrientesdetarde.com\/index.php\/wp-json\/wp\/v2\/categories?post=93421"},{"taxonomy":"post_tag","embeddable":true,"href":"https:\/\/corrientesdetarde.com\/index.php\/wp-json\/wp\/v2\/tags?post=93421"}],"curies":[{"name":"wp","href":"https:\/\/api.w.org\/{rel}","templated":true}]}}