{"id":93430,"date":"2023-10-07T09:00:19","date_gmt":"2023-10-07T12:00:19","guid":{"rendered":"https:\/\/corrientesdetarde.com\/?p=93430"},"modified":"2023-10-07T09:00:24","modified_gmt":"2023-10-07T12:00:24","slug":"un-sabado-cargado-de-multiples-actividades","status":"publish","type":"post","link":"https:\/\/corrientesdetarde.com\/index.php\/cultura\/un-sabado-cargado-de-multiples-actividades\/","title":{"rendered":"Un s\u00e1bado cargado de m\u00faltiples actividades"},"content":{"rendered":"\n<p>En la jornada de hoy, los vecinos y familias podr\u00e1n elegir entre diversas alternativas gratuitas y al aire libre en distintos espacios de la ciudad, organizadas por la Municipalidad de Corrientes.<\/p>\n\n\n\n<p>Como es habitual, la Feria de Artesanos tendr\u00e1 lugar de 9 a 22, en la avenida Costanera Sur y calle Las Heras. En el lugar se pueden encontrar objetos totalmente artesanales.<\/p>\n\n\n\n<p>Por otra parte, de 8 a 12:30, se llevar\u00e1 adelante el Torneo de F\u00fatbol Femenino (PROFEM) en la cancha sint\u00e9tica del parque Mitre, en el marco del Mes de la Familia. En tanto, en la plaza del MERCOSUR del barrio 17 de Agosto, se llevar\u00e1 adelante, desde las 19, un Encuentro de Barberos.<\/p>\n\n\n\n<p>De 16 a 22, se llevar\u00e1 adelante la inauguraci\u00f3n oficial de balnearios &#8220;Viv\u00ed el verano m\u00e1s largo de Argentina&#8221;, en la playa Arazaty II, avenida Costanera Juan Pablo II y calle Necochea (zona Espig\u00f3n). Habr\u00e1 bandas en vivo, zumba, escuela de atletismo, la presentaci\u00f3n de la academia de danza &#8220;\u00c1ngelus&#8221;, baile Anime, Taekwondo, patio gastron\u00f3mico, barras de jugos y licuados. Cabe destacar que desde el pasado 1 de octubre ya est\u00e1n habilitados, de 8 a 20, todos los balnearios capitalinos.<\/p>\n","protected":false},"excerpt":{"rendered":"<p>En la jornada de hoy, los vecinos y familias podr\u00e1n elegir entre diversas alternativas gratuitas y al aire libre en distintos espacios de la ciudad, organizadas por la Municipalidad de&hellip; <\/p>\n","protected":false},"author":3,"featured_media":93431,"comment_status":"closed","ping_status":"open","sticky":false,"template":"","format":"standard","meta":{"footnotes":""},"categories":[15],"tags":[],"class_list":["post-93430","post","type-post","status-publish","format-standard","has-post-thumbnail","hentry","category-cultura"],"_links":{"self":[{"href":"https:\/\/corrientesdetarde.com\/index.php\/wp-json\/wp\/v2\/posts\/93430","targetHints":{"allow":["GET"]}}],"collection":[{"href":"https:\/\/corrientesdetarde.com\/index.php\/wp-json\/wp\/v2\/posts"}],"about":[{"href":"https:\/\/corrientesdetarde.com\/index.php\/wp-json\/wp\/v2\/types\/post"}],"author":[{"embeddable":true,"href":"https:\/\/corrientesdetarde.com\/index.php\/wp-json\/wp\/v2\/users\/3"}],"replies":[{"embeddable":true,"href":"https:\/\/corrientesdetarde.com\/index.php\/wp-json\/wp\/v2\/comments?post=93430"}],"version-history":[{"count":1,"href":"https:\/\/corrientesdetarde.com\/index.php\/wp-json\/wp\/v2\/posts\/93430\/revisions"}],"predecessor-version":[{"id":93432,"href":"https:\/\/corrientesdetarde.com\/index.php\/wp-json\/wp\/v2\/posts\/93430\/revisions\/93432"}],"wp:featuredmedia":[{"embeddable":true,"href":"https:\/\/corrientesdetarde.com\/index.php\/wp-json\/wp\/v2\/media\/93431"}],"wp:attachment":[{"href":"https:\/\/corrientesdetarde.com\/index.php\/wp-json\/wp\/v2\/media?parent=93430"}],"wp:term":[{"taxonomy":"category","embeddable":true,"href":"https:\/\/corrientesdetarde.com\/index.php\/wp-json\/wp\/v2\/categories?post=93430"},{"taxonomy":"post_tag","embeddable":true,"href":"https:\/\/corrientesdetarde.com\/index.php\/wp-json\/wp\/v2\/tags?post=93430"}],"curies":[{"name":"wp","href":"https:\/\/api.w.org\/{rel}","templated":true}]}}