{"id":93439,"date":"2023-10-07T09:04:08","date_gmt":"2023-10-07T12:04:08","guid":{"rendered":"https:\/\/corrientesdetarde.com\/?p=93439"},"modified":"2023-10-07T09:04:08","modified_gmt":"2023-10-07T12:04:08","slug":"valdes-anuncio-la-construccion-de-un-nuevo-hospital-en-mercedes","status":"publish","type":"post","link":"https:\/\/corrientesdetarde.com\/index.php\/bienestar-y-salud\/valdes-anuncio-la-construccion-de-un-nuevo-hospital-en-mercedes\/","title":{"rendered":"Vald\u00e9s anunci\u00f3 la construcci\u00f3n de un nuevo hospital en Mercedes"},"content":{"rendered":"\n<p>Luego de la entrega de casi 700 notebooks a estudiantes secundarios del Departamento de Mercedes, el gobernador Gustavo Vald\u00e9s inaugur\u00f3 este mi\u00e9rcoles obras de refacci\u00f3n integral y refuncionalizaci\u00f3n, adem\u00e1s de la construcci\u00f3n del nuevo Servicio de Laboratorio en el Hospital &#8220;Las Mercedes&#8221;, sumado a la entrega de un mam\u00f3grafo, entre otro equipamiento de \u00faltima generaci\u00f3n.<\/p>\n\n\n\n<p>El Gobierno provincial inaugur\u00f3 las Obras del Hospital &#8220;Las Mercedes&#8221;, donde se realizaron la refacci\u00f3n integral de los consultorios externos, en los cuales funcionan las \u00e1reas de diabetes, curaciones, traumatolog\u00eda, cardiolog\u00eda y nutrici\u00f3n. Adem\u00e1s, se concretaron las refacciones integrales y refuncionalizaciones del Servicio de Diagn\u00f3stico por Im\u00e1genes, que comprende las Salas de Rayos X y de Mamograf\u00edas, con equipos de \u00faltima generaci\u00f3n, y se avanz\u00f3 en la construcci\u00f3n a nuevo del Servicio de Laboratorio.<\/p>\n\n\n\n<p>Por medio de la Direcci\u00f3n General de Administraci\u00f3n del Ministerio de Salud P\u00fablica se realiz\u00f3 tambi\u00e9n la adquisici\u00f3n de equipamiento para cada uno de los sectores, comprendiendo un mam\u00f3grafo, equipo de Rayos X Rodante, Potter Bucky Mural y Mesa, una computadora completa, aires acondicionados, escritorios, camillas, mobiliarios para los consultorios, tres t\u00e1ndems de cuatro sillas, carro de curaciones, escaleras. En el \u00e1rea del Servicio de Laboratorio se entregaron un analizador de electrolitos, centrifuga de mesa (macro centrifuga), estufa de cultivo y microscopio. Esto se suma al equipamiento entregado previamente a la instituci\u00f3n.<\/p>\n\n\n\n<figure class=\"wp-block-image\"><img decoding=\"async\" src=\"https:\/\/www.diarioepoca.com\/content\/bucket\/4\/1323294w380h214c.jpg.webp\" alt=\"\"\/><\/figure>\n\n\n\n<p>&#8220;Estamos incorporando el mam\u00f3grafo, que nos hab\u00edamos comprometido&#8221;, dijo Vald\u00e9s al tomar la palabra, a lo que inform\u00f3 que se invirti\u00f3 200 millones de pesos en el mencionado equipamiento. Agreg\u00f3 que &#8220;aparte estamos incorporando otros 72 millones de pesos m\u00e1s y sumando nuevos servicios a este Hospital, que tiene varios a\u00f1os, y vamos a seguir invirtiendo en materia de salud p\u00fablica&#8221;.<\/p>\n\n\n\n<p>Repas\u00f3 la inversi\u00f3n que se hizo en Corrientes durante la pandemia, que quiz\u00e1s &#8220;en el interior provincial no se vio, porque hicimos una inversi\u00f3n unificada para todo Corrientes. Ten\u00edamos 130 unidades de terapia intensiva entre p\u00fablica y privada, y construimos en el Hospital de Campa\u00f1a cerca de 300, que se sumaron a las otras que ven\u00edamos construyendo y que ten\u00edamos&#8221;.<\/p>\n\n\n\n<figure class=\"wp-block-image\"><img decoding=\"async\" src=\"https:\/\/www.diarioepoca.com\/content\/bucket\/2\/1323292w380h253c.jpg.webp\" alt=\"\"\/><\/figure>\n\n\n\n<p>De esta manera, destac\u00f3 que &#8220;nos convertimos en una de las provincias con mayor cantidad de unidades de terapia intensiva, aunque tambi\u00e9n nos dimos cuenta que era fundamental que el paciente no llegue a terapia intensiva, porque es una cuesti\u00f3n ya pr\u00e1cticamente terminal&#8221;. En ese sentido, el titular del Poder Ejecutivo, remarc\u00f3 que &#8220;volvemos a una tem\u00e1tica que es recurrente: la mejor salud es la que se previene, por eso tenemos que combinar el trabajo del Hospital con el de la prevenci\u00f3n, que nos viene generando muy buenos resultados&#8221;.<\/p>\n\n\n\n<p>Asimismo &#8220;es que tom\u00e9 la decisi\u00f3n en su momento de salir a comprar 200 mil parches en principio, que les aseguro no son baratos, pero si salvan vidas. Hoy tenemos 6 detecciones solamente en Mercedes, que pueden o podr\u00edan en el futuro derivar en un c\u00e1ncer de mama, por eso es clave hacer el control prematuro&#8221;.<\/p>\n\n\n\n<figure class=\"wp-block-image\"><img decoding=\"async\" src=\"https:\/\/www.diarioepoca.com\/content\/bucket\/3\/1323293w380h255c.jpg.webp\" alt=\"\"\/><\/figure>\n\n\n\n<p><strong>&#8220;No creo en los que ven a la salud p\u00fablica como un gasto&#8221;<\/strong><\/p>\n\n\n\n<p>Por otra parte, el gobernador Vald\u00e9s manifest\u00f3 que, en materia de salud p\u00fablica, &#8220;estamos haciendo inversiones en distintos puntos de la Provincia, y ac\u00e1 en Mercedes estamos buscando ya el terreno para hacer un nuevo Hospital de \u00faltima generaci\u00f3n&#8221;. Sostuvo as\u00ed que &#8220;no creo en aquellos que ven a la salud p\u00fablica como un gasto, sino en la administraci\u00f3n correcta de los recursos del Estado, para poder comprometernos con los mercede\u00f1os en este caso para esta gran obra&#8221;.<\/p>\n\n\n\n<p>Dirigi\u00e9ndose a los presentes en el acto de inauguraci\u00f3n, el ministro de Salud P\u00fablica, Ricardo Cardozo, precis\u00f3 que &#8220;por decisi\u00f3n del gobernador Gustavo Vald\u00e9s el mam\u00f3grafo ya est\u00e1 aqu\u00ed en el Hospital y que fue adquirido por la Provincia, una promesa incumplida por el Gobierno nacional desde hace un a\u00f1o, a trav\u00e9s de un cr\u00e9dito internacional&#8221;. Se\u00f1al\u00f3 que &#8220;el mam\u00f3grafo sirve para la detecci\u00f3n precoz del c\u00e1ncer de mama y el diagn\u00f3stico temprano permite un alto porcentaje de curaci\u00f3n&#8221;.<\/p>\n\n\n\n<p>En cuanto a cifras de este flagelo dijo que &#8220;en el mundo se mueren alrededor de 600 mil mujeres por a\u00f1o y en la Argentina es la principal causa de muerte en las mujeres; en Corrientes son tres los tipos de c\u00e1ncer que tienen mayor incidencia: de colon, pulm\u00f3n y el de mama&#8221;. Detall\u00f3 luego que &#8220;de los 8.800 muertos anuales que tiene Corrientes, el 1,3% es por c\u00e1ncer de mama, de manera tal que unas 120 mujeres se mueren todos los a\u00f1os, por eso es fundamental que con esta herramienta salgamos a buscar a las mujeres para que se realicen el estudio, una tarea fundamental&#8221;.<\/p>\n\n\n\n<figure class=\"wp-block-image\"><img decoding=\"async\" src=\"https:\/\/www.diarioepoca.com\/content\/bucket\/1\/1323291w762h508c.jpg.webp\" alt=\"\"\/><\/figure>\n\n\n\n<p><strong>Corrientes dispone de 16 mam\u00f3grafos<\/strong><\/p>\n\n\n\n<p>Cardozo indic\u00f3 que &#8220;Corrientes tiene &nbsp;16 mam\u00f3grafos y somos la quinta provincia despu\u00e9s de CABA, Buenos Aires, Santa Fe y C\u00f3rdoba en cantidad de este equipamiento&#8221;, a lo que agreg\u00f3 que &#8220;se necesita un mam\u00f3grafo cada diez mil mujeres para tener eficacia: nosotros tenemos uno cada seis mil mujeres o sea estamos bien pero todav\u00eda tenemos previsto incorporar otros en Esquina, San Roque y otros lugares, as\u00ed que esto viene a fortalecer una pol\u00edtica de prevenci\u00f3n que es muy importante para nuestro Ministerio y la Provincia&#8221;.<\/p>\n\n\n\n<p>Por su parte, la directora del Hospital de Mercedes, Mar\u00eda Laura Lacour, cont\u00f3 que su instituci\u00f3n &#8220;cuenta con servicios de diagn\u00f3stico por imagen, consultorios externos, internaci\u00f3n y aspiramos a ampliar estos servicios y mejorarlos&#8221;. Dijo que el nosocomio brinda un servicio a los parajes rurales todos los mi\u00e9rcoles, recorriendo con servicios m\u00e9dicos, odont\u00f3logos, PAP con las residencias y &#8220;es un orgullo llegar al campo con los servicios del hospital y otras veces lo hacemos en forma conjunta con operativos de la Provincia, llevando laboratorio, electro, anteojos y pr\u00f3tesis&#8221;.<\/p>\n\n\n\n<p>Seguidamente resalt\u00f3 que &#8220;el Hospital cuenta con un banco de sangre, hoy certificado por el INCUCAI, donde est\u00e1n capacitados para realizar la donaci\u00f3n de m\u00e9dula \u00f3sea&#8221;. Por \u00faltimo, record\u00f3 que octubre &#8220;es el Mes de Concientizaci\u00f3n del c\u00e1ncer de Mama, as\u00ed que vamos a recomendar a todas las mercede\u00f1as que se realicen en forma anual una mamograf\u00eda, ahora que hemos recibido este mam\u00f3grafo&#8221;.<\/p>\n","protected":false},"excerpt":{"rendered":"<p>Luego de la entrega de casi 700 notebooks a estudiantes secundarios del Departamento de Mercedes, el gobernador Gustavo Vald\u00e9s inaugur\u00f3 este mi\u00e9rcoles obras de refacci\u00f3n integral y refuncionalizaci\u00f3n, adem\u00e1s de&hellip; <\/p>\n","protected":false},"author":3,"featured_media":93440,"comment_status":"closed","ping_status":"open","sticky":false,"template":"","format":"standard","meta":{"footnotes":""},"categories":[16],"tags":[],"class_list":["post-93439","post","type-post","status-publish","format-standard","has-post-thumbnail","hentry","category-bienestar-y-salud"],"_links":{"self":[{"href":"https:\/\/corrientesdetarde.com\/index.php\/wp-json\/wp\/v2\/posts\/93439","targetHints":{"allow":["GET"]}}],"collection":[{"href":"https:\/\/corrientesdetarde.com\/index.php\/wp-json\/wp\/v2\/posts"}],"about":[{"href":"https:\/\/corrientesdetarde.com\/index.php\/wp-json\/wp\/v2\/types\/post"}],"author":[{"embeddable":true,"href":"https:\/\/corrientesdetarde.com\/index.php\/wp-json\/wp\/v2\/users\/3"}],"replies":[{"embeddable":true,"href":"https:\/\/corrientesdetarde.com\/index.php\/wp-json\/wp\/v2\/comments?post=93439"}],"version-history":[{"count":1,"href":"https:\/\/corrientesdetarde.com\/index.php\/wp-json\/wp\/v2\/posts\/93439\/revisions"}],"predecessor-version":[{"id":93441,"href":"https:\/\/corrientesdetarde.com\/index.php\/wp-json\/wp\/v2\/posts\/93439\/revisions\/93441"}],"wp:featuredmedia":[{"embeddable":true,"href":"https:\/\/corrientesdetarde.com\/index.php\/wp-json\/wp\/v2\/media\/93440"}],"wp:attachment":[{"href":"https:\/\/corrientesdetarde.com\/index.php\/wp-json\/wp\/v2\/media?parent=93439"}],"wp:term":[{"taxonomy":"category","embeddable":true,"href":"https:\/\/corrientesdetarde.com\/index.php\/wp-json\/wp\/v2\/categories?post=93439"},{"taxonomy":"post_tag","embeddable":true,"href":"https:\/\/corrientesdetarde.com\/index.php\/wp-json\/wp\/v2\/tags?post=93439"}],"curies":[{"name":"wp","href":"https:\/\/api.w.org\/{rel}","templated":true}]}}