{"id":93445,"date":"2023-10-07T09:06:34","date_gmt":"2023-10-07T12:06:34","guid":{"rendered":"https:\/\/corrientesdetarde.com\/?p=93445"},"modified":"2023-10-07T09:06:45","modified_gmt":"2023-10-07T12:06:45","slug":"juan-ramon-recibio-su-esperado-medicamento","status":"publish","type":"post","link":"https:\/\/corrientesdetarde.com\/index.php\/bienestar-y-salud\/juan-ramon-recibio-su-esperado-medicamento\/","title":{"rendered":"Juan Ram\u00f3n recibi\u00f3 su esperado medicamento"},"content":{"rendered":"\n<p>A trav\u00e9s de una gesti\u00f3n del Ministerio de Salud, en la jornada de ayer volvi\u00f3 a tomar su medicina, pero su obra social a\u00fan brilla por su ausencia.<\/p>\n\n\n\n<p>D\u00edas atr\u00e1s, periodistas se dirigieron a la casa de Juan Ram\u00f3n Alegre, una persona de 55 a\u00f1os que padece leucemia cr\u00f3nica y hace cuatro meses que no recib\u00eda el medicamento que le ayuda a paliar los embates de dicha enfermedad.<\/p>\n\n\n\n<p>Por tal motivo, desde el Ministerio de Salud P\u00fablica hicieron eco a este desesperante pedido de ayuda y le entregaron el remedio en la jornada de ayer por la ma\u00f1ana, pudiendo as\u00ed retomar su tratamiento para darle batalla a su enfermedad.<\/p>\n\n\n\n<p>Pero la ayuda vino desde el Estado y no desde su obra social que a\u00fan, seg\u00fan lo comentado por Juan Ram\u00f3n, &#8220;contin\u00faan con los tr\u00e1mites&#8221; para acercarle la medicina.<\/p>\n\n\n\n<p>&#8220;El medicamento me lo entreg\u00f3 el Ministerio de Salud P\u00fablica. Ellos me lo dieron, no la obra social Incluir Salud. Ellos no aparecen&#8221;, dijo Juan Ram\u00f3n y agreg\u00f3: &#8220;Mi familia fue a retirarlo al Ministerio, en su farmacia, all\u00ed estaba autorizado para que yo pueda retirar ese medicamento&#8221;.<\/p>\n\n\n\n<p>El propio Juan Ram\u00f3n detall\u00f3 a \u00e9poca: &#8220;Ahora tengo para 30 d\u00edas. Desde Incluir Salud se comunicaron conmigo, me dijeron que mi medicamento ya est\u00e1 Salud P\u00fablica, ellos me van a estar dando. Mientras tanto, nosotros solucionamos el problema&#8221;.<\/p>\n\n\n\n<p>Alegre, nos coment\u00f3: &#8220;Estoy un poco m\u00e1s tranquilo, porque voy a estar medicado&#8221;, pero por la espera su salud tuvo un deterioro, dijo que empeor\u00f3 &#8220;un poquito. Tengo poca fuerza y me agarr\u00f3 un poco de tos, luego de estar internado&#8221;.<\/p>\n\n\n\n<p>Para finalizar, Juan Ram\u00f3n cerr\u00f3 agradeci\u00e9ndonos por la ayuda brindada para poder conseguir su medicamento: &#8220;Gracias por haberme ayudado, sigan haci\u00e9ndolo por favor. No solo por m\u00ed, sino por las personas que no supimos qu\u00e9 hacer con estos problemas y no pueden recibir sus medicamentos&#8221;.<\/p>\n","protected":false},"excerpt":{"rendered":"<p>A trav\u00e9s de una gesti\u00f3n del Ministerio de Salud, en la jornada de ayer volvi\u00f3 a tomar su medicina, pero su obra social a\u00fan brilla por su ausencia. D\u00edas atr\u00e1s,&hellip; <\/p>\n","protected":false},"author":3,"featured_media":93446,"comment_status":"closed","ping_status":"open","sticky":false,"template":"","format":"standard","meta":{"footnotes":""},"categories":[16],"tags":[],"class_list":["post-93445","post","type-post","status-publish","format-standard","has-post-thumbnail","hentry","category-bienestar-y-salud"],"_links":{"self":[{"href":"https:\/\/corrientesdetarde.com\/index.php\/wp-json\/wp\/v2\/posts\/93445","targetHints":{"allow":["GET"]}}],"collection":[{"href":"https:\/\/corrientesdetarde.com\/index.php\/wp-json\/wp\/v2\/posts"}],"about":[{"href":"https:\/\/corrientesdetarde.com\/index.php\/wp-json\/wp\/v2\/types\/post"}],"author":[{"embeddable":true,"href":"https:\/\/corrientesdetarde.com\/index.php\/wp-json\/wp\/v2\/users\/3"}],"replies":[{"embeddable":true,"href":"https:\/\/corrientesdetarde.com\/index.php\/wp-json\/wp\/v2\/comments?post=93445"}],"version-history":[{"count":1,"href":"https:\/\/corrientesdetarde.com\/index.php\/wp-json\/wp\/v2\/posts\/93445\/revisions"}],"predecessor-version":[{"id":93447,"href":"https:\/\/corrientesdetarde.com\/index.php\/wp-json\/wp\/v2\/posts\/93445\/revisions\/93447"}],"wp:featuredmedia":[{"embeddable":true,"href":"https:\/\/corrientesdetarde.com\/index.php\/wp-json\/wp\/v2\/media\/93446"}],"wp:attachment":[{"href":"https:\/\/corrientesdetarde.com\/index.php\/wp-json\/wp\/v2\/media?parent=93445"}],"wp:term":[{"taxonomy":"category","embeddable":true,"href":"https:\/\/corrientesdetarde.com\/index.php\/wp-json\/wp\/v2\/categories?post=93445"},{"taxonomy":"post_tag","embeddable":true,"href":"https:\/\/corrientesdetarde.com\/index.php\/wp-json\/wp\/v2\/tags?post=93445"}],"curies":[{"name":"wp","href":"https:\/\/api.w.org\/{rel}","templated":true}]}}