{"id":93451,"date":"2023-10-07T10:01:17","date_gmt":"2023-10-07T13:01:17","guid":{"rendered":"https:\/\/corrientesdetarde.com\/?p=93451"},"modified":"2023-10-07T19:44:22","modified_gmt":"2023-10-07T22:44:22","slug":"israel-ataques-terroristas-de-hamas-provocan-al-menos-22-muertos-y-cientos-de-heridos","status":"publish","type":"post","link":"https:\/\/corrientesdetarde.com\/index.php\/destacados\/israel-ataques-terroristas-de-hamas-provocan-al-menos-22-muertos-y-cientos-de-heridos\/","title":{"rendered":"Israel: ataques terroristas de Hamas provocan al menos 22 muertos y cientos de heridos"},"content":{"rendered":"\n<p>El ministro de Defensa israel\u00ed, Benny Gantz, expres\u00f3 que el grupo rebelde &#8220;cometi\u00f3 un grave error y cargar\u00e1 con las consecuencias&#8221;<\/p>\n\n\n\n<p>El primer ministro israel\u00ed, Benjam\u00edn Netanyahu, afirm\u00f3 este s\u00e1bado que el pa\u00eds &#8220;est\u00e1 en guerra&#8221; tras el sorpresivo ataque por tierra, mar y aire de milicianos palestinos que dej\u00f3 decenas de muertos y heridos, y asegur\u00f3 que el movimiento Hamas, que gobierna la Franja de Gaza, pagar\u00e1 &#8220;un precio sin precedentes&#8221;.<br>&#8220;Ciudadanos de Israel, estamos en guerra. No en una operaci\u00f3n, no son rondas de combates, es una guerra&#8221;, indic\u00f3 Netanyahu en un video difundido en sus redes sociales, en referencia a la ofensiva que, seg\u00fan cifras preliminares dadas por medios israel\u00edes, dejaron al menos 22 muertos en ese pa\u00eds, y cuatro palestinos fallecidos por los bombardeos de represalia.<\/p>\n\n\n\n<p>El ejercito israel\u00ed, en tanto, orden\u00f3 a los civiles a permanecer en sus refugios: &#8220;En la \u00faltima hora, la organizaci\u00f3n terrorista Ham\u00e1s inici\u00f3 un lanzamiento masivo de cohetes&#8221; y &#8220;los terroristas se infiltraron en territorio israel\u00ed en varios lugares &#8220;.<\/p>\n\n\n\n<p>Seg\u00fan las versiones del ej\u00e9rcito y el resto de las fuerzas de Seguridad israel\u00edes, una c\u00e9lula de Hamas se habr\u00eda infiltrado e iniciado un enfrentamiento a los tiros en la ciudad de Sderot, ubicada al sur del pa\u00eds. Los combates ocurrieron en simult\u00e1neo al lanzamiento de proyeciles de Hamas hacia poblaciones en Jerusal\u00e9n, Tel Aviv y Beersheba.<\/p>\n","protected":false},"excerpt":{"rendered":"<p>El ministro de Defensa israel\u00ed, Benny Gantz, expres\u00f3 que el grupo rebelde &#8220;cometi\u00f3 un grave error y cargar\u00e1 con las consecuencias&#8221; El primer ministro israel\u00ed, Benjam\u00edn Netanyahu, afirm\u00f3 este s\u00e1bado&hellip; <\/p>\n","protected":false},"author":3,"featured_media":93452,"comment_status":"closed","ping_status":"open","sticky":false,"template":"","format":"standard","meta":{"footnotes":""},"categories":[26],"tags":[],"class_list":["post-93451","post","type-post","status-publish","format-standard","has-post-thumbnail","hentry","category-destacados"],"_links":{"self":[{"href":"https:\/\/corrientesdetarde.com\/index.php\/wp-json\/wp\/v2\/posts\/93451","targetHints":{"allow":["GET"]}}],"collection":[{"href":"https:\/\/corrientesdetarde.com\/index.php\/wp-json\/wp\/v2\/posts"}],"about":[{"href":"https:\/\/corrientesdetarde.com\/index.php\/wp-json\/wp\/v2\/types\/post"}],"author":[{"embeddable":true,"href":"https:\/\/corrientesdetarde.com\/index.php\/wp-json\/wp\/v2\/users\/3"}],"replies":[{"embeddable":true,"href":"https:\/\/corrientesdetarde.com\/index.php\/wp-json\/wp\/v2\/comments?post=93451"}],"version-history":[{"count":1,"href":"https:\/\/corrientesdetarde.com\/index.php\/wp-json\/wp\/v2\/posts\/93451\/revisions"}],"predecessor-version":[{"id":93453,"href":"https:\/\/corrientesdetarde.com\/index.php\/wp-json\/wp\/v2\/posts\/93451\/revisions\/93453"}],"wp:featuredmedia":[{"embeddable":true,"href":"https:\/\/corrientesdetarde.com\/index.php\/wp-json\/wp\/v2\/media\/93452"}],"wp:attachment":[{"href":"https:\/\/corrientesdetarde.com\/index.php\/wp-json\/wp\/v2\/media?parent=93451"}],"wp:term":[{"taxonomy":"category","embeddable":true,"href":"https:\/\/corrientesdetarde.com\/index.php\/wp-json\/wp\/v2\/categories?post=93451"},{"taxonomy":"post_tag","embeddable":true,"href":"https:\/\/corrientesdetarde.com\/index.php\/wp-json\/wp\/v2\/tags?post=93451"}],"curies":[{"name":"wp","href":"https:\/\/api.w.org\/{rel}","templated":true}]}}