{"id":93454,"date":"2023-10-07T10:03:00","date_gmt":"2023-10-07T13:03:00","guid":{"rendered":"https:\/\/corrientesdetarde.com\/?p=93454"},"modified":"2023-10-07T10:03:12","modified_gmt":"2023-10-07T13:03:12","slug":"otra-vez-crece-el-rio-uruguay-y-santo-tome-ya-encendio-sus-luces-de-alerta","status":"publish","type":"post","link":"https:\/\/corrientesdetarde.com\/index.php\/clima\/otra-vez-crece-el-rio-uruguay-y-santo-tome-ya-encendio-sus-luces-de-alerta\/","title":{"rendered":"Otra vez crece el r\u00edo Uruguay y Santo Tom\u00e9 ya encendi\u00f3 sus luces de alerta"},"content":{"rendered":"\n<p>En el puerto marca un repunte de 10 cent\u00edmetros por hora y el pron\u00f3stico indica que seguir\u00e1n las precipitaciones.<\/p>\n\n\n\n<p>El Centro Operativo de Emergencia Municipal (Coem) de Santo Tom\u00e9 ya encendi\u00f3 sus luces de alarma y se mantiene en estado de alerta ante las noticias de la marcada crecida que registra en las \u00faltimas horas el r\u00edo Uruguay.<\/p>\n\n\n\n<p>Seg\u00fan se inform\u00f3, la represa de Foz do Chapec\u00f3 en Brasil sigue evacuando un importante caudal de agua, producto de las abundantes precipitaciones en la zona alta. Tuvo un pico m\u00e1ximo de 14.214 m3\/s, aunque los especialistas creen que podr\u00eda ser mayor.<\/p>\n\n\n\n<p>Adem\u00e1s, se mantienen las previsiones del repunte del r\u00edo a lo que debe sumarse que est\u00e1n pronosticadas intensas lluvias para este s\u00e1bado y tambi\u00e9n la semana que viene. En este marco de situaciones, la Direcci\u00f3n de Defensa Civil advirti\u00f3 sobre la posibilidad de una nueva crecida del r\u00edo Uruguay producto de la persistencia del mal tiempo en la zona del Brasil y las altas cuencas.<\/p>\n\n\n\n<p>Por estas horas, la altura del r\u00edo en el puerto local fue de 7,82 en creciente a un ritmo de 10 cent\u00edmetros por hora.<\/p>\n\n\n\n<p>El repunte del caudal se viene dando aguas arriba y las primeras consecuencias sufrieron las localidades misionera de El Soberbio y brasile\u00f1a de Porto Soberbo, donde debieron suspender preventivamente el servicio de balsa entre ambos puertos. Adem\u00e1s, el ingreso al Parque Provincial Mocon\u00e1 y los paseos n\u00e1uticos en los Saltos est\u00e1n suspendidos. El puente sobre el arroyo Yabot\u00ed Guaz\u00fa se encuentra con 7 metros por sobre su nivel normal.<\/p>\n\n\n\n<p>En ese marco de situaciones habr\u00eda que ver c\u00f3mo se mantienen los puertos de las dem\u00e1s ciudades y localidades correntinas ubicadas a orillas del llamado \u201cr\u00edo de los p\u00e1jaros\u201d.<\/p>\n","protected":false},"excerpt":{"rendered":"<p>En el puerto marca un repunte de 10 cent\u00edmetros por hora y el pron\u00f3stico indica que seguir\u00e1n las precipitaciones. El Centro Operativo de Emergencia Municipal (Coem) de Santo Tom\u00e9 ya&hellip; <\/p>\n","protected":false},"author":3,"featured_media":93455,"comment_status":"closed","ping_status":"open","sticky":false,"template":"","format":"standard","meta":{"footnotes":""},"categories":[29],"tags":[],"class_list":["post-93454","post","type-post","status-publish","format-standard","has-post-thumbnail","hentry","category-clima"],"_links":{"self":[{"href":"https:\/\/corrientesdetarde.com\/index.php\/wp-json\/wp\/v2\/posts\/93454","targetHints":{"allow":["GET"]}}],"collection":[{"href":"https:\/\/corrientesdetarde.com\/index.php\/wp-json\/wp\/v2\/posts"}],"about":[{"href":"https:\/\/corrientesdetarde.com\/index.php\/wp-json\/wp\/v2\/types\/post"}],"author":[{"embeddable":true,"href":"https:\/\/corrientesdetarde.com\/index.php\/wp-json\/wp\/v2\/users\/3"}],"replies":[{"embeddable":true,"href":"https:\/\/corrientesdetarde.com\/index.php\/wp-json\/wp\/v2\/comments?post=93454"}],"version-history":[{"count":1,"href":"https:\/\/corrientesdetarde.com\/index.php\/wp-json\/wp\/v2\/posts\/93454\/revisions"}],"predecessor-version":[{"id":93456,"href":"https:\/\/corrientesdetarde.com\/index.php\/wp-json\/wp\/v2\/posts\/93454\/revisions\/93456"}],"wp:featuredmedia":[{"embeddable":true,"href":"https:\/\/corrientesdetarde.com\/index.php\/wp-json\/wp\/v2\/media\/93455"}],"wp:attachment":[{"href":"https:\/\/corrientesdetarde.com\/index.php\/wp-json\/wp\/v2\/media?parent=93454"}],"wp:term":[{"taxonomy":"category","embeddable":true,"href":"https:\/\/corrientesdetarde.com\/index.php\/wp-json\/wp\/v2\/categories?post=93454"},{"taxonomy":"post_tag","embeddable":true,"href":"https:\/\/corrientesdetarde.com\/index.php\/wp-json\/wp\/v2\/tags?post=93454"}],"curies":[{"name":"wp","href":"https:\/\/api.w.org\/{rel}","templated":true}]}}