{"id":9347,"date":"2022-10-06T23:33:36","date_gmt":"2022-10-07T02:33:36","guid":{"rendered":"https:\/\/corrientesdetarde.com\/?p=9347"},"modified":"2022-10-06T23:36:17","modified_gmt":"2022-10-07T02:36:17","slug":"desde-el-17-de-octubre-habilitaran-el-paso-fronterizo-ituzaingo-ayolas","status":"publish","type":"post","link":"https:\/\/corrientesdetarde.com\/index.php\/locales\/desde-el-17-de-octubre-habilitaran-el-paso-fronterizo-ituzaingo-ayolas\/","title":{"rendered":"Desde el 17 de octubre habilitar\u00e1n el paso fronterizo Ituzaing\u00f3-Ayolas"},"content":{"rendered":"\n<p>Este jueves se conoci\u00f3 la noticia de que el paso fronterizo que une Ituzanig\u00f3 y Ayolas ser\u00e1 habilitado desde el pr\u00f3ximo 17 de octubre seg\u00fan confirm\u00f3 Ana Almir\u00f3n Concejera de la EBY. &#8220;Despu\u00e9s de un largo trabajo que se hizo entre todos los organismos que trabajan alrededor del paso fronterizo, se defini\u00f3 la fecha la apertura para transporte de pasajeros con dos frecuencias diarias&#8221;, detall\u00f3.<\/p>\n\n\n\n<p>Ana Almir\u00f3n, Consejera de la EBY confirm\u00f3 que desde el 17 de octubre se abrir\u00e1 el paso.&nbsp;En declaraciones medi\u00e1ticas sostuvo &#8220;despu\u00e9s de un largo trabajo que se hizo entre todos los organismos que trabajan alrededor del paso fronterizo, se defini\u00f3 la fecha la apertura de este paso para transporte de pasajeros con dos frecuencias diarias y la fecha ser\u00e1 el lunes 17 de octubre&#8221;.<\/p>\n\n\n\n<p>La reuni\u00f3n se concret\u00f3 este jueves por la tarde donde distintos funcionarios de Argentina y Paraguay analizaron la apertura del paso fronterizo que une Ituzaing\u00f3 y Ayolas.&nbsp;<\/p>\n\n\n\n<p>Las frecuencias ser\u00eda: de Ituzaing\u00f3 a las 9 de la ma\u00f1ana y regresa de Paraguay 10:45. El segundo sale de Ituzaing\u00f3 a las 14: 30 y regresa a las 16:15. &#8220;La empresa argentina El Dorado es la \u00fanica que va a prestar el servicio y van de terminal a la terminal&#8221;, explic\u00f3 Almir\u00f3n.&nbsp;<\/p>\n\n\n\n<p>Es importante recordar que el paso fronterizo Ituzaing\u00f3-Ayolas fue habilitado en octubre del 2019. Por causa de la pandemia y como medida sanitaria fue clausurado en marzo del 2020. En julio pasado se conoci\u00f3 la informaci\u00f3n de que la reapertura se realizar\u00eda el 1 de agosto, a trav\u00e9s del servicio de transporte p\u00fablico, pero no se instrument\u00f3 y el cruce contin\u00faa cerrado.<\/p>\n\n\n\n<p>FUENTE: DIARIO \u00c9POCA<\/p>\n","protected":false},"excerpt":{"rendered":"<p>Este jueves se conoci\u00f3 la noticia de que el paso fronterizo que une Ituzanig\u00f3 y Ayolas ser\u00e1 habilitado desde el pr\u00f3ximo 17 de octubre seg\u00fan confirm\u00f3 Ana Almir\u00f3n Concejera de&hellip; <\/p>\n","protected":false},"author":1,"featured_media":9354,"comment_status":"closed","ping_status":"open","sticky":false,"template":"","format":"standard","meta":{"footnotes":""},"categories":[8],"tags":[],"class_list":["post-9347","post","type-post","status-publish","format-standard","has-post-thumbnail","hentry","category-locales"],"_links":{"self":[{"href":"https:\/\/corrientesdetarde.com\/index.php\/wp-json\/wp\/v2\/posts\/9347","targetHints":{"allow":["GET"]}}],"collection":[{"href":"https:\/\/corrientesdetarde.com\/index.php\/wp-json\/wp\/v2\/posts"}],"about":[{"href":"https:\/\/corrientesdetarde.com\/index.php\/wp-json\/wp\/v2\/types\/post"}],"author":[{"embeddable":true,"href":"https:\/\/corrientesdetarde.com\/index.php\/wp-json\/wp\/v2\/users\/1"}],"replies":[{"embeddable":true,"href":"https:\/\/corrientesdetarde.com\/index.php\/wp-json\/wp\/v2\/comments?post=9347"}],"version-history":[{"count":2,"href":"https:\/\/corrientesdetarde.com\/index.php\/wp-json\/wp\/v2\/posts\/9347\/revisions"}],"predecessor-version":[{"id":9357,"href":"https:\/\/corrientesdetarde.com\/index.php\/wp-json\/wp\/v2\/posts\/9347\/revisions\/9357"}],"wp:featuredmedia":[{"embeddable":true,"href":"https:\/\/corrientesdetarde.com\/index.php\/wp-json\/wp\/v2\/media\/9354"}],"wp:attachment":[{"href":"https:\/\/corrientesdetarde.com\/index.php\/wp-json\/wp\/v2\/media?parent=9347"}],"wp:term":[{"taxonomy":"category","embeddable":true,"href":"https:\/\/corrientesdetarde.com\/index.php\/wp-json\/wp\/v2\/categories?post=9347"},{"taxonomy":"post_tag","embeddable":true,"href":"https:\/\/corrientesdetarde.com\/index.php\/wp-json\/wp\/v2\/tags?post=9347"}],"curies":[{"name":"wp","href":"https:\/\/api.w.org\/{rel}","templated":true}]}}