{"id":9352,"date":"2022-10-06T23:37:48","date_gmt":"2022-10-07T02:37:48","guid":{"rendered":"https:\/\/corrientesdetarde.com\/?p=9352"},"modified":"2022-10-06T23:37:52","modified_gmt":"2022-10-07T02:37:52","slug":"la-iglesia-catedral-celebra-la-fiesta-de-nuestra-senora-del-rosario","status":"publish","type":"post","link":"https:\/\/corrientesdetarde.com\/index.php\/cultura\/la-iglesia-catedral-celebra-la-fiesta-de-nuestra-senora-del-rosario\/","title":{"rendered":"La Iglesia Catedral celebra la fiesta de Nuestra Se\u00f1ora del Rosario"},"content":{"rendered":"\n<p>Con el lema: &#8220;Con Mar\u00eda del Rosario, caminemos hacia la escucha, la comunidad de Nuestra Se\u00f1ora del Rosario vivi\u00f3 la celebraci\u00f3n diaria de la novena en honor a su Santa Patrona.&nbsp;<\/p>\n\n\n\n<p>Este jueves 6, v\u00edsperas del d\u00eda lit\u00fargico de Mar\u00eda del Rosario, luego de la Misa de las 20, habr\u00e1 un Festival en honor al Virgen. A la medianoche se har\u00e1 el saludo a la Santa Patrona.<\/p>\n\n\n\n<p><br>El viernes, a las 6.30, rezo del Rosario de la Aurora; a las 7 y a las 10, celebraci\u00f3n eucar\u00edstica. Por la tarde, a partir de las 18, se desarrollar\u00e1 la solemne procesi\u00f3n y luego la Santa Misa que ser\u00e1 presidida por monse\u00f1or Andr\u00e9s Stanovnik.<\/p>\n\n\n\n<p><br>Al finalizar, a las 20.30, habr\u00e1 un espect\u00e1culo cultural.<\/p>\n","protected":false},"excerpt":{"rendered":"<p>Con el lema: &#8220;Con Mar\u00eda del Rosario, caminemos hacia la escucha, la comunidad de Nuestra Se\u00f1ora del Rosario vivi\u00f3 la celebraci\u00f3n diaria de la novena en honor a su Santa&hellip; <\/p>\n","protected":false},"author":1,"featured_media":9353,"comment_status":"closed","ping_status":"open","sticky":false,"template":"","format":"standard","meta":{"footnotes":""},"categories":[15],"tags":[],"class_list":["post-9352","post","type-post","status-publish","format-standard","has-post-thumbnail","hentry","category-cultura"],"_links":{"self":[{"href":"https:\/\/corrientesdetarde.com\/index.php\/wp-json\/wp\/v2\/posts\/9352","targetHints":{"allow":["GET"]}}],"collection":[{"href":"https:\/\/corrientesdetarde.com\/index.php\/wp-json\/wp\/v2\/posts"}],"about":[{"href":"https:\/\/corrientesdetarde.com\/index.php\/wp-json\/wp\/v2\/types\/post"}],"author":[{"embeddable":true,"href":"https:\/\/corrientesdetarde.com\/index.php\/wp-json\/wp\/v2\/users\/1"}],"replies":[{"embeddable":true,"href":"https:\/\/corrientesdetarde.com\/index.php\/wp-json\/wp\/v2\/comments?post=9352"}],"version-history":[{"count":1,"href":"https:\/\/corrientesdetarde.com\/index.php\/wp-json\/wp\/v2\/posts\/9352\/revisions"}],"predecessor-version":[{"id":9359,"href":"https:\/\/corrientesdetarde.com\/index.php\/wp-json\/wp\/v2\/posts\/9352\/revisions\/9359"}],"wp:featuredmedia":[{"embeddable":true,"href":"https:\/\/corrientesdetarde.com\/index.php\/wp-json\/wp\/v2\/media\/9353"}],"wp:attachment":[{"href":"https:\/\/corrientesdetarde.com\/index.php\/wp-json\/wp\/v2\/media?parent=9352"}],"wp:term":[{"taxonomy":"category","embeddable":true,"href":"https:\/\/corrientesdetarde.com\/index.php\/wp-json\/wp\/v2\/categories?post=9352"},{"taxonomy":"post_tag","embeddable":true,"href":"https:\/\/corrientesdetarde.com\/index.php\/wp-json\/wp\/v2\/tags?post=9352"}],"curies":[{"name":"wp","href":"https:\/\/api.w.org\/{rel}","templated":true}]}}