{"id":93547,"date":"2023-10-07T20:22:19","date_gmt":"2023-10-07T23:22:19","guid":{"rendered":"https:\/\/corrientesdetarde.com\/?p=93547"},"modified":"2023-10-07T20:22:31","modified_gmt":"2023-10-07T23:22:31","slug":"julieta-poggio-confirmo-que-esta-saliendo-con-alguien-y-todos-apuntaron-a-marcos-ginocchio-o-fran-stoessel","status":"publish","type":"post","link":"https:\/\/corrientesdetarde.com\/index.php\/espectaculos\/julieta-poggio-confirmo-que-esta-saliendo-con-alguien-y-todos-apuntaron-a-marcos-ginocchio-o-fran-stoessel\/","title":{"rendered":"Julieta Poggio confirm\u00f3 que est\u00e1 saliendo con alguien y todos apuntaron a Marcos Ginocchio o Fran Stoessel"},"content":{"rendered":"\n<p>Para sorpresa de sus seguidores, finalmente<strong>\u00a0Julieta Poggio<\/strong>\u00a0confirm\u00f3 que est\u00e1 saliendo con alguien. Sin embargo, lejos de estar ilusionada al respecto, Juli se mostr\u00f3 bastante frustrada, al considerar a su conquista como un \u201cvueltero\u201d. Aunque prefiri\u00f3 no revelar su identidad, sus seguidores creen que podr\u00eda tratarse de\u00a0<strong>Marcos Ginocchio<\/strong>\u00a0o\u00a0<strong>Fran Stoessel<\/strong>, hermano de Tini Stoessel.<\/p>\n\n\n\n<p>Est\u00e1s declaraciones las ofreci\u00f3 la ex\u00a0<em>Gran Hermano<\/em>\u00a0en su paso por el ciclo de streaming\u00a0<em>Nadie dice nada (Luzu TV)<\/em>, cuando expres\u00f3 que est\u00e1 cansada de los hombres y sus indecisiones. Animada por los conductores del programa a decir lo que pensaba, pero sin dar nombres, la bailarina solt\u00f3 ante c\u00e1mara:<strong>\u00a0\u201cBasta de vueltas. Que se comuniquen, que expresen lo que sienten. Yo no soy nada vueltera. Yo siempre dejo las cosas en claro, es lindo ser as\u00ed\u201d.<\/strong><\/p>\n\n\n\n<figure class=\"wp-block-image\"><img decoding=\"async\" src=\"https:\/\/tn.com.ar\/resizer\/u6nQwsZPWgheZzM0blAHoKgaJzQ=\/767x0\/smart\/filters:format(webp)\/thumbs.vodgc.net\/1-14-2TXjxN1696714860244-1696716458.jpg\" alt=\"Video Placeholder\"\/><\/figure>\n\n\n\n<p>Julieta Poggio confirm\u00f3 que est\u00e1 saliendo con alguien (Foto: Captura Luzu TV)<\/p>\n\n\n\n<p>Luego, Nico Occhiato le consult\u00f3 a Julieta por qu\u00e9 no tomaba ella la iniciativa. De inmediato, ella contest\u00f3&nbsp;<strong>\u201c\u00bfY vos qu\u00e9 te pens\u00e1s? Lo hice pero hay gente vueltera\u201d.&nbsp;<\/strong>Aunque despu\u00e9s admiti\u00f3 que la persona se sum\u00f3 a sus planes en m\u00e1s de una ocasi\u00f3n, sigui\u00f3 sin estar muy conforme con la situaci\u00f3n.<\/p>\n\n\n\n<p>Para la rubia, el amor es un tema muy complicado. Desde su ruptura con su exnovio Lucca Bardelli luego de su salida de la casa m\u00e1s famosa del pa\u00eds, sus m\u00faltiples compromisos profesionales le restan tiempo para embarcarse en una relaci\u00f3n.<\/p>\n\n\n\n<p>De hecho,&nbsp;<strong>Poggio<\/strong>&nbsp;<strong>debi\u00f3 renunciar a su participaci\u00f3n en el streaming de&nbsp;<\/strong><em><strong>Telefe<\/strong><\/em>,&nbsp;<em>Fuera de joda<\/em>, junto a Daniela Celis, Nacho Casta\u00f1ares y La Tora, mientras avanza con su rol protag\u00f3nico en la obra teatral&nbsp;<em>Coqueluche<\/em>, de la mano de Jos\u00e9 Mar\u00eda Muscari.<\/p>\n\n\n\n<h2 class=\"wp-block-heading\">Paula Chaves incomod\u00f3 a Julieta Poggio y a Marcos Ginocchio con una filosa pregunta: \u201cPienso que nos mienten\u201d<\/h2>\n\n\n\n<p><strong>Julieta Poggio<\/strong>\u00a0y<strong>\u00a0Fran Stoessel<\/strong>\u00a0enfrentan\u00a0<strong>rumores de romance<\/strong>\u00a0desde hace varios meses. Si bien en su momento la exparticipante de<em>\u00a0Gran Hermano\u00a0<\/em>hab\u00eda negado estas versiones, en las \u00faltimas horas<strong>\u00a0aparecieron nuevos indicios<\/strong>\u00a0que comprobar\u00edan que ambos est\u00e1n m\u00e1s cerca que nunca.<\/p>\n\n\n\n<p>La&nbsp;<em>influencer&nbsp;<\/em>Juariu fue la encargada de mostrar en sus redes sociales una foto del&nbsp;<strong>cumplea\u00f1os al que asisti\u00f3 el hermano de Tini<\/strong>. Luego de una serie de suposiciones, termin\u00f3 por demostrar que&nbsp;<strong>Julieta lo acompa\u00f1\u00f3 al evento<\/strong>&nbsp;y era quien estaba sentada con \u00e9l.<\/p>\n\n\n\n<figure class=\"wp-block-image\"><img decoding=\"async\" src=\"https:\/\/tn.com.ar\/resizer\/P42VXzCPx8FCivPl1Jk4oN0osyI=\/767x0\/smart\/filters:format(webp)\/cloudfront-us-east-1.images.arcpublishing.com\/artear\/KDRDITBNSVDADEC66NA3GCG2KY.jpg\" alt=\"La foto del cumplea\u00f1os al que Fran Stoessel asisti\u00f3 con Julieta Poggio. (Foto: Captura Instagram\/juariu)\"\/><figcaption>La foto del cumplea\u00f1os al que Fran Stoessel asisti\u00f3 con Julieta Poggio. (Foto: Captura Instagram\/juariu)<\/figcaption><\/figure>\n\n\n\n<p>\u201cFran est\u00e1 en el cumple de un amigo, muy \u00edntimo todo\u201d, dijo la actual panelista de Cort\u00e1 por Lozano (Telefe) en su perfil de Instagram, donde se encarga de rastrear a los famosos. En las capturas, Juariu mostr\u00f3 las u\u00f1as y el celular con brillitos de una de las personas invitadas que estaba sentada en la mesa, y lleg\u00f3 a la conclusi\u00f3n de que se trataba de Poggio.<\/p>\n\n\n\n<p>Adem\u00e1s, en otras de sus historias, demostr\u00f3 que Julieta ten\u00eda puesta la misma remera que hab\u00eda usado en su programa de streaming,&nbsp;<em>Fuera de Joda<\/em>. \u201c<strong>Las pruebas son contundentes<\/strong>. Ella sigue a todos los amigos de Fran, y \u00e9l a las amigas de Juli\u201d, sum\u00f3 como parte de otro dato.<\/p>\n\n\n\n<figure class=\"wp-block-image\"><img decoding=\"async\" src=\"https:\/\/tn.com.ar\/resizer\/E6o3FJbxmPxjtKiScsE5k6xsNjI=\/767x0\/smart\/filters:format(webp)\/cloudfront-us-east-1.images.arcpublishing.com\/artear\/QRZZO4ZUCJFOPAPRC22AOTC7YQ.jpg\" alt=\"Las coincidencias con el celular con brillitos y las u\u00f1as de Julieta Poggio. (Foto: Captura Instagram\/juariu)\"\/><figcaption>Las coincidencias con el celular con brillitos y las u\u00f1as de Julieta Poggio. (Foto: Captura Instagram\/juariu)<\/figcaption><\/figure>\n\n\n\n<p>El rumor de este romance entre Poggio y Stoessel hab\u00eda surgido hace dos meses. Todo empez\u00f3 cuando trascendi\u00f3 que ambos estuvieron a los besos en la fiesta Bresh. En aquel momento, la modelo\u00a0<strong>neg\u00f3 estas especulaciones y asegur\u00f3 que era un invento<\/strong>.<\/p>\n","protected":false},"excerpt":{"rendered":"<p>Para sorpresa de sus seguidores, finalmente\u00a0Julieta Poggio\u00a0confirm\u00f3 que est\u00e1 saliendo con alguien. Sin embargo, lejos de estar ilusionada al respecto, Juli se mostr\u00f3 bastante frustrada, al considerar a su conquista&hellip; <\/p>\n","protected":false},"author":12,"featured_media":93554,"comment_status":"closed","ping_status":"open","sticky":false,"template":"","format":"standard","meta":{"footnotes":""},"categories":[19],"tags":[],"class_list":["post-93547","post","type-post","status-publish","format-standard","has-post-thumbnail","hentry","category-espectaculos"],"_links":{"self":[{"href":"https:\/\/corrientesdetarde.com\/index.php\/wp-json\/wp\/v2\/posts\/93547","targetHints":{"allow":["GET"]}}],"collection":[{"href":"https:\/\/corrientesdetarde.com\/index.php\/wp-json\/wp\/v2\/posts"}],"about":[{"href":"https:\/\/corrientesdetarde.com\/index.php\/wp-json\/wp\/v2\/types\/post"}],"author":[{"embeddable":true,"href":"https:\/\/corrientesdetarde.com\/index.php\/wp-json\/wp\/v2\/users\/12"}],"replies":[{"embeddable":true,"href":"https:\/\/corrientesdetarde.com\/index.php\/wp-json\/wp\/v2\/comments?post=93547"}],"version-history":[{"count":1,"href":"https:\/\/corrientesdetarde.com\/index.php\/wp-json\/wp\/v2\/posts\/93547\/revisions"}],"predecessor-version":[{"id":93555,"href":"https:\/\/corrientesdetarde.com\/index.php\/wp-json\/wp\/v2\/posts\/93547\/revisions\/93555"}],"wp:featuredmedia":[{"embeddable":true,"href":"https:\/\/corrientesdetarde.com\/index.php\/wp-json\/wp\/v2\/media\/93554"}],"wp:attachment":[{"href":"https:\/\/corrientesdetarde.com\/index.php\/wp-json\/wp\/v2\/media?parent=93547"}],"wp:term":[{"taxonomy":"category","embeddable":true,"href":"https:\/\/corrientesdetarde.com\/index.php\/wp-json\/wp\/v2\/categories?post=93547"},{"taxonomy":"post_tag","embeddable":true,"href":"https:\/\/corrientesdetarde.com\/index.php\/wp-json\/wp\/v2\/tags?post=93547"}],"curies":[{"name":"wp","href":"https:\/\/api.w.org\/{rel}","templated":true}]}}