{"id":93548,"date":"2023-10-07T20:24:45","date_gmt":"2023-10-07T23:24:45","guid":{"rendered":"https:\/\/corrientesdetarde.com\/?p=93548"},"modified":"2023-10-07T20:24:56","modified_gmt":"2023-10-07T23:24:56","slug":"se-acelero-el-alza-en-los-precios-de-alimentos-en-la-primera-semana-de-octubre-que-productos-aumentaron-mas","status":"publish","type":"post","link":"https:\/\/corrientesdetarde.com\/index.php\/economia\/se-acelero-el-alza-en-los-precios-de-alimentos-en-la-primera-semana-de-octubre-que-productos-aumentaron-mas\/","title":{"rendered":"Se aceler\u00f3 el alza en los precios de alimentos en la primera semana de octubre: qu\u00e9 productos aumentaron m\u00e1s"},"content":{"rendered":"\n<p>Mientras se espera el dato oficial de<strong>inflaci\u00f3n<\/strong>\u00a0de\u00a0<strong>septiembre<\/strong>, que el Indec difundir\u00e1 el jueves 12, y se espera se ubique por encima de los dos d\u00edgitos, la\u00a0<strong>escalada de precios<\/strong>\u00a0no se detiene. En la<strong>\u00a0primera semana<\/strong>\u00a0de octubre, el\u00a0<strong>precio de los alimentos<\/strong>\u00a0avanz\u00f3\u00a0<strong>1,4%<\/strong>.<\/p>\n\n\n\n<p>Esto signific\u00f3 una\u00a0<strong>aceleraci\u00f3n<\/strong>\u00a0de<strong>\u00a00,9 puntos porcentuales<\/strong>\u00a0con respecto a los siete d\u00edas previos. Los datos se desprenden del relevamiento semanal de la consultora\u00a0<em>LCG<\/em>, que indic\u00f3 que la\u00a0<strong>carne<\/strong>, el\u00a0<strong>az\u00facar<\/strong>\u00a0y las<strong>\u00a0frutas\u00a0<\/strong>fueron lo que m\u00e1s aumentaron en el inicio del d\u00e9cimo mes de 2023.<\/p>\n\n\n\n<p>Con ese resultado, la&nbsp;<strong>inflaci\u00f3n en alimentos<\/strong>&nbsp;acumula un alza mensual de&nbsp;<strong>7,3%<\/strong>&nbsp;promedio en las \u00faltimas cuatro semanas, impulsada principalmente por aumentos en la&nbsp;<strong>carne<\/strong>.<\/p>\n\n\n\n<h2 class=\"wp-block-heading\">Cu\u00e1nto aumentaron los alimentos en la primera semana de octubre<\/h2>\n\n\n\n<p>Al analizar solo la&nbsp;<strong>primera semana&nbsp;<\/strong>de octubre, el<strong>&nbsp;az\u00facar<\/strong>&nbsp;fue el producto que m\u00e1s aument\u00f3 con un<strong>&nbsp;5,1%<\/strong>. El podio se complet\u00f3 con la&nbsp;<strong>carne&nbsp;<\/strong>(2,8%) y las&nbsp;<strong>frutas&nbsp;<\/strong>(2,5%).<\/p>\n\n\n\n<p>Seg\u00fan la consultora&nbsp;<em>LCG,<\/em>&nbsp;tres de las 10&nbsp;<strong>categor\u00edas<\/strong>&nbsp;analizadas se ubicaron por&nbsp;<strong>encima del promedio semanal&nbsp;<\/strong>(<strong>1,4%<\/strong>)mientras que el&nbsp;<strong>aceite<\/strong>&nbsp;y las&nbsp;<strong>bebidas<\/strong>&nbsp;se posicionaron&nbsp;<strong>por debajo<\/strong>.<\/p>\n\n\n\n<p>En tanto, el aumento semanal de la&nbsp;<strong>carne<\/strong>&nbsp;explic\u00f3 un&nbsp;<strong>61% de la variaci\u00f3n total<\/strong>&nbsp;y remarcan quesin esta categor\u00eda la variaci\u00f3n semanal ser\u00eda 0,8%.<\/p>\n\n\n\n<figure class=\"wp-block-image\"><img decoding=\"async\" src=\"https:\/\/tn.com.ar\/resizer\/ynzieblIAU3HwSJlyWzRArEhvrU=\/767x0\/smart\/filters:format(webp)\/cloudfront-us-east-1.images.arcpublishing.com\/artear\/LUI2LHYE3FHQJHEJA6PBBJGRMA.PNG\" alt=\"En la primera semana de octubre, el az\u00facar fue el producto que m\u00e1s aument\u00f3. (Foto: LCG)\"\/><figcaption>En la primera semana de octubre, el az\u00facar fue el producto que m\u00e1s aument\u00f3. (Foto: LCG)<\/figcaption><\/figure>\n\n\n\n<h2 class=\"wp-block-heading\">Cu\u00e1nto aumentaron los alimentos en el \u00faltimo mes<\/h2>\n\n\n\n<p>En las<strong>&nbsp;\u00faltimas cuatro semanas<\/strong>, de acuerdo con el relevamiento, los alimentos presentaron un&nbsp;<strong>incremento promedio de 7,3%<\/strong>. En tanto, los productos de la canasta subieron&nbsp;<strong>6,6%<\/strong>&nbsp;medido de punta a punta en el mismo per\u00edodo.<\/p>\n\n\n\n<p>Las&nbsp;<strong>categor\u00edas que m\u00e1s aporta a la inflaci\u00f3n mensual&nbsp;<\/strong>son los&nbsp;<strong>panificados&nbsp;<\/strong>y la<strong>&nbsp;carne<\/strong>&nbsp;que explican el&nbsp;<strong>45%<\/strong>,lo que refleja una aceleraci\u00f3n de&nbsp;<strong>3,3 puntos porcentuales<\/strong>.<\/p>\n\n\n\n<figure class=\"wp-block-image\"><img decoding=\"async\" src=\"https:\/\/tn.com.ar\/resizer\/wWr6Pptln-Aw9py7HhgjEpOfbmo=\/767x0\/smart\/filters:format(webp)\/cloudfront-us-east-1.images.arcpublishing.com\/artear\/TW6OJYYDNFCFBDJ3AKZNJ534BU.jpg\" alt=\"En las \u00faltimas cuatro semanas, de acuerdo con el relevamiento, los alimentos presentaron un incremento promedio de 7,3% (Foto NA\/ DAMIAN DOPACIO)\"\/><figcaption>En las \u00faltimas cuatro semanas, de acuerdo con el relevamiento, los alimentos presentaron un incremento promedio de 7,3% (Foto NA\/ DAMIAN DOPACIO)<\/figcaption><\/figure>\n\n\n\n<p>A lo largo de las \u00faltimas cuatro semanas,<strong>\u00a0cinco\u00a0<\/strong>de las 10\u00a0<strong>categor\u00edas<\/strong>\u00a0relevadas mostraron<strong>\u00a0subas superiores<\/strong>\u00a0al\u00a0<strong>7,3%<\/strong>, que fue el aumento promedio de los alimentos en ese per\u00edodo y las dem\u00e1s se ubicaron por encima del\u00a0<strong>4%<\/strong>.<\/p>\n\n\n\n<p>Seg\u00fan&nbsp;<em>LCG<\/em>, las variaciones mensuales de precios fueron las siguientes:<\/p>\n\n\n\n<ul class=\"wp-block-list\"><li><strong>Verduras<\/strong>:<strong>&nbsp;9,8%<\/strong>;<\/li><li><strong>Pan, cereales y pastas<\/strong>:&nbsp;<strong>9,4%<\/strong>;<\/li><li><strong>Condimentos y otros productos alimenticios: 8,5%<\/strong>;<\/li><li><strong>Frutas<\/strong>:<strong>&nbsp;8,5%;<\/strong><\/li><li><strong>Az\u00facar: 8,4%;<\/strong><\/li><li>Bebidas e infusiones: 6,9%;<\/li><li>L\u00e1cteos y huevos: 6,7%;<\/li><li>Comidas listar para llevar: 6,4%;<\/li><li>Carnes: 6,2%;<\/li><li>Aceites: 4,4%;<\/li><\/ul>\n\n\n\n<p>El porcentaje de productos con&nbsp;<strong>aumentos semanales&nbsp;<\/strong>alcanz\u00f3 el<strong>&nbsp;19%<\/strong>,&nbsp;<strong>11 puntos porcentuales por debajo<\/strong>&nbsp;del promedio de las \u00faltimas cuatro semanas.<\/p>\n\n\n\n<h2 class=\"wp-block-heading\">Cu\u00e1ndo se conoce el dato oficial de inflaci\u00f3n de septiembre<\/h2>\n\n\n\n<p>El\u00a0<strong>INDEC<\/strong>\u00a0publicar\u00e1 el \u00edndice de precios al consumidor de septiembre el\u00a0<strong>jueves 12 de octubre<\/strong>, diez d\u00edas antes de las elecciones generales. De acuerdo a los sondeos de las consultoras, el dato oficial\u00a0<strong>ser\u00eda mayor al 10%<\/strong>. En la Ciudad de Buenos Aires, la inflaci\u00f3n fue del\u00a0<strong>12%<\/strong>.<\/p>\n\n\n\n<p>Seg\u00fan las\u00a0proyecciones del Ministerio de Econom\u00eda, la aceleraci\u00f3n de precios fue del\u00a0<strong>7,4%<\/strong>\u00a0en el noveno mes del a\u00f1o.<\/p>\n","protected":false},"excerpt":{"rendered":"<p>Mientras se espera el dato oficial deinflaci\u00f3n\u00a0de\u00a0septiembre, que el Indec difundir\u00e1 el jueves 12, y se espera se ubique por encima de los dos d\u00edgitos, la\u00a0escalada de precios\u00a0no se detiene.&hellip; <\/p>\n","protected":false},"author":12,"featured_media":93556,"comment_status":"closed","ping_status":"open","sticky":false,"template":"","format":"standard","meta":{"footnotes":""},"categories":[20],"tags":[],"class_list":["post-93548","post","type-post","status-publish","format-standard","has-post-thumbnail","hentry","category-economia"],"_links":{"self":[{"href":"https:\/\/corrientesdetarde.com\/index.php\/wp-json\/wp\/v2\/posts\/93548","targetHints":{"allow":["GET"]}}],"collection":[{"href":"https:\/\/corrientesdetarde.com\/index.php\/wp-json\/wp\/v2\/posts"}],"about":[{"href":"https:\/\/corrientesdetarde.com\/index.php\/wp-json\/wp\/v2\/types\/post"}],"author":[{"embeddable":true,"href":"https:\/\/corrientesdetarde.com\/index.php\/wp-json\/wp\/v2\/users\/12"}],"replies":[{"embeddable":true,"href":"https:\/\/corrientesdetarde.com\/index.php\/wp-json\/wp\/v2\/comments?post=93548"}],"version-history":[{"count":1,"href":"https:\/\/corrientesdetarde.com\/index.php\/wp-json\/wp\/v2\/posts\/93548\/revisions"}],"predecessor-version":[{"id":93557,"href":"https:\/\/corrientesdetarde.com\/index.php\/wp-json\/wp\/v2\/posts\/93548\/revisions\/93557"}],"wp:featuredmedia":[{"embeddable":true,"href":"https:\/\/corrientesdetarde.com\/index.php\/wp-json\/wp\/v2\/media\/93556"}],"wp:attachment":[{"href":"https:\/\/corrientesdetarde.com\/index.php\/wp-json\/wp\/v2\/media?parent=93548"}],"wp:term":[{"taxonomy":"category","embeddable":true,"href":"https:\/\/corrientesdetarde.com\/index.php\/wp-json\/wp\/v2\/categories?post=93548"},{"taxonomy":"post_tag","embeddable":true,"href":"https:\/\/corrientesdetarde.com\/index.php\/wp-json\/wp\/v2\/tags?post=93548"}],"curies":[{"name":"wp","href":"https:\/\/api.w.org\/{rel}","templated":true}]}}