{"id":93550,"date":"2023-10-07T20:58:12","date_gmt":"2023-10-07T23:58:12","guid":{"rendered":"https:\/\/corrientesdetarde.com\/?p=93550"},"modified":"2023-10-07T20:58:16","modified_gmt":"2023-10-07T23:58:16","slug":"el-problema-de-salud-de-mirtha-legrand-que-puso-en-duda-su-regreso-este-sabado-se-podria-haber-suspendido","status":"publish","type":"post","link":"https:\/\/corrientesdetarde.com\/index.php\/espectaculos\/el-problema-de-salud-de-mirtha-legrand-que-puso-en-duda-su-regreso-este-sabado-se-podria-haber-suspendido\/","title":{"rendered":"El problema de salud de Mirtha Legrand que puso en duda su regreso este s\u00e1bado: \u201cSe podr\u00eda haber suspendido\u201d"},"content":{"rendered":"\n<p>Este viernes&nbsp;<strong>se grab\u00f3 el primer programa de 2023 de&nbsp;<\/strong><em><strong>La noche de Mirtha Legrand<\/strong><\/em>, que se emitir\u00e1 hoy, a las 21:30, por la pantalla de<em>&nbsp;eltrece<\/em>.<\/p>\n\n\n\n<p>Pese a que sali\u00f3 todo bien, la grabaci\u00f3n del arranque del ciclo estuvo en duda hasta \u00faltimo momento ya que la conductora se estaba&nbsp;<strong>recuperando de una bronquitis que afect\u00f3 su voz<\/strong>.<\/p>\n\n\n\n<p><strong>Le\u00e9 tambi\u00e9n:\u00a0Vuelve Mirtha Legrand: los secretos de \u201cLa Chiqui\u201d contados por una de las personas que m\u00e1s la conoce<\/strong><\/p>\n\n\n\n<p>A la salida del estudio ubicado en Mart\u00ednez, la diva se dispuso a hablar con la prensa y se refiri\u00f3 al cuadro que la aquej\u00f3 durante los \u00faltimos d\u00edas.&nbsp;<strong>\u201cSe podr\u00eda haber suspendido la grabaci\u00f3n, pero yo ped\u00ed que se hiciera<\/strong>\u201d, reconoci\u00f3 \u201cLa Chiqui\u201d.<\/p>\n\n\n\n<figure class=\"wp-block-image\"><img decoding=\"async\" src=\"https:\/\/tn.com.ar\/resizer\/WgkUtZU2ud9uh00vFcTxhFjjwls=\/767x0\/smart\/filters:format(webp)\/thumbs.vodgc.net\/1-14-O1BtAf1696710506321-1696712707.jpg\" alt=\"Video Placeholder\"\/><\/figure>\n\n\n\n<p>Mirtha Legrand rompi\u00f3 el silencio sobre su estado de salud (Foto: Instagram\/lamezazarg)<\/p>\n\n\n\n<p>Sobre su afecci\u00f3n, coment\u00f3: \u201c<strong>Estaba disf\u00f3nica<\/strong>\u201d. Consultada por el tratamiento que est\u00e1 haciendo para mejorarse, dijo: \u201c<strong>Estoy tomando antibi\u00f3ticos<\/strong>\u201d, y aclar\u00f3 que fue por recomendaci\u00f3n de su m\u00e9dico.<\/p>\n\n\n\n<p>Antes de retirarse, le dej\u00f3 un mensaje a sus fan\u00e1ticos: \u201c<strong>Los amo, los adoro, y que sigamos juntos por muchos a\u00f1os m\u00e1s<\/strong>\u201d.<\/p>\n\n\n\n<h2 class=\"wp-block-heading\">Los pr\u00f3ximos invitados al programa de Mirtha Legrand<\/h2>\n\n\n\n<p>Los periodistas apostados en la salida del estudio le preguntaron a la diva acerca de qui\u00e9nes ser\u00e1n los pr\u00f3ximos invitados al programa. Con seguridad, la hist\u00f3rica presentadora asever\u00f3: \u201cVienen todos.&nbsp;<strong>Ahora viene Patricia (Bullrich). Despu\u00e9s viene (Sergio) Massa<\/strong>\u201d.<\/p>\n\n\n\n<p>El calendario cierra a la perfecci\u00f3n ya que los tres candidatos a presidentes pasaran por el programa justo antes de las elecciones generales, que&nbsp;<strong>se llevar\u00e1n a cabo el pr\u00f3ximo 22 de octubre<\/strong>.<\/p>\n\n\n\n<h2 class=\"wp-block-heading\">La vuelta de Mirtha Legrand a la tev\u00e9: las fotos del regreso<\/h2>\n\n\n\n<p>Este s\u00e1bado, a las 21:30 horas, regresa a la pantalla de\u00a0<em>El Trece<\/em>\u00a0La Noche de\u00a0<strong>Mirtha Legrand<\/strong>, lo que significar\u00e1 la vuelta de la diva a la televisi\u00f3n. El programa<strong>\u00a0se est\u00e1 grabando en este momento en un estudio de Mart\u00ednez<\/strong>\u00a0y los fot\u00f3grafos captaron la llegada de La Chiqui y algunos de sus invitados.<\/p>\n\n\n\n<p>Mirtha lleg\u00f3 al lugar en un auto que la traslad\u00f3 desde su casa y no habl\u00f3 con la prensa en su ingreso. La conductora estuvo acompa\u00f1ada por su hija,&nbsp;<strong>Marcela Tinayre<\/strong>; su \u00edntimo amigo, el dise\u00f1ador&nbsp;<strong>Claudio Cosano<\/strong>, y luego llegaron<strong>&nbsp;Jimena Monteverde<\/strong>, cocinera del ciclo, Pablo Codevilla, y uno de los invitados,&nbsp;<strong>Javier Milei<\/strong>, candidato a presidente por La Libertad Avanza.<\/p>\n\n\n\n<figure class=\"wp-block-image\"><img decoding=\"async\" src=\"https:\/\/tn.com.ar\/resizer\/D52POevunD4ILMBKw-vpRY8f4No=\/767x0\/smart\/filters:format(webp)\/cloudfront-us-east-1.images.arcpublishing.com\/artear\/Z5MSBYDMJREV3PEIY6ALUKYNKE.jpg\" alt=\"Mirtha Legrand lleg\u00f3 a grabar su primer programa de 2023 (Foto: Movilpress)\"\/><figcaption>Mirtha Legrand lleg\u00f3 a grabar su primer programa de 2023 (Foto: Movilpress)<\/figcaption><\/figure>\n\n\n\n<p>Al aire de&nbsp;<em>Telenoche (eltrece)<\/em>, Mariana Mactas dio detalles de la previa a la grabaci\u00f3n del primer programa: \u201c<strong>La primera en llegar fue F\u00e1tima Florez<\/strong>. Lleg\u00f3 temprano, se prepar\u00f3 ac\u00e1. Vino acompa\u00f1ada de su maquilladora, su peinador, su padre confesor, dos vestidos: uno negro y uno blanco\u201d.<\/p>\n\n\n\n<p>Sobre la llegada de la diva al lugar, la periodista coment\u00f3: \u201cMirtha lleg\u00f3 una hora antes de la hora prevista de la grabaci\u00f3n, a eso de las 19:30.&nbsp;<strong>La recibieron con un aplauso tremendo toda la gente que estaba ac\u00e1<\/strong>\u201d.<\/p>\n\n\n\n<figure class=\"wp-block-image\"><img decoding=\"async\" src=\"https:\/\/tn.com.ar\/resizer\/VGmH-1Ib6SZ1nW2D1oaMGAW20ws=\/767x0\/smart\/filters:format(webp)\/cloudfront-us-east-1.images.arcpublishing.com\/artear\/EJWK4GYNNZDBHNSLLWGLM2LWNQ.jpg\" alt=\"Javier Milei y F\u00e1tima Florez cumplieron su palabra y comieron con Mirtha Legrand en su regreso a la TV. (Foto: Movilpress)\"\/><figcaption>Javier Milei y F\u00e1tima Florez cumplieron su palabra y comieron con Mirtha Legrand en su regreso a la TV. (Foto: Movilpress)<\/figcaption><\/figure>\n\n\n\n<p>\u201cJavier Milei acaba de llegar, muy sobre la hora en la que ten\u00eda que grabarse este programa, en el que vimos la mesa puesta,\u00a0<strong>hay flores por todos lados<\/strong>, un ambiente muy primaveral para estas tres personas\u201d, sigui\u00f3 explicando Mactas.<\/p>\n\n\n\n<p>5<\/p>\n","protected":false},"excerpt":{"rendered":"<p>Este viernes&nbsp;se grab\u00f3 el primer programa de 2023 de&nbsp;La noche de Mirtha Legrand, que se emitir\u00e1 hoy, a las 21:30, por la pantalla de&nbsp;eltrece. Pese a que sali\u00f3 todo bien,&hellip; <\/p>\n","protected":false},"author":12,"featured_media":93560,"comment_status":"closed","ping_status":"open","sticky":false,"template":"","format":"standard","meta":{"footnotes":""},"categories":[19],"tags":[],"class_list":["post-93550","post","type-post","status-publish","format-standard","has-post-thumbnail","hentry","category-espectaculos"],"_links":{"self":[{"href":"https:\/\/corrientesdetarde.com\/index.php\/wp-json\/wp\/v2\/posts\/93550","targetHints":{"allow":["GET"]}}],"collection":[{"href":"https:\/\/corrientesdetarde.com\/index.php\/wp-json\/wp\/v2\/posts"}],"about":[{"href":"https:\/\/corrientesdetarde.com\/index.php\/wp-json\/wp\/v2\/types\/post"}],"author":[{"embeddable":true,"href":"https:\/\/corrientesdetarde.com\/index.php\/wp-json\/wp\/v2\/users\/12"}],"replies":[{"embeddable":true,"href":"https:\/\/corrientesdetarde.com\/index.php\/wp-json\/wp\/v2\/comments?post=93550"}],"version-history":[{"count":1,"href":"https:\/\/corrientesdetarde.com\/index.php\/wp-json\/wp\/v2\/posts\/93550\/revisions"}],"predecessor-version":[{"id":93561,"href":"https:\/\/corrientesdetarde.com\/index.php\/wp-json\/wp\/v2\/posts\/93550\/revisions\/93561"}],"wp:featuredmedia":[{"embeddable":true,"href":"https:\/\/corrientesdetarde.com\/index.php\/wp-json\/wp\/v2\/media\/93560"}],"wp:attachment":[{"href":"https:\/\/corrientesdetarde.com\/index.php\/wp-json\/wp\/v2\/media?parent=93550"}],"wp:term":[{"taxonomy":"category","embeddable":true,"href":"https:\/\/corrientesdetarde.com\/index.php\/wp-json\/wp\/v2\/categories?post=93550"},{"taxonomy":"post_tag","embeddable":true,"href":"https:\/\/corrientesdetarde.com\/index.php\/wp-json\/wp\/v2\/tags?post=93550"}],"curies":[{"name":"wp","href":"https:\/\/api.w.org\/{rel}","templated":true}]}}