{"id":93562,"date":"2023-10-07T21:00:11","date_gmt":"2023-10-08T00:00:11","guid":{"rendered":"https:\/\/corrientesdetarde.com\/?p=93562"},"modified":"2023-10-07T21:00:17","modified_gmt":"2023-10-08T00:00:17","slug":"el-polaco-festejo-el-pase-de-boca-a-la-final-de-la-libertadores-pero-un-detalle-en-su-ropa-llamo-la-atencion","status":"publish","type":"post","link":"https:\/\/corrientesdetarde.com\/index.php\/espectaculos\/el-polaco-festejo-el-pase-de-boca-a-la-final-de-la-libertadores-pero-un-detalle-en-su-ropa-llamo-la-atencion\/","title":{"rendered":"El Polaco festej\u00f3 el pase de Boca a la final de la Libertadores, pero un detalle en su ropa llam\u00f3 la atenci\u00f3n"},"content":{"rendered":"\n<p>El jueves,<strong>\u00a0Boca Juniors clasific\u00f3 a la final de la Copa Libertadores 2023<\/strong>\u00a0tras vencer al equipo brasile\u00f1o Palmeiras por 4-2 en los penales, despu\u00e9s de que el partido terminara igualado 1-1 en los 90 minutos.<\/p>\n\n\n\n<p>Miles de argentinos estuvieron pendientes de ese duelo y uno de ellos fue\u00a0<strong>El Polaco, que festej\u00f3 de manera desaforada<\/strong>\u00a0despu\u00e9s de ver la actuaci\u00f3n de Sergio \u201cEl Chiquito\u201d Romero en la definici\u00f3n desde el punto de penal.<\/p>\n\n\n\n<p>La celebraci\u00f3n del cantante fue captada por uno de sus familiares y&nbsp;<strong>se viraliz\u00f3 en las redes sociales por un ins\u00f3lito detalle<\/strong>.<\/p>\n\n\n\n<figure class=\"wp-block-image\"><img decoding=\"async\" src=\"https:\/\/tn.com.ar\/resizer\/5r77guMiNEKa9vOJ5JbGkc30veY=\/767x0\/smart\/filters:format(webp)\/thumbs.vodgc.net\/1-14-vcG8aY1696720218984-1696720381.jpg\" alt=\"Video Placeholder\"\/><\/figure>\n\n\n\n<p>El festejo de El Polaco por la clasificaci\u00f3n de Boca a la final de la Libertadores (Foto: Instagram\/elpolaco)<\/p>\n\n\n\n<p>\u201c<strong>\u00a1Mir\u00e1, mir\u00e1, mir\u00e1, mir\u00e1&#8230; ataj\u00f3! \u00a1Dale! \u00a1Qu\u00e9 grande Chiquito, bolu&#8230;!<\/strong>\u201d, se lo escucha festejar al autor de \u201cDeja de llorar\u201d. Sin embargo, lo que llam\u00f3 la atenci\u00f3n es que celebr\u00f3 la actuaci\u00f3n del arquero de Boca, pero&nbsp;<strong>ten\u00eda puesta una musculosa de Estudiantes de La Plata y tatuado en su pierna derecha el escudo del Club Atl\u00e9tico Temperley<\/strong>.<\/p>\n\n\n\n<p>\u201cTiene puesta ropa de Estudiantes, mientras grita un gol de Boca y encima tiene tatuado el escudo de Temperley. Jajajaja\u201d, escribi\u00f3 un usuario de las redes. \u201cQu\u00e9 tipazo El Polaco. Como lo banco, por Dios\u201d, \u201cQu\u00e9 personaje\u201d, \u201c<strong>Es de todos los equipos el loco. El tipo disfruta el&nbsp;<\/strong><em><strong>\u2018fuchibol\u2019<\/strong><\/em>\u201d, fueron algunos de los comentarios de los internautas en las redes.<\/p>\n\n\n\n<p>Otros incluso recordaron la oportunidad en la que El Polaco&nbsp;<strong>visti\u00f3 la camiseta de Racing<\/strong>&nbsp;durante su juventud.<\/p>\n\n\n\n<figure class=\"wp-block-image\"><img decoding=\"async\" src=\"https:\/\/tn.com.ar\/resizer\/q9BOUtu10n2IJIABBG8VxatmiZI=\/767x0\/smart\/filters:format(webp)\/cloudfront-us-east-1.images.arcpublishing.com\/artear\/HXSS4MH5JZHOZALJMZSJ34NWWY.jpg\" alt=\"El Polaco con la camiseta de Racing (Foto: captura Twitter\/@rodrigooo222)\"\/><figcaption>El Polaco con la camiseta de Racing (Foto: captura Twitter\/@rodrigooo222)<\/figcaption><\/figure>\n\n\n\n<h2 class=\"wp-block-heading\">Aseguran que Thiago Almada intent\u00f3 conquistar a Barby Silenzi durante su crisis con El Polaco<\/h2>\n\n\n\n<p>Mientras que\u00a0<strong>Barby Silenzi<\/strong>\u00a0y\u00a0<strong>El Polaco<\/strong>\u00a0enfrentan serios rumores sobre una separaci\u00f3n definitiva, se cree que esta noticia habr\u00eda<strong>\u00a0despertado la atenci\u00f3n de un futbolista<\/strong>, interesado en captar la atenci\u00f3n de la bailarina. La periodista Juariu se pronunci\u00f3 sobre esto\u00a0<strong>al detectar una llamativa serie de \u201cMe gusta\u201d en las publicaciones de Barby en redes.<\/strong><\/p>\n\n\n\n<p><strong>\u201cEste jugador la empez\u00f3 a seguir. Y no para de likear el vago\u201d,<\/strong>&nbsp;coment\u00f3 la streamer con respecto a los sospechosos movimientos del deportista en el perfil de Silenzi. Luego, afirm\u00f3 que se trata del campe\u00f3n del mundo<strong>&nbsp;Thiago Almada<\/strong>, quien fue vinculado anteriormente con La Joaqui.<\/p>\n\n\n\n<figure class=\"wp-block-image\"><img decoding=\"async\" src=\"https:\/\/tn.com.ar\/resizer\/baUFrNrlPBXdYeWNbOZExwIPzoM=\/767x0\/smart\/filters:format(webp)\/cloudfront-us-east-1.images.arcpublishing.com\/artear\/7OCHMBGY6BFJTHAHXSD5NQTXKY.jpg\" alt=\"Barby Silenzi fue relacionada con Thiago Almada (Foto: captura Instagram\/juariu)\"\/><figcaption>Barby Silenzi fue relacionada con Thiago Almada (Foto: captura Instagram\/juariu)<\/figcaption><\/figure>\n\n\n\n<p>Otro punto de inter\u00e9s en esta historia, es que si bien el centrocampista demostr\u00f3 inter\u00e9s en la actividad de Barby en Instagram,&nbsp;<strong>no sigue a su pareja, El Polaco<\/strong>.<\/p>\n\n\n\n<p>En tanto, queda ver c\u00f3mo sigue la relaci\u00f3n, que<strong>&nbsp;a juicio de las historias que Barby public\u00f3 recientemente, supone un nuevo quiebre entre ambos<\/strong>. Por lo pronto, el cantante de cumbia regres\u00f3 al pa\u00eds luego de varias semanas en Europa junto a su primera hija, Sol. Este ser\u00eda el motivo que habr\u00eda originado la fuerte pelea que mantiene distanciada a la pareja.<\/p>\n","protected":false},"excerpt":{"rendered":"<p>El jueves,\u00a0Boca Juniors clasific\u00f3 a la final de la Copa Libertadores 2023\u00a0tras vencer al equipo brasile\u00f1o Palmeiras por 4-2 en los penales, despu\u00e9s de que el partido terminara igualado 1-1&hellip; <\/p>\n","protected":false},"author":12,"featured_media":93564,"comment_status":"closed","ping_status":"open","sticky":false,"template":"","format":"standard","meta":{"footnotes":""},"categories":[19],"tags":[],"class_list":["post-93562","post","type-post","status-publish","format-standard","has-post-thumbnail","hentry","category-espectaculos"],"_links":{"self":[{"href":"https:\/\/corrientesdetarde.com\/index.php\/wp-json\/wp\/v2\/posts\/93562","targetHints":{"allow":["GET"]}}],"collection":[{"href":"https:\/\/corrientesdetarde.com\/index.php\/wp-json\/wp\/v2\/posts"}],"about":[{"href":"https:\/\/corrientesdetarde.com\/index.php\/wp-json\/wp\/v2\/types\/post"}],"author":[{"embeddable":true,"href":"https:\/\/corrientesdetarde.com\/index.php\/wp-json\/wp\/v2\/users\/12"}],"replies":[{"embeddable":true,"href":"https:\/\/corrientesdetarde.com\/index.php\/wp-json\/wp\/v2\/comments?post=93562"}],"version-history":[{"count":1,"href":"https:\/\/corrientesdetarde.com\/index.php\/wp-json\/wp\/v2\/posts\/93562\/revisions"}],"predecessor-version":[{"id":93565,"href":"https:\/\/corrientesdetarde.com\/index.php\/wp-json\/wp\/v2\/posts\/93562\/revisions\/93565"}],"wp:featuredmedia":[{"embeddable":true,"href":"https:\/\/corrientesdetarde.com\/index.php\/wp-json\/wp\/v2\/media\/93564"}],"wp:attachment":[{"href":"https:\/\/corrientesdetarde.com\/index.php\/wp-json\/wp\/v2\/media?parent=93562"}],"wp:term":[{"taxonomy":"category","embeddable":true,"href":"https:\/\/corrientesdetarde.com\/index.php\/wp-json\/wp\/v2\/categories?post=93562"},{"taxonomy":"post_tag","embeddable":true,"href":"https:\/\/corrientesdetarde.com\/index.php\/wp-json\/wp\/v2\/tags?post=93562"}],"curies":[{"name":"wp","href":"https:\/\/api.w.org\/{rel}","templated":true}]}}