{"id":93607,"date":"2023-10-08T11:55:44","date_gmt":"2023-10-08T14:55:44","guid":{"rendered":"https:\/\/corrientesdetarde.com\/?p=93607"},"modified":"2023-10-08T11:55:56","modified_gmt":"2023-10-08T14:55:56","slug":"repercusiones-en-todo-el-mundo-por-el-ataque-de-hamas-a-israel","status":"publish","type":"post","link":"https:\/\/corrientesdetarde.com\/index.php\/internacionales\/repercusiones-en-todo-el-mundo-por-el-ataque-de-hamas-a-israel\/","title":{"rendered":"Repercusiones en todo el mundo por el ataque de Ham\u00e1s a Israel"},"content":{"rendered":"\n<p>Los pa\u00edses occidentales condenaron la matanza de unas 200 personas y las naciones \u00e1rabes culpan al estado hebreo.<\/p>\n\n\n\n<p>El grupo islamista palestino Ham\u00e1s lanz\u00f3 hoy el mayor ataque contra Israel en a\u00f1os, matando a unas 200 personas e hiriendo a cientos en un asalto sorpresa que combin\u00f3 hombres armados que cruzaron al territorio del Estado jud\u00edo con una andanada de cohetes disparados desde Gaza.<br>A continuaci\u00f3n, las reacciones a nivel mundial, compiladas por la agencia de noticias brit\u00e1nica Reuters:<br>.<br><strong>PORTAVOZ DE SEGURIDAD NACIONAL DE LA CASA BLANCA:<\/strong><\/p>\n\n\n\n<p>Estados Unidos &#8220;condena inequ\u00edvocamente&#8221; los ataques de Ham\u00e1s y&nbsp;se solidariza con el gobierno y el pueblo de Israel, inform\u00f3 el s\u00e1bado la cadena CNN, citando una declaraci\u00f3n del portavoz.<br>.<br><strong>LLOYD AUSTIN, SECRETARIO DE DEFENSA DE ESTADOS UNIDOS:<\/strong><br>&#8220;En los pr\u00f3ximos d\u00edas, el Departamento de Defensa trabajar\u00e1&nbsp;para garantizar que Israel tenga lo que necesite para defenderse yproteger a los civiles de la violencia indiscriminada y el terrorismo&#8221;, dijo Austin en un comunicado.<br><strong>.<\/strong><br><strong>TOR WENNESLAND, ENVIADO DE LA ONU PARA LA PAZ EN MEDIO ORIENTE:<\/strong><br>&#8220;Se trata de un precipicio peligroso, y hago un llamamiento a todos para que nos alejemos del borde&#8221;.<\/p>\n\n\n\n<p><strong>CANCILLER ALEM\u00c1N OLAF SCHOLZ:<\/strong><br>&#8220;Noticias aterradoras nos llegan hoy desde #Israel. Estamos profundamente conmocionados por el lanzamiento de cohetes desde Gaza y la escalada de violencia. Alemania condena estos ataques de Ham\u00e1s y est\u00e1 al lado de Israel&#8221;, dijo Scholz en las redes sociales.<br>.<br><strong>PRESIDENTE FRANC\u00c9S EMMANUEL MACRON:<\/strong><br>Conden\u00f3 en\u00e9rgicamente los ataques. &#8220;Expreso toda mi solidaridad con las v\u00edctimas, as\u00ed como con sus familias y sus allegados&#8221;, escribi\u00f3 en la plataforma de redes sociales X, antes conocida como Twitter.<br><strong>.<\/strong><br><strong>PRESIDENTE PALESTINO MAHMOUD ABBAS:<\/strong><br>El pueblo palestino tiene derecho a defenderse del &#8220;terror de los colonos y las tropas de ocupaci\u00f3n&#8221;, cit\u00f3 la agencia oficial de noticias WAFA a Abbas.<br>.<br><strong>ARABIA SAUDITA:<\/strong><br>El Ministerio de Asuntos Exteriores pidi\u00f3 el &#8220;cese inmediato de la violencia&#8221;, inform\u00f3 la agencia estatal de noticias. &#8220;Estamos siguiendo los&nbsp; acontecimientos sin precedentes entre varias facciones palestinas y las fuerzas de ocupaci\u00f3n israel\u00edes, que han provocado un alto nivel de violencia en varios frentes&#8221;.<br>.<br><strong>MINISTERIO EGIPCIO DE ASUNTOS EXTERIORES:<\/strong><br>Egipto advirti\u00f3 de las &#8220;graves consecuencias&#8221; de la escalada, en un comunicado del Ministerio de Asuntos Exteriores recogido por la agencia estatal de&nbsp; noticias. Pidi\u00f3 &#8220;ejercer la m\u00e1xima moderaci\u00f3n y evitar exponer a los civiles a m\u00e1s peligros&#8221;.<br>.<br><strong>MINISTRO BRIT\u00c1NICO DE ASUNTOS EXTERIORES JAMES CLEVERL<\/strong>Y:<br>&#8220;El Reino Unido condena inequ\u00edvocamente los horribles ataques de Ham\u00e1s contra civiles israel\u00edes. El Reino Unido siempre apoyar\u00e1 el derecho de Israel a defenderse&#8221;, dijo Cleverly en un mensaje en las redes sociales.<br>.<br><strong>URSULA VON DER LEYEN, PRESIDENTA DE LA COMISI\u00d3N EUROPEA:<\/strong><br>&#8220;Condeno inequ\u00edvocamente el ataque perpetrado por los terroristas de Ham\u00e1s contra Israel. Es terrorismo en su forma m\u00e1s despreciable. Israel tiene derecho a defenderse de ataques tan atroces&#8221;, public\u00f3 en X.<br><strong>.<\/strong><br><strong>JOSEP BORRELL, JEFE DE LA POL\u00cdTICA EXTERIOR DE LA UNI\u00d3N EUROPEA:<\/strong><br>&#8220;Seguimos con angustia las noticias procedentes de #Israel. Condenamos inequ\u00edvocamente los ataques de Ham\u00e1s. Esta horrible violencia debe cesar inmediatamente. El terrorismo y la violencia no solucionan nada&#8221;, public\u00f3 Borrell en X.<br>.<br><strong>ALTO COMISIONADO DE LAS NACIONES UNIDAS PARA LOS DERECHOS HUMANOS:<\/strong><br>&#8220;Este ataque est\u00e1 teniendo un impacto horrible en los civiles israel\u00edes&#8221;, dijo Volker Tuerk en un comunicado. &#8220;Los civiles nunca deben ser el objetivo de un ataque&#8221;. Hizo un llamamiento a Israel para que evite v\u00edctimas civiles en su respuesta.<br>.<br><strong>PRESIDENTE TURCO TAYYIP ERDOGAN<\/strong>:<br>&#8220;Pedimos contenci\u00f3n a todas las partes&#8221;, dijo Erdogan en un congreso de su partido gobernante AK en Ankara.<br>.<br><strong>QATAR:<\/strong><br>El Ministerio de Asuntos Exteriores afirm\u00f3 que Israel es el \u00fanico responsable de la actual escalada de violencia con el pueblo palestino. Hizo un llamamiento a ambas partes para que act\u00faen con la m\u00e1xima moderaci\u00f3n.<br>.<br>VICEMINISTRO DE ASUNTOS EXTERIORES RUSO MIKHAIL BOGDANOV:<br>Rusia est\u00e1 en contacto con Israel, los palestinos y los pa\u00edses \u00e1rabes en relaci\u00f3n con la escalada del conflicto palestino-israel\u00ed, inform\u00f3 la agencia de&nbsp; noticias Interfax, citando al viceministro de Asuntos Exteriores, Mijail Bogd\u00e1nov. &#8220;Huelga decir que siempre hacemos un llamamiento a la<br>moderaci\u00f3n&#8221;, declar\u00f3.<br>.<br><strong>PRESIDENTE UCRANIANO VOLODIMIR ZELENSKI:<\/strong><br>Conden\u00f3 lo que calific\u00f3 de &#8220;ataque terrorista&#8221; contra Israel. En declaraciones a trav\u00e9s de la aplicaci\u00f3n de mensajer\u00eda Telegram, afirm\u00f3 que el derecho de Israel a defenderse &#8220;no puede ponerse en duda&#8221;.<br><strong>.<\/strong><br><strong>HEZBOL\u00c1:<\/strong><br>El grupo liban\u00e9s Hezbol\u00e1, apoyado por Ir\u00e1n y enemigo ac\u00e9rrimo de Israel, afirm\u00f3 estar en &#8220;contacto directo con los l\u00edderes de la resistencia palestina&#8221;.<br>Describi\u00f3 los acontecimientos como una &#8220;respuesta decisiva a la continua ocupaci\u00f3n israel\u00ed y un mensaje a quienes buscan la normalizaci\u00f3n con Israel&#8221;.<br>.<br><strong>EMIRATOS \u00c1RABES UNIDO<\/strong>S:<br>&#8220;Los EAU piden la m\u00e1xima contenci\u00f3n y un alto el fuego inmediato para evitar graves repercusiones&#8221;, cit\u00f3 la agencia oficial de noticias al Ministerio de Asuntos Exteriores.<\/p>\n","protected":false},"excerpt":{"rendered":"<p>Los pa\u00edses occidentales condenaron la matanza de unas 200 personas y las naciones \u00e1rabes culpan al estado hebreo. El grupo islamista palestino Ham\u00e1s lanz\u00f3 hoy el mayor ataque contra Israel&hellip; <\/p>\n","protected":false},"author":4,"featured_media":93663,"comment_status":"closed","ping_status":"open","sticky":false,"template":"","format":"standard","meta":{"footnotes":""},"categories":[11],"tags":[],"class_list":["post-93607","post","type-post","status-publish","format-standard","has-post-thumbnail","hentry","category-internacionales"],"_links":{"self":[{"href":"https:\/\/corrientesdetarde.com\/index.php\/wp-json\/wp\/v2\/posts\/93607","targetHints":{"allow":["GET"]}}],"collection":[{"href":"https:\/\/corrientesdetarde.com\/index.php\/wp-json\/wp\/v2\/posts"}],"about":[{"href":"https:\/\/corrientesdetarde.com\/index.php\/wp-json\/wp\/v2\/types\/post"}],"author":[{"embeddable":true,"href":"https:\/\/corrientesdetarde.com\/index.php\/wp-json\/wp\/v2\/users\/4"}],"replies":[{"embeddable":true,"href":"https:\/\/corrientesdetarde.com\/index.php\/wp-json\/wp\/v2\/comments?post=93607"}],"version-history":[{"count":1,"href":"https:\/\/corrientesdetarde.com\/index.php\/wp-json\/wp\/v2\/posts\/93607\/revisions"}],"predecessor-version":[{"id":93664,"href":"https:\/\/corrientesdetarde.com\/index.php\/wp-json\/wp\/v2\/posts\/93607\/revisions\/93664"}],"wp:featuredmedia":[{"embeddable":true,"href":"https:\/\/corrientesdetarde.com\/index.php\/wp-json\/wp\/v2\/media\/93663"}],"wp:attachment":[{"href":"https:\/\/corrientesdetarde.com\/index.php\/wp-json\/wp\/v2\/media?parent=93607"}],"wp:term":[{"taxonomy":"category","embeddable":true,"href":"https:\/\/corrientesdetarde.com\/index.php\/wp-json\/wp\/v2\/categories?post=93607"},{"taxonomy":"post_tag","embeddable":true,"href":"https:\/\/corrientesdetarde.com\/index.php\/wp-json\/wp\/v2\/tags?post=93607"}],"curies":[{"name":"wp","href":"https:\/\/api.w.org\/{rel}","templated":true}]}}