{"id":93633,"date":"2023-10-08T11:53:37","date_gmt":"2023-10-08T14:53:37","guid":{"rendered":"https:\/\/corrientesdetarde.com\/?p=93633"},"modified":"2023-10-08T11:53:48","modified_gmt":"2023-10-08T14:53:48","slug":"inter-miami-afuera-de-los-playoff-cuanto-tiempo-podria-estar-lionel-messi-sin-jugar","status":"publish","type":"post","link":"https:\/\/corrientesdetarde.com\/index.php\/deportes\/inter-miami-afuera-de-los-playoff-cuanto-tiempo-podria-estar-lionel-messi-sin-jugar\/","title":{"rendered":"Inter Miami afuera de los playoff: cu\u00e1nto tiempo podr\u00eda estar Lionel Messi sin jugar"},"content":{"rendered":"\n<p>El conjunto del Tata Martino se qued\u00f3 afuera de la postemporada de la MLS y el astro argentino podr\u00eda quedarse un largo rato sin f\u00fatbol a nivel clubes.<\/p>\n\n\n\n<p><strong>Inter Miami<\/strong>, con\u00a0<strong>Lionel Messi<\/strong>\u00a0que ingres\u00f3 a los 10 del complemento,<strong>\u00a0perdi\u00f3 1-0\u00a0Cincinnati<\/strong>, en el DRV PNK Stadium, en el marco de la<strong>\u00a0fecha 37 de la Major League Soccer (MLS) y se qued\u00f3 fuera de los playoff.<\/strong><\/p>\n\n\n\n<p>De local en Florida,&nbsp;<strong>\u00c1lvaro Barreal puso el 1-0 para los visitantes<\/strong>&nbsp;a los 33 de la segunda parte. De esta manera, el equipo de Gerardo Martino, que qued\u00f3 pen\u00faltimo de la Conferencia Este con 33 puntos, finalizar\u00e1 su camino en el torneo cuando&nbsp;<strong>visite al Charlotte FC en el Bank of America Stadium.<\/strong>&nbsp;Adem\u00e1s, tiene que recibir al mismo equipo por la fecha 27 postergada.<\/p>\n\n\n\n<p><strong>El astro argentino ingres\u00f3 a los 9 minutos del complemento por su compatriota ex Racing Tom\u00e1s Avil\u00e9s,&nbsp;<\/strong>que sinti\u00f3 una molestia y debi\u00f3 salir. Volvi\u00f3 a sumar minutos luego de cuatro partidos con ausencias, incluida la final de US Open.&nbsp;<\/p>\n\n\n\n<h2 class=\"wp-block-heading\">El calendario de Lionel Messi en Inter Miami<\/h2>\n\n\n\n<p>El capit\u00e1n de la Selecci\u00f3n argentina volver\u00e1 a ser convocado para la doble fecha de octubre, con partidos el 12 y 17 de octubre.&nbsp;<strong>Despu\u00e9s tendr\u00e1 una importante agenda de partidos por la MLS, aunque podr\u00eda perderse alguno de los dos partidos.&nbsp;<\/strong><\/p>\n\n\n\n<ul class=\"wp-block-list\"><li><strong>Inter Miami<\/strong>-Charlotte FC | Fecha 27 de la MLS (postergada) | D\u00eda y hora:&nbsp;<strong>18 de octubre a las 21<\/strong><\/li><li>Charlotte FC-<strong>Inter Miami&nbsp;<\/strong>| Fecha 38 de la MLS | D\u00eda y hora: 21 de octubre a las 19<\/li><\/ul>\n\n\n\n<h2 class=\"wp-block-heading\">&nbsp;Cu\u00e1nto tiempo podr\u00eda estar Lionel Messi sin jugar<\/h2>\n\n\n\n<p>En caso de no clasificarse a los playoffs de la MLS,<strong>&nbsp;Inter Miami&nbsp;<\/strong>y<strong>&nbsp;Lionel&nbsp;Messi&nbsp;<\/strong>podr\u00edan quedarse sin partidos oficiales por&nbsp;<strong>cuatro meses<\/strong>, ya que no habr\u00e1 competencia en Estados Unidos para la franquicia de Florida desde fines de octubre hasta fines de febrero.&nbsp;<\/p>\n\n\n\n<p>En otras ocasiones, figuras como David Beckham y Thierry Henry, en condiciones similares, fueron cedidos a clubes de Europa para no perder ritmo.<\/p>\n","protected":false},"excerpt":{"rendered":"<p>El conjunto del Tata Martino se qued\u00f3 afuera de la postemporada de la MLS y el astro argentino podr\u00eda quedarse un largo rato sin f\u00fatbol a nivel clubes. Inter Miami,&hellip; <\/p>\n","protected":false},"author":4,"featured_media":93659,"comment_status":"closed","ping_status":"open","sticky":false,"template":"","format":"standard","meta":{"footnotes":""},"categories":[4],"tags":[],"class_list":["post-93633","post","type-post","status-publish","format-standard","has-post-thumbnail","hentry","category-deportes"],"_links":{"self":[{"href":"https:\/\/corrientesdetarde.com\/index.php\/wp-json\/wp\/v2\/posts\/93633","targetHints":{"allow":["GET"]}}],"collection":[{"href":"https:\/\/corrientesdetarde.com\/index.php\/wp-json\/wp\/v2\/posts"}],"about":[{"href":"https:\/\/corrientesdetarde.com\/index.php\/wp-json\/wp\/v2\/types\/post"}],"author":[{"embeddable":true,"href":"https:\/\/corrientesdetarde.com\/index.php\/wp-json\/wp\/v2\/users\/4"}],"replies":[{"embeddable":true,"href":"https:\/\/corrientesdetarde.com\/index.php\/wp-json\/wp\/v2\/comments?post=93633"}],"version-history":[{"count":1,"href":"https:\/\/corrientesdetarde.com\/index.php\/wp-json\/wp\/v2\/posts\/93633\/revisions"}],"predecessor-version":[{"id":93660,"href":"https:\/\/corrientesdetarde.com\/index.php\/wp-json\/wp\/v2\/posts\/93633\/revisions\/93660"}],"wp:featuredmedia":[{"embeddable":true,"href":"https:\/\/corrientesdetarde.com\/index.php\/wp-json\/wp\/v2\/media\/93659"}],"wp:attachment":[{"href":"https:\/\/corrientesdetarde.com\/index.php\/wp-json\/wp\/v2\/media?parent=93633"}],"wp:term":[{"taxonomy":"category","embeddable":true,"href":"https:\/\/corrientesdetarde.com\/index.php\/wp-json\/wp\/v2\/categories?post=93633"},{"taxonomy":"post_tag","embeddable":true,"href":"https:\/\/corrientesdetarde.com\/index.php\/wp-json\/wp\/v2\/tags?post=93633"}],"curies":[{"name":"wp","href":"https:\/\/api.w.org\/{rel}","templated":true}]}}