{"id":93652,"date":"2023-10-08T11:43:12","date_gmt":"2023-10-08T14:43:12","guid":{"rendered":"https:\/\/corrientesdetarde.com\/?p=93652"},"modified":"2023-10-08T11:43:24","modified_gmt":"2023-10-08T14:43:24","slug":"independiente-igualo-ante-argentinos-mantiene-su-invicto-y-sigue-como-lider","status":"publish","type":"post","link":"https:\/\/corrientesdetarde.com\/index.php\/deportes\/independiente-igualo-ante-argentinos-mantiene-su-invicto-y-sigue-como-lider\/","title":{"rendered":"Independiente igual\u00f3 ante Argentinos, mantiene su invicto y sigue como l\u00edder"},"content":{"rendered":"\n<p>Fue 0 a 0. El conjunto de Carlos Tevez\u00a0acumula 15 puntos como l\u00edder de la zona A y a dos puntos est\u00e1n River y Col\u00f3n con un partido menos.<\/p>\n\n\n\n<p><strong>Independiente igual\u00f3 sin goles ante Argentinos,<\/strong>&nbsp;como visitante, en el partido correspondiente a la octava fecha de la Copa de la Liga Profesional y<strong>&nbsp;perdi\u00f3 la chance de estirar la ventaja como \u00fanico puntero.<\/strong><\/p>\n\n\n\n<p>Con este resultado,<strong>&nbsp;el Rojo acumula 15 puntos como l\u00edder de la zona A y a dos puntos est\u00e1n River y Col\u00f3n<\/strong>&nbsp;con un partido menos. Mientras que&nbsp;<strong>Argentinos qued\u00f3 con 12 puntos<\/strong>, quinto en la tabla.<\/p>\n\n\n\n<p>En un intenso primer tiempo, el conjunto dirigido por Carlos Tevez mostr\u00f3 dominio en el juego, presion\u00f3 a Argentinos en su \u00e1rea y avis\u00f3, primero con Federico Mancuello, que defini\u00f3 por arriba del arquero, pero la pelota peg\u00f3 en el travesa\u00f1o.<\/p>\n\n\n\n<figure class=\"wp-block-embed is-type-rich is-provider-twitter wp-block-embed-twitter\"><div class=\"wp-block-embed__wrapper\">\n<blockquote class=\"twitter-tweet\" data-width=\"550\" data-dnt=\"true\"><p lang=\"es\" dir=\"ltr\">ARDE LA TABLA ANUAL&#8230; pero no aparece Independiente: el Rojo sum\u00f3 vs. Argentinos y tiene 43 puntos, alejado de la zona de peligro. <a href=\"https:\/\/t.co\/lwjbPnhYFo\">pic.twitter.com\/lwjbPnhYFo<\/a><\/p>&mdash; SportsCenter (@SC_ESPN) <a href=\"https:\/\/twitter.com\/SC_ESPN\/status\/1710845864212566322?ref_src=twsrc%5Etfw\">October 8, 2023<\/a><\/blockquote><script async src=\"https:\/\/platform.twitter.com\/widgets.js\" charset=\"utf-8\"><\/script>\n<\/div><\/figure>\n\n\n\n<p>Dos minutos despu\u00e9s,<strong>&nbsp;Alexis Arias atrap\u00f3 sobre la l\u00ednea el cabezazo de Mat\u00edas Gim\u00e9nez<\/strong>&nbsp;y se qued\u00f3 con el primer grito del conjunto de Avellaneda. Despu\u00e9s, Alexis Canelo le dio un pase a Federico Mancuello y su dispar\u00f3 pas\u00f3 al lado del palo.<\/p>\n\n\n\n<p>Sobre el final, el equipo de Pablo Guede se anim\u00f3 y mediante una jugada colectiva,&nbsp;<strong>Alan Rodriguez qued\u00f3 mano a mano con Rodrigo Rey quien despej\u00f3 la pelota<\/strong>, seguido Mauricio Isla la mand\u00f3 al c\u00f3rner. Al descanso sin sacarse ventaja.<\/p>\n\n\n\n<p>En el complemento, Argentiinos busc\u00f3 lastimar en el \u00e1rea del visitante pero la buena predisposici\u00f3n de Rey y una s\u00f3lida defensa, impidieron que puedan romper el cero.<\/p>\n\n\n\n<p>En los minutos restantes, el partido entr\u00f3 en una meseta donde ambo equipo se prestaron la pelota sin profundidad en los \u00faltimos metros.&nbsp;<strong>A los 31 minutos, Mat\u00edas Gim\u00e9nez encontr\u00f3 espacio y sac\u00f3 un remate que se fue al segundo palo. &nbsp;<\/strong><\/p>\n\n\n\n<p>Luego de la doble fecha de las Eliminatorias Sudamericanas,<strong>\u00a0Independiente recibir\u00e1 a Barracas Central<\/strong>\u00a0el mi\u00e9rcoles 18 a las 21 y<strong>\u00a0Argentinos visitar\u00e1 a Gimnasia<\/strong>\u00a0el jueves 19 desde las 16.<\/p>\n\n\n\n<figure class=\"wp-block-embed is-type-video is-provider-youtube wp-block-embed-youtube wp-embed-aspect-16-9 wp-has-aspect-ratio\"><div class=\"wp-block-embed__wrapper\">\n<iframe loading=\"lazy\" title=\"\u00a1PARTIDAZO Y EMPATE ENTRE EL BICHO Y EL ROJO! | Argentinos 0-0 Independiente | RESUMEN\" width=\"1110\" height=\"624\" src=\"https:\/\/www.youtube.com\/embed\/cm62WJ6fFOQ?feature=oembed\" frameborder=\"0\" allow=\"accelerometer; autoplay; clipboard-write; encrypted-media; gyroscope; picture-in-picture; web-share\" allowfullscreen><\/iframe>\n<\/div><\/figure>\n\n\n\n<h2 class=\"wp-block-heading\">Esta es la s\u00edntesis de Argentinos Jrs vs. Independiente por la Copa de la Liga Profesional:&nbsp;<\/h2>\n\n\n\n<p><strong>Copa de la Liga Profesional 2023<\/strong><br><strong>Fecha 8 \u2013 Zona A<\/strong><br><strong>Argentinos 0 &#8211;&nbsp; Independiente 0<\/strong><br><strong>Estadio:&nbsp;<\/strong>Diego Armando Maradona<br><strong>\u00c1rbitro:<\/strong>&nbsp;Nicol\u00e1s Ram\u00edrez.<br><strong>VAR:<\/strong>&nbsp;H\u00e9ctor Paletta.<\/p>\n\n\n\n<p><br><strong>Argentinos:<\/strong>&nbsp;Alexis Mart\u00edn Arias; Javier Cabrera, Marco Di C\u00e9sare, , Lucas Villalba y Jonatan Galv\u00e1n; Francisco Gonz\u00e1lez Metilli, Federico Redondo y Alan Rodr\u00edguez; Franco Moyano, Santiago Montiel y Luciano Gondou. DT: Pablo Guede.<br><br><strong>Independiente:<\/strong>&nbsp;Rodrigo Rey; Mauricio Isla, Felipe Aguilar, Joaqu\u00edn Laso, Cristian B\u00e1ez y Dami\u00e1n P\u00e9rez, Iv\u00e1n Marcone; Braian Mart\u00ednez y Federico Mancuello; Mat\u00edas Gim\u00e9nez y Alexis Canelo. DT Carlos Tevez.<\/p>\n\n\n\n<p><strong>Cambios en el segundo tiempo:<\/strong>&nbsp;9m L. Heredia por F.G. Metilli (A), 11m L. Gonzalez por F. Mancuello (I), 28m D. Mart\u00ednez por B.Mart\u00ednez (I), 38m G. Veron por F. Moyano,&nbsp; M. Torren por M.Di Cesare y&nbsp; L. Gonzalez por J. Galvan (A).&nbsp;<\/p>\n","protected":false},"excerpt":{"rendered":"<p>Fue 0 a 0. El conjunto de Carlos Tevez\u00a0acumula 15 puntos como l\u00edder de la zona A y a dos puntos est\u00e1n River y Col\u00f3n con un partido menos. Independiente&hellip; <\/p>\n","protected":false},"author":4,"featured_media":93653,"comment_status":"closed","ping_status":"open","sticky":false,"template":"","format":"standard","meta":{"footnotes":""},"categories":[4],"tags":[],"class_list":["post-93652","post","type-post","status-publish","format-standard","has-post-thumbnail","hentry","category-deportes"],"_links":{"self":[{"href":"https:\/\/corrientesdetarde.com\/index.php\/wp-json\/wp\/v2\/posts\/93652","targetHints":{"allow":["GET"]}}],"collection":[{"href":"https:\/\/corrientesdetarde.com\/index.php\/wp-json\/wp\/v2\/posts"}],"about":[{"href":"https:\/\/corrientesdetarde.com\/index.php\/wp-json\/wp\/v2\/types\/post"}],"author":[{"embeddable":true,"href":"https:\/\/corrientesdetarde.com\/index.php\/wp-json\/wp\/v2\/users\/4"}],"replies":[{"embeddable":true,"href":"https:\/\/corrientesdetarde.com\/index.php\/wp-json\/wp\/v2\/comments?post=93652"}],"version-history":[{"count":1,"href":"https:\/\/corrientesdetarde.com\/index.php\/wp-json\/wp\/v2\/posts\/93652\/revisions"}],"predecessor-version":[{"id":93654,"href":"https:\/\/corrientesdetarde.com\/index.php\/wp-json\/wp\/v2\/posts\/93652\/revisions\/93654"}],"wp:featuredmedia":[{"embeddable":true,"href":"https:\/\/corrientesdetarde.com\/index.php\/wp-json\/wp\/v2\/media\/93653"}],"wp:attachment":[{"href":"https:\/\/corrientesdetarde.com\/index.php\/wp-json\/wp\/v2\/media?parent=93652"}],"wp:term":[{"taxonomy":"category","embeddable":true,"href":"https:\/\/corrientesdetarde.com\/index.php\/wp-json\/wp\/v2\/categories?post=93652"},{"taxonomy":"post_tag","embeddable":true,"href":"https:\/\/corrientesdetarde.com\/index.php\/wp-json\/wp\/v2\/tags?post=93652"}],"curies":[{"name":"wp","href":"https:\/\/api.w.org\/{rel}","templated":true}]}}